{"id":107,"date":"1998-05-06T23:57:35","date_gmt":"1998-05-06T21:57:35","guid":{"rendered":"https:\/\/blog.fnlp.fr\/?p=107"},"modified":"2020-01-14T11:12:06","modified_gmt":"2020-01-14T10:12:06","slug":"obscurantisme-jecris-ton-nom","status":"publish","type":"post","link":"https:\/\/blog.fnlp.fr\/?p=107","title":{"rendered":"obscurantisme, j\u2019\u00e9cris ton nom &#8230;"},"content":{"rendered":"<div class=\"texte\">\n<h5><img loading=\"lazy\" decoding=\"async\" class=\"size-medium wp-image-73 alignleft\" src=\"https:\/\/blog.fnlp.fr\/wp-content\/uploads\/2020\/01\/images-150x150.jpg\" alt=\"\" width=\"150\" height=\"150\" \/>par G\u00e9rald Cusin<\/h5>\n<p class=\"spip\">L\u2019obscurantisme nous dit le Robert, c\u2019est l\u2019hostilit\u00e9 aux \u00ab\u00a0lumi\u00e8res\u00a0\u00bb, opposition \u00e0 la diffusion de l\u2019instruction et de la culture dans le peuple. Les obscurantistes, c\u2019est-\u00e0-dire les partisans de l\u2019obscurantisme, sont l\u00e9gions dans notre monde.<\/p>\n<p class=\"spip\">On connaissait D\u00e9j\u00e0 le fameux \u00ab\u00a0Heureux les pauvres d\u2019esprits&#8230;\u00a0\u00bb.<\/p>\n<p class=\"spip\">L\u2019histoire qui suit est plut\u00f4t lamentable. Un journal de P\u00e9kin rapporte qu\u2019un castreur de porc chinois, traumatis\u00e9 de ne pas avoir d\u2019enfant, a provoqu\u00e9 la mort de sa femme st\u00e9rile en l\u2019op\u00e9rant lui-m\u00eame, fort de son exp\u00e9rience m\u00e9dicale acquise aupr\u00e8s des truies. Imaginant que l\u2019appareil g\u00e9nital de la femme \u00e9tait similaire \u00e0 celui des truies, le paysan, un certain Zhao Shuixiang, parvint \u00e0 convaincre son \u00e9pouse de se laisser op\u00e9rer \u00e0 l\u2019aide des instruments &#8211; non st\u00e9rilis\u00e9s &#8211; qu\u2019il utilisait habituellement pour les cochons. Apr\u00e8s lui avoir administr\u00e9 une dose de soporifique, il lui attacha les bras et les jambes \u00e0 quatre pieux, plant\u00e9s dans le sol, exactement comme il avait l\u2019habitude de proc\u00e9der avec les porcs, avant de lui ouvrir le bas ventre.<\/p>\n<p class=\"spip\">Je vous passe les d\u00e9tails. Apr\u00e8s tout, il s\u2019agit d\u2019un malheureux vivant dans une province recul\u00e9e.<\/p>\n<p class=\"spip\">Par contre, le Dr. Koenig, lui, est loin d\u2019\u00eatre un arri\u00e9r\u00e9. Professeur \u00e0 l\u2019Universit\u00e9 Duke, en Caroline du Nord. Il est le coauteur d\u2019une \u00e9tude qui tend \u00e0 \u00ab\u00a0d\u00e9montrer\u00a0\u00bb que les risques d\u2019accidents cardio-vasculaires sont moins forts apr\u00e8s la soixantaine chez les croyants que chez les ath\u00e9es et autres agnostiques. Rien de moins. \u00ab\u00a0L\u2019\u00e9tude\u00a0\u00bb, rapporte la d\u00e9p\u00eache de l\u2019Associated Press, \u00ab\u00a0publi\u00e9e dans le dernier num\u00e9ro de l\u2019International Journal of Psychiatry in Medicine, n\u2019\u00e9tablit toutefois pas un lien de cause \u00e0 effet entre foi et bonne sant\u00e9. Elle constate que les personnes religieuses sont moins d\u00e9prim\u00e9es, ont un syst\u00e8me immunitaire plus robuste et parviennent mieux \u00e0 faire face aux probl\u00e8mes de d\u00e9pendance que les autres\u00a0\u00bb. Et le Dr. Koenig d\u2019ajouter\u00a0: \u00ab\u00a0Nous sommes simplement mieux inform\u00e9s sur le fait que les croyances ou pratiques religieuses ne sont pas mauvaises pour la sant\u00e9\u00a0\u00bb.<\/p>\n<p class=\"spip\">Je suis toujours \u00e9tonn\u00e9 d\u2019apprendre que ceux qui croient en la vie \u00e9ternelle apr\u00e8s la mort, au paradis, ont plus de chance de vivre longtemps que ceux qui n\u2019y croient pas. Je ne vois pas bien l\u2019int\u00e9r\u00eat puisque le but \u00e0 atteindre est de quitter au plus vite cette vall\u00e9e de larmes. Il y a arnaque, \u00e0 mon avis.<\/p>\n<p class=\"spip\">Autre exemple d\u2019arnaque divine\u00a0: Il est question de b\u00e9atifier l\u2019architecte espagnol Gaudi. L\u2019archev\u00eaque de Barcelone, Ricard -Maria Carles, affirme que Gaudi, qui a consacr\u00e9 les 40 derni\u00e8res ann\u00e9es de sa vie \u00e0 la construction de l\u2019impressionnante \u00e9glise de la Sagrada Familia de Barcelone, \u00e9tait inspir\u00e9 dans son travail par une foi profonde. Or, Gaudi n\u2019a jamais pu terminer sa construction. Il a \u00e9t\u00e9 tu\u00e9 dans un accident de tramway en 1926. Et on appelle cela la Providence\u00a0! C\u2019est comme ce malheureux pr\u00eatre italien mort le jour de P\u00e2ques, assomm\u00e9 par les cloches qu\u2019il faisait sonner et dont je parlais dans une derni\u00e8re rubrique. A la limite, on se demanderait si Dieu existe vraiment.<\/p>\n<p class=\"spip\">Un autre obscurantiste, et non des moindres, Jean-Marie Lustiger, dont on se rappelle sans doute la brillante contribution au progr\u00e8s de l\u2019humanit\u00e9, lorsqu\u2019il attribuait la Shoah aux Lumi\u00e8res du XVIII\u00e8me si\u00e8cle, consid\u00e8re que les JMJ ont \u00e9t\u00e9 la manifestation \u00ab\u00a0proph\u00e9tique\u00a0\u00bb de la jeunesse contre le mercantilisme\u00a0: \u00ab\u00a0l\u2019actualit\u00e9 nous livre d\u2019autres \u00e9v\u00e9nements pr\u00e9monitoires que les JMJ\u00a0\u00bb, en citant \u00ab\u00a0les love parade, comme celle de Berlin, o\u00f9 des centaines de milliers de jeunes, dans un carnaval d\u00e9brid\u00e9 de musique techno, foulent aux pieds la civilisation marchande qui les pi\u00e8ge\u00a0\u00bb. Il trouve \u00e9galement un autre signe de \u00ab\u00a0cette immense soif de v\u00e9rit\u00e9, de g\u00e9n\u00e9rosit\u00e9\u00a0\u00bb, et aussi \u00ab\u00a0de l\u2019audace n\u00e9cessaire \u00e0 tout engagement\u00a0\u00bb, dans \u00ab\u00a0les massacres en Asie et en Afrique, o\u00f9 les strat\u00e9gies politiques se servent du radicalisme de la jeunesse\u00a0\u00bb. Le r\u00f4le jou\u00e9 par les partisans de sa propore Eglise dans les massacres entre ethnies, fait sans doute partie \u00e9galement de cette immense soif de g\u00e9n\u00e9rosit\u00e9.<\/p>\n<p class=\"spip\">Un qui ne foule pas aux pieds la civilisation marchande, c\u2019est son bon coll\u00e8gue Michele Giordano, cardinal de Naples, fr\u00e8re d\u2019un usurier qui pr\u00eatait \u00e0 mille pour cent mis en examen pour des transferts de fonds douteux, et sur le compte bancaire du-quel il versait des milliards de lires (\u00ab\u00a0pour l\u2019aider\u00a0\u00bb). L\u2019IOR, la banque du Vatican, serait \u00e9galement mouill\u00e9e dans l\u2019affaire.<\/p>\n<p class=\"spip\">Un autre qui ne rechigne pas non plus \u00e0 user des m\u00e9thodes qui font de la jeunesse des \u00ab\u00a0h\u00e9ritiers sans h\u00e9ritage de cette fin de mill\u00e9naire\u00a0\u00bb (sic Lustiger), c\u2019est Wojtila. Le Vatican va se lancer dans la production de clips vid\u00e9o musicaux. Le premier en chantier, raconte la vie du pape, de son enfance en Pologne quand il jouait au football \u00e0 sa rencontre avec Fidel Castro. Le second sortira en septembre \u00e0 l\u2019occasion de la mort de m\u00e8re Teresa. On ignore qui tiendra le r\u00f4le de M\u00e8re Teresa. Madona aurait \u00e9t\u00e9 pr\u00e9ssentie. Quant \u00e0 Wojtyla jeune jouant au football on parle de Zidane\u00a0[<a id=\"nh1\" class=\"spip_note\" title=\"[1] c'est une blague ...\" href=\"http:\/\/geraldcusin.free.fr\/spip.php?article49#nb1\" name=\"nh1\">1<\/a>] .<\/p>\n<\/div>\n<div class=\"notes\">\n<h4>Notes<\/h4>\n<p class=\"spip_note\">[<a class=\"spip_note\" title=\"info notes 1\" href=\"http:\/\/geraldcusin.free.fr\/spip.php?article49#nh1\" name=\"nb1\">1<\/a>] c\u2019est une blague &#8230;<\/p>\n<\/div>\n","protected":false},"excerpt":{"rendered":"<div class=\"mh-excerpt\"><p>par G\u00e9rald Cusin L\u2019obscurantisme nous dit le Robert, c\u2019est l\u2019hostilit\u00e9 aux \u00ab\u00a0lumi\u00e8res\u00a0\u00bb, opposition \u00e0 la diffusion de l\u2019instruction et de la culture dans le peuple. <a class=\"mh-excerpt-more\" href=\"https:\/\/blog.fnlp.fr\/?p=107\" title=\"obscurantisme, j\u2019\u00e9cris ton nom &#8230;\">[&#8230;]<\/a><\/p>\n<\/div>","protected":false},"author":1,"featured_media":108,"comment_status":"closed","ping_status":"closed","sticky":false,"template":"","format":"standard","meta":{"footnotes":""},"categories":[4,48,21,9],"tags":[],"class_list":["post-107","post","type-post","status-publish","format-standard","has-post-thumbnail","hentry","category-antidogmatisme","category-en-direct-du-xxie-siecle","category-gerald-cusin","category-humour"],"_links":{"self":[{"href":"https:\/\/blog.fnlp.fr\/index.php?rest_route=\/wp\/v2\/posts\/107","targetHints":{"allow":["GET"]}}],"collection":[{"href":"https:\/\/blog.fnlp.fr\/index.php?rest_route=\/wp\/v2\/posts"}],"about":[{"href":"https:\/\/blog.fnlp.fr\/index.php?rest_route=\/wp\/v2\/types\/post"}],"author":[{"embeddable":true,"href":"https:\/\/blog.fnlp.fr\/index.php?rest_route=\/wp\/v2\/users\/1"}],"replies":[{"embeddable":true,"href":"https:\/\/blog.fnlp.fr\/index.php?rest_route=%2Fwp%2Fv2%2Fcomments&post=107"}],"version-history":[{"count":1,"href":"https:\/\/blog.fnlp.fr\/index.php?rest_route=\/wp\/v2\/posts\/107\/revisions"}],"predecessor-version":[{"id":109,"href":"https:\/\/blog.fnlp.fr\/index.php?rest_route=\/wp\/v2\/posts\/107\/revisions\/109"}],"wp:featuredmedia":[{"embeddable":true,"href":"https:\/\/blog.fnlp.fr\/index.php?rest_route=\/wp\/v2\/media\/108"}],"wp:attachment":[{"href":"https:\/\/blog.fnlp.fr\/index.php?rest_route=%2Fwp%2Fv2%2Fmedia&parent=107"}],"wp:term":[{"taxonomy":"category","embeddable":true,"href":"https:\/\/blog.fnlp.fr\/index.php?rest_route=%2Fwp%2Fv2%2Fcategories&post=107"},{"taxonomy":"post_tag","embeddable":true,"href":"https:\/\/blog.fnlp.fr\/index.php?rest_route=%2Fwp%2Fv2%2Ftags&post=107"}],"curies":[{"name":"wp","href":"https:\/\/api.w.org\/{rel}","templated":true}]}}