{"id":111,"date":"1999-03-07T00:01:44","date_gmt":"1999-03-06T23:01:44","guid":{"rendered":"https:\/\/blog.fnlp.fr\/?p=111"},"modified":"2020-01-14T11:11:57","modified_gmt":"2020-01-14T10:11:57","slug":"leglise-catholique-et-romaine-est-mouillee-jusquau-cou","status":"publish","type":"post","link":"https:\/\/blog.fnlp.fr\/?p=111","title":{"rendered":"L\u2019\u00c9GLISE CATHOLIQUE ET ROMAINE EST MOUILL\u00c9E JUSQU\u2019AU COU"},"content":{"rendered":"<div class=\"texte\">\n<h4><img loading=\"lazy\" decoding=\"async\" class=\"size-medium wp-image-73 alignleft\" src=\"https:\/\/blog.fnlp.fr\/wp-content\/uploads\/2020\/01\/images-150x150.jpg\" alt=\"\" width=\"150\" height=\"150\" \/>par G\u00e9rald Cusin<\/h4>\n<p class=\"spip\">Le 11 janvier de l\u2019an de gr\u00e2ce 1999, le pape a rendu \u00e0 C\u00e9sar ce qui appartenait \u00e0 C\u00e9sar. Sa Saintet\u00e9 sanctifiante a donn\u00e9 sa b\u00e9n\u00e9diction officielle \u00e0 l\u2019euro dont il esp\u00e8re qu\u2019il contribuera \u00e0 forger la destin\u00e9e commune de l\u2019Europe\u00a0: \u00ab\u00a0La transition vers une seule monnaie et l\u2019\u00e9largissement \u00e0 l\u2019Est donnera sans nul doute \u00e0 l\u2019Europe la possibilit\u00e9 de se transformer en une v\u00e9ritable communaut\u00e9 dot\u00e9e d\u2019une m\u00eame destin\u00e9e, une \u00ab\u00a0authentique communaut\u00e9 europ\u00e9enne\u00a0\u00bb, a-t-il dit aux diplomates accr\u00e9dit\u00e9s du Saint-Si\u00e8ge. \u00ab\u00a0C\u2019est, en tout \u00e9tat de chose, l\u2019un de mes voeux les plus chers. Ce qui suppose naturellement que les pays membres soient en mesure de r\u00e9concilier leur Histoire avec un m\u00eame projet commun, de mani\u00e8re \u00e0 se consid\u00e9rer entre eux comme des partenaires \u00e9gaux dont le but est la poursuite du bien commun\u00a0\u00bb. En vertu du vieil adage \u00ab\u00a0Faites ce que je dis, mais pas ce que je fais\u00a0\u00bb, on apprend que le service des eaux de la municipalit\u00e9 de Rome r\u00e9clame 23 millions de dollars (130 millions de francs, soit 19 millions d\u2019euro b\u00e9nis) au Vatican pour le traitement de ses eaux us\u00e9es.<\/p>\n<p class=\"spip\">On pensait jusque l\u00e0 que les ratichons de ce pseudo Etat ne se lavaient jamais. C\u2019\u00e9tait, vue la facture, ignoble calomnie issue de bouffeurs de cur\u00e9s r\u00e9trogrades. Il est vrai que l\u2019eau servant aussi pour le bapt\u00eame, on peut consid\u00e9rer que toute cette eau ne s\u2019est pas us\u00e9e en vain.<\/p>\n<p class=\"spip\">Ce n\u2019est pas tout\u00a0: le porte-parole du Vatican, Joaquin Navarro-Valls a expliqu\u00e9 samedi 16 janvier que la \u00ab\u00a0ville-\u00e9tat\u00a0\u00bb a le droit de ne pas payer ses factures d\u2019eau&#8230; depuis le trait\u00e9 du Latran de 1929\u00a0!<\/p>\n<p class=\"spip\">On peut donc en conclure que \u00ab r\u00e9concilier l\u2019Histoire avec un m\u00eame projet commun \u00bb inclut la p\u00e9riode du fascisme mussolinien dont se r\u00e9clame ainsi l\u2019\u00c9glise [<a id=\"nh1\" class=\"spip_note\" title=\"[1] je ne r\u00e9siste pas \u00e0 vous faire savoir que, comme il ne paye pas l'eau, le (...)\" href=\"http:\/\/geraldcusin.free.fr\/spip.php?article43#nb1\" name=\"nh1\">1<\/a>], grande pourfendeuse des ennemis des droits de l\u2019Homme comme chacun sait.<\/p>\n<p class=\"spip\">L\u2019\u00c9tat italien, pour l\u2019instant, s\u2019en lave les mains, comme de bien entendu.<\/p>\n<p class=\"spip\">A propos des droits de l\u2019Homme, l\u2019ineffable Popaul a frapp\u00e9 tr\u00e8s fort. Toujours devant le parterre assoiff\u00e9 de belles paroles que constituent les diplomates d\u00e9l\u00e9gu\u00e9s au Vatican et parmi eux le cul b\u00e9ni fran\u00e7ais dont nous parlions dans une pr\u00e9c\u00e9dente rubrique, il a critiqu\u00e9 les tentatives de mise \u00e0 l\u2019\u00e9cart de l\u2019\u00c9glise de la sph\u00e8re non religieuse dans les pays occidentaux et l\u2019absence d\u2019un r\u00e9el pluralisme religieux dans certains pays d\u2019Europe centrale et de l\u2019Est. Il a par ailleurs d\u00e9nonc\u00e9 les \u00ab formes graves de discrimination \u00bb dont sont victimes \u00ab dans des r\u00e9gions o\u00f9 l\u2019islam est majoritaire \u00bb les \u00ab fid\u00e8les d\u2019autres religions \u00bb<\/p>\n<p class=\"spip\">Cette demande (forte comme on dit maintenant) de cl\u00e9ricalisme et de libert\u00e9, n\u2019inclut pas la possibilit\u00e9 pour ceux qui ne sont les fid\u00e8les d\u2019aucune religion, de pouvoir s\u2019exprimer. C\u2019est ainsi que l\u2019archev\u00eaque de Saint-Louis (Missouri) a obtenu l\u2019interdiction d\u2019un site Internet qui pr\u00e9tendait critiquer la venue du Pape dans cette ville \u00e0 la fin janvier. Ce site \u00e9tait &#8211; para\u00eet-il &#8211; \u00e0 caract\u00e8re pornographique, et rapportait des informations &#8211; para\u00eet-il fausses &#8211; sur des scandales sexuels li\u00e9s au Vatican, ainsi que \u00ab\u00a0des plaisanteries de mauvais go\u00fbt sur le pape\u00a0\u00bb.<\/p>\n<p class=\"spip\">Inutile de vous pr\u00e9cipiter sur votre ordinateur pour taper , j\u2019ai essay\u00e9 : on ne peut plus y acc\u00e9der. Tant pis. Par contre, vous pouvez essayer , qui est le site officiel de l\u2019archev\u00each\u00e9 de St-Louis, d\u00e9sign\u00e9 par la Cour comme le seul apte \u00e0 donner des informations sur la visite du Ducce du Vatican. \u00c9videmment, je vous pr\u00e9viens tout de suite, c\u2019est moins dr\u00f4le.<\/p>\n<p class=\"spip\">D\u00e9cid\u00e9ment, certains m\u00e8nent la vie dure \u00e0 ce malheureux vieillard. Puisque je sais que vous aimez les histoire croustillantes, en voici une autre.<\/p>\n<p class=\"spip\">Prochainement va s\u2019ouvrir un proc\u00e8s aux \u00c9tats-Unis, qu\u2019on pourrait qualifier de proc\u00e8s du voleur vol\u00e9. Tout commence en 1988. Le dominicain irlandais L\u00e9onard Boyle, pr\u00e9fet de la Biblioth\u00e8que du Bain de si\u00e8ge (pardon, du Saint-Si\u00e8ge, mais avec toutes ces histoires d\u2019eau&#8230;) avait sign\u00e9 avec une femme d\u2019affaires am\u00e9ricaine, originaire de Californie, Elaine Peconi, un accord pour une exploitation commerciale des images et des copies des tr\u00e9sors vaticanesques, le tout dans le but de recueillir des fonds pour informatiser la dite biblioth\u00e8que. Oubliant que la femme est l\u2019instrument du serpent, le moine avait constitu\u00e9 avec elle une soci\u00e9t\u00e9 \u00ab Cortile del Belvere \u00bb en y investissant des fonds du Saint-Si\u00e8ge. Un entrepreneur californien Leroy Carier III s\u2019\u00e9tait joint \u00e0 l\u2019entreprise, mais il a d\u00e9couvert -sans doute moins na\u00eff que le porteur de froc &#8211; que Mme Peconi consacrait cet argent&#8230; \u00e0 la construction d\u2019une villa princi\u00e8re. Il a port\u00e9 plainte. Le Vatican a \u00e9t\u00e9 condamn\u00e9 \u00e0 verser plus de 10 millions de dollars. Les accords du Latran ne s\u2019y opposent pas, semble-t-il. L\u00e0 o\u00f9 cela se corse, c\u2019est que le moine, sans doute paillard pour avoir succomb\u00e9 aux charmes de la Signora, avait par ailleurs sign\u00e9 un autre contrat assurant \u00e0 la donzelle les droits sur les images de la Biblioth\u00e8que, jusqu\u2019en 2024. Le Vatican a d\u00e9clar\u00e9 nul cet accord, et l\u2019am\u00e9ricaine le poursuit donc devant les tribunaux de son pays en r\u00e9clamant des dommages et int\u00e9r\u00eats.<\/p>\n<p class=\"spip\">La Biblioth\u00e8que du Vatican, fond\u00e9e il y a de cela six si\u00e8cles par le pape Nicolas V, abrite dans ses 15 000 m\u00e8tres de couloir quelque 150 000 manuscrits et codes enlumin\u00e9s, dont la plupart ont \u00e9t\u00e9 pill\u00e9s ici ou l\u00e0. il est assez r\u00e9jouissant de voir son successeur, Jean-Paul II, fulminer contre cette atteinte aux \u00ab\u00a0biens pr\u00e9cieux et inestimables du Saint-Si\u00e8ge\u00a0\u00bb qu\u2019il sagit de \u00ab\u00a0prot\u00e9ger jalousement\u00a0\u00bb et \u00ab\u00a0dont ne peut disposer, \u00e9videmment, que le souverain pontife lui-m\u00eame\u00a0\u00bb.<\/p>\n<p class=\"spip\">Il serait peut-\u00eatre d\u2019actualit\u00e9 de proposer \u00e0 la ville de Rome de bloquer les \u00e9gouts qui proviennent du Vatican, afin que cette \u00e9curie d\u2019Augias se noie dans son eau de vaisselle.<\/p>\n<p class=\"spip\">On peut toujours r\u00eaver.<\/p>\n<\/div>\n<div class=\"notes\">\n<h5>Notes<\/h5>\n<p class=\"spip_note\">[<a class=\"spip_note\" title=\"info notes 1\" href=\"http:\/\/geraldcusin.free.fr\/spip.php?article43#nh1\" name=\"nb1\">1<\/a>] je ne r\u00e9siste pas \u00e0 vous faire savoir que, comme il ne paye pas l\u2019eau, le pape peut facilement se ducce &#8230;<\/p>\n<\/div>\n","protected":false},"excerpt":{"rendered":"<div class=\"mh-excerpt\"><p>par G\u00e9rald Cusin Le 11 janvier de l\u2019an de gr\u00e2ce 1999, le pape a rendu \u00e0 C\u00e9sar ce qui appartenait \u00e0 C\u00e9sar. Sa Saintet\u00e9 sanctifiante <a class=\"mh-excerpt-more\" href=\"https:\/\/blog.fnlp.fr\/?p=111\" title=\"L\u2019\u00c9GLISE CATHOLIQUE ET ROMAINE EST MOUILL\u00c9E JUSQU\u2019AU COU\">[&#8230;]<\/a><\/p>\n<\/div>","protected":false},"author":1,"featured_media":112,"comment_status":"closed","ping_status":"closed","sticky":false,"template":"","format":"standard","meta":{"footnotes":""},"categories":[6,4,48,21,9],"tags":[],"class_list":["post-111","post","type-post","status-publish","format-standard","has-post-thumbnail","hentry","category-anticlericalisme","category-antidogmatisme","category-en-direct-du-xxie-siecle","category-gerald-cusin","category-humour"],"_links":{"self":[{"href":"https:\/\/blog.fnlp.fr\/index.php?rest_route=\/wp\/v2\/posts\/111","targetHints":{"allow":["GET"]}}],"collection":[{"href":"https:\/\/blog.fnlp.fr\/index.php?rest_route=\/wp\/v2\/posts"}],"about":[{"href":"https:\/\/blog.fnlp.fr\/index.php?rest_route=\/wp\/v2\/types\/post"}],"author":[{"embeddable":true,"href":"https:\/\/blog.fnlp.fr\/index.php?rest_route=\/wp\/v2\/users\/1"}],"replies":[{"embeddable":true,"href":"https:\/\/blog.fnlp.fr\/index.php?rest_route=%2Fwp%2Fv2%2Fcomments&post=111"}],"version-history":[{"count":1,"href":"https:\/\/blog.fnlp.fr\/index.php?rest_route=\/wp\/v2\/posts\/111\/revisions"}],"predecessor-version":[{"id":113,"href":"https:\/\/blog.fnlp.fr\/index.php?rest_route=\/wp\/v2\/posts\/111\/revisions\/113"}],"wp:featuredmedia":[{"embeddable":true,"href":"https:\/\/blog.fnlp.fr\/index.php?rest_route=\/wp\/v2\/media\/112"}],"wp:attachment":[{"href":"https:\/\/blog.fnlp.fr\/index.php?rest_route=%2Fwp%2Fv2%2Fmedia&parent=111"}],"wp:term":[{"taxonomy":"category","embeddable":true,"href":"https:\/\/blog.fnlp.fr\/index.php?rest_route=%2Fwp%2Fv2%2Fcategories&post=111"},{"taxonomy":"post_tag","embeddable":true,"href":"https:\/\/blog.fnlp.fr\/index.php?rest_route=%2Fwp%2Fv2%2Ftags&post=111"}],"curies":[{"name":"wp","href":"https:\/\/api.w.org\/{rel}","templated":true}]}}