{"id":115,"date":"1999-10-07T00:08:35","date_gmt":"1999-10-06T22:08:35","guid":{"rendered":"https:\/\/blog.fnlp.fr\/?p=115"},"modified":"2020-01-14T11:10:59","modified_gmt":"2020-01-14T10:10:59","slug":"malheur-a-celui-par-qui-le-scandale-arrive-le-diable-de-delain-suite-et-fin","status":"publish","type":"post","link":"https:\/\/blog.fnlp.fr\/?p=115","title":{"rendered":"Malheur \u00e0 celui par qui le scandale arrive ! (le diable de Delain, suite et fin ?)"},"content":{"rendered":"<div class=\"texte\">\n<h4><img loading=\"lazy\" decoding=\"async\" class=\"size-medium wp-image-73 alignleft\" src=\"https:\/\/blog.fnlp.fr\/wp-content\/uploads\/2020\/01\/images-150x150.jpg\" alt=\"\" width=\"150\" height=\"150\" \/>par G\u00e9rald Cusin<\/h4>\n<p class=\"spip\">J\u2019avais \u00e9voqu\u00e9, il y a quelques mois, l\u2019affaire du diable de Delain (Haute-Sa\u00f4ne). Qu\u2019on se rappelle\u00a0: pendant plusieurs semaines, la presse \u00e9crite et audiovisuelle avait fait ses choux gras de la pr\u00e9tendue pr\u00e9sence du diable dans l\u2019\u00e9glise\u00a0: statues bris\u00e9es, cierges \u00ab\u00a0qui volaient\u00a0\u00bb, bruits divers et intempestifs. L\u2019\u00e9v\u00each\u00e9 avait m\u00eame d\u00e9p\u00each\u00e9 \u00ab\u00a0fr\u00e8re Max\u00a0\u00bb, le pr\u00eatre exorciste du cru\u00a0: lequel affirmait avoir vu se d\u00e9placer des coupelles de cierge (Le Monde du 30\/10), et avait organis\u00e9 des s\u00e9ances de pri\u00e8res. Tout le monde, on se le rappelle, y allait de son interpr\u00e9tation. L\u2019un y voyait le retour de sa m\u00e8re, l\u2019autre affirmait que le d\u00e9placement d\u2019une estrade dans l\u2019\u00e9glise avait ouvert un passage au ma\u00eetre des enfers. Tous les satanistes, les sorciers et autres \u00e9sot\u00e9ristes arpentaient la grand\u2019rue avec leurs instruments pour d\u00e9nicher ce rural diablotin. \u00ab\u00a0On a beau ne pas \u00eatre croyant\u00a0\u00bb soulignait le maire adjoint, \u00ab\u00a0cela fait un dr\u00f4le de choc\u00a0\u00bb. Et le cur\u00e9, mi-figue mi-raisin, essayant de rapprocher les faits en \u00e9voquant le concert donn\u00e9 dans l\u2019\u00e9glise le dimanche pr\u00e9c\u00e9dent par l\u2019orchestre symphonique de Besan\u00e7on\u00a0: \u00ab\u00a0Si cela avait \u00e9t\u00e9 de la techno, je comprends \u00e0 la rigueur mais l\u00e0, c\u2019\u00e9tait tout ce qu\u2019il y a de plus classique, alors&#8230;\u00a0\u00bb<\/p>\n<p class=\"spip\">Quelques temps plus tard, on apprenait que c\u2019\u00e9tait le maire lui-m\u00eame, Thierry Marceaux, animateur social, qui \u00e9tait \u00e0 l\u2019origine de tout ce raffut. Jeudi 8 juillet, Thierry Marceaux a \u00e9t\u00e9 condamn\u00e9 par le tribunal correctionnel de Vesoul \u00e0 150 heures de travail d\u2019int\u00e9r\u00eat g\u00e9n\u00e9ral, pour \u00ab\u00a0destruction de biens appartenant \u00e0 autrui, vol et outrage \u00e0 personnes d\u00e9positaires de l\u2019autorit\u00e9 publique\u00a0\u00bb, en l\u2019occurrence la gendarmerie. Il l\u2019a \u00e9chapp\u00e9 belle, si j\u2019ose dire\u00a0: le minist\u00e8re public r\u00e9clamait quatre mois de prison avec sursis, privation des droits civiques et in\u00e9ligibilit\u00e9. Bigre\u00a0! Tiberi n\u2019a qu\u2019\u00e0 bien se tenir.<\/p>\n<p class=\"spip\">Finalement, pourquoi revenir sur ce fait divers\u00a0? C\u2019est qu\u2019on peut s\u2019interroger sur les v\u00e9ritables raisons pour lesquelles l\u2019ancien maire (qui d\u2019ailleurs a tout perdu, y compris son m\u00e9tier), a \u00e9t\u00e9 condamn\u00e9. Est-ce pour toute cette bimbeloterie cass\u00e9e\u00a0: vases\u00a0; ampoules \u00e9lectriques, d\u00e9capitation d\u2019une hideuse statue de vierge (selon le journal suisse <i class=\"spip\">le Temps<\/i>, \u00e9croulement de la statut de Fran\u00e7ois-Xavier, saint de son \u00e9tat\u00a0? C\u2019est quand m\u00eame un peu \u00e9trange. D\u2019une certaine mani\u00e8re le substitut du procureur a lev\u00e9 le li\u00e8vre\u00a0: Il a trouv\u00e9 un peu fort \u00ab\u00a0qu\u2019on se ridiculise dans la France enti\u00e8re et qu\u2019on outrage les gendarmes et la justice\u00a0\u00bb<\/p>\n<p class=\"spip\">Ce qu\u2019on fait payer \u00e0 Thierry Marceaux (que je ne connais ni d\u2019Adam ni d\u2019Eve, et dont j\u2019ignore totalement les motifs), c\u2019est de montrer que toute cette religion (comme les autres d\u2019ailleurs), n\u2019est qu\u2019une pitoyable farce.. Ah\u00a0! si le diable avait pu vraiment s\u2019en m\u00ealer\u00a0: nul doute que tous\u00a0: \u00e9v\u00eaque, corps constitu\u00e9s, repr\u00e9sentants de l\u2019Etat, auraient &#8211; comme ils le font pour M\u00e8re T\u00e9r\u00e9sa &#8211; applaudi et entonn\u00e9 des actions de gr\u00e2ce\u00a0! On aurait m\u00eame pu envisager de transformer ce petit village de 200 habitants en un nouveau Lourdes, ce qui aurait d\u00e9sengorg\u00e9 le premier\u00a0: On aurait pu offrir \u00e0 la foule b\u00ealante de nouveaux signes annonciateurs de ce XXI\u00e8me si\u00e8cle religieux. Le maire de Delain, aurait pu envisager le Conseil G\u00e9n\u00e9ral, peut-\u00eatre la d\u00e9putation. Nul doute que tous les partis institutionnels auraient fait des pieds et des mains pour qu\u2019il accepte de figurer sur leur liste.<\/p>\n<p class=\"spip\">Mais la presse, la t\u00e9l\u00e9vision, nationale et internationale, se sont d\u00e9plac\u00e9s &#8211; non pas en vain\u00a0: ils ont vendu du papier et augment\u00e9 leur indice d\u2019\u00e9coute &#8211;\u00a0; l\u2019\u00e9v\u00eaque a d\u00e9p\u00each\u00e9 son exorciste\u00a0: On n\u2019a pas pu conclure \u00ab\u00a0\u00e0 des ph\u00e9nom\u00e8nes inexpliqu\u00e9s\u00a0\u00bb comme pour les miracles de Lourdes. Ph\u00e9nom\u00e8nes inexpliqu\u00e9s qui auraient pu pendant longtemps alimenter le doute sacr\u00e9. Le souffl\u00e9 est tomb\u00e9. Et \u00e7a, personne ne le pardonnera jamais \u00e0 Thierry Marceaux. Il semble \u00eatre devenu une esp\u00e8ce de loque\u00a0: il se confesse tous les jours para\u00eet-il et est suivi en permanence par un pr\u00eatre exorciste (<i class=\"spip\">Le Parisien Lib\u00e9r\u00e9<\/i> du 9 juillet)\u00a0: peut-\u00eatre, l\u2019Eglise gardant toujours deux fers au feu, si on pouvait annoncer que Thierry Marceaux entrait dans les ordres, s\u2019enfermait \u00e0 vie dans une trappe, cela amoindrirait le manque \u00e0 gagner de l\u2019affaire de Delain. Cela ferait sentir le poids de la main de dieu, et ferait savoir aux petits plaisantins qui se moquent du sacr\u00e9, qu\u2019ils n\u2019ont qu\u2019\u00e0 bien se tenir. Et puis, si l\u2019exorciste suiveur pouvait faire appara\u00eetre que le diable de Delin avait pris possession du maire\u00a0: Quelle victoire sur les m\u00e9cr\u00e9ants\u00a0!, quel retournement de situation pour l\u2019exorciste qui s\u2019\u00e9tait fait poss\u00e9der\u00a0!, quelle aubaine, enfin, pour tous les partisans de l\u2019Ordre\u00a0!<\/p>\n<p class=\"spip\">Peut-\u00eatre que les 150 heures auxquelles Thierry Marceaux a \u00e9t\u00e9 condamn\u00e9, vont elles \u00eatre consacr\u00e9es \u00e0 aller de villes en villes pr\u00eacher la bonne parole, annoncer le repentir et r\u00e9clamer le pardon divin\u00a0: Pour s\u00fbr, du point de vue de tous les tenants du pouvoir, ce serait v\u00e9ritablement un travail d\u2019int\u00e9r\u00eat g\u00e9n\u00e9ral.<\/p>\n<\/div>\n","protected":false},"excerpt":{"rendered":"<div class=\"mh-excerpt\"><p>par G\u00e9rald Cusin J\u2019avais \u00e9voqu\u00e9, il y a quelques mois, l\u2019affaire du diable de Delain (Haute-Sa\u00f4ne). Qu\u2019on se rappelle\u00a0: pendant plusieurs semaines, la presse \u00e9crite <a class=\"mh-excerpt-more\" href=\"https:\/\/blog.fnlp.fr\/?p=115\" title=\"Malheur \u00e0 celui par qui le scandale arrive ! (le diable de Delain, suite et fin ?)\">[&#8230;]<\/a><\/p>\n<\/div>","protected":false},"author":1,"featured_media":106,"comment_status":"closed","ping_status":"closed","sticky":false,"template":"","format":"standard","meta":{"footnotes":""},"categories":[4,48,21,9],"tags":[],"class_list":["post-115","post","type-post","status-publish","format-standard","has-post-thumbnail","hentry","category-antidogmatisme","category-en-direct-du-xxie-siecle","category-gerald-cusin","category-humour"],"_links":{"self":[{"href":"https:\/\/blog.fnlp.fr\/index.php?rest_route=\/wp\/v2\/posts\/115","targetHints":{"allow":["GET"]}}],"collection":[{"href":"https:\/\/blog.fnlp.fr\/index.php?rest_route=\/wp\/v2\/posts"}],"about":[{"href":"https:\/\/blog.fnlp.fr\/index.php?rest_route=\/wp\/v2\/types\/post"}],"author":[{"embeddable":true,"href":"https:\/\/blog.fnlp.fr\/index.php?rest_route=\/wp\/v2\/users\/1"}],"replies":[{"embeddable":true,"href":"https:\/\/blog.fnlp.fr\/index.php?rest_route=%2Fwp%2Fv2%2Fcomments&post=115"}],"version-history":[{"count":2,"href":"https:\/\/blog.fnlp.fr\/index.php?rest_route=\/wp\/v2\/posts\/115\/revisions"}],"predecessor-version":[{"id":117,"href":"https:\/\/blog.fnlp.fr\/index.php?rest_route=\/wp\/v2\/posts\/115\/revisions\/117"}],"wp:featuredmedia":[{"embeddable":true,"href":"https:\/\/blog.fnlp.fr\/index.php?rest_route=\/wp\/v2\/media\/106"}],"wp:attachment":[{"href":"https:\/\/blog.fnlp.fr\/index.php?rest_route=%2Fwp%2Fv2%2Fmedia&parent=115"}],"wp:term":[{"taxonomy":"category","embeddable":true,"href":"https:\/\/blog.fnlp.fr\/index.php?rest_route=%2Fwp%2Fv2%2Fcategories&post=115"},{"taxonomy":"post_tag","embeddable":true,"href":"https:\/\/blog.fnlp.fr\/index.php?rest_route=%2Fwp%2Fv2%2Ftags&post=115"}],"curies":[{"name":"wp","href":"https:\/\/api.w.org\/{rel}","templated":true}]}}