{"id":119,"date":"1999-05-07T00:11:57","date_gmt":"1999-05-06T22:11:57","guid":{"rendered":"https:\/\/blog.fnlp.fr\/?p=119"},"modified":"2020-01-14T11:11:48","modified_gmt":"2020-01-14T10:11:48","slug":"moi-jai-dit-droits-de-lhomme-comme-cest-bizarre","status":"publish","type":"post","link":"https:\/\/blog.fnlp.fr\/?p=119","title":{"rendered":"Moi, j&rsquo;ai dit Droits de l&rsquo;Homme ? &#8230; Comme c&rsquo;est bizarre&#8230;"},"content":{"rendered":"<div class=\"texte\">\n<h4><img loading=\"lazy\" decoding=\"async\" class=\"size-medium wp-image-73 alignleft\" src=\"https:\/\/blog.fnlp.fr\/wp-content\/uploads\/2020\/01\/images-150x150.jpg\" alt=\"\" width=\"150\" height=\"150\" \/>par G\u00e9rald Cusin<\/h4>\n<p class=\"spip\">On a f\u00eat\u00e9 le jeudi 10 d\u00e9cembre 1998, le 50e anniversaire de la D\u00e9claration Universelle des Droits de l\u2019Homme. Du peloton dense de ses z\u00e9l\u00e9s d\u00e9fenseurs, se d\u00e9tachent deux personnalit\u00e9s particuli\u00e8rement comp\u00e9tentes. L\u2019une porte le maillot blanc avec kippa assortie de l\u2019\u00e9quipe Sainte-Trinit\u00e9, l\u2019autre le maillot safran\u00e9 et la coupe sp\u00e9ciale skinhead, de l\u2019\u00e9quipe secte jaune . Ces deux leaders sont reconnus unanimement par tout ce qui compte un peu sur cette plan\u00e8te.<\/p>\n<p class=\"spip\">Et c\u2019est avec raison\u00a0: Le premier, est le descendant d\u2019une vaste lign\u00e9e d\u2019inquisiteurs, de br\u00fbleurs de livres et d\u2019\u00eatres humains\u00a0; de potentats qui se signal\u00e8rent par une lutte sans faille contre les id\u00e9aux de la R\u00e9volution fran\u00e7aise &#8211; notamment en r\u00e9f\u00e9rence \u00e0 la D\u00e9claration des Droits de l\u2019Homme et du Citoyen\u00a0-, par le soutien actif \u00e0 Hitler, et \u00e0 tous les dictateurs qui agr\u00e9mentent le quotidien de l\u2019humanit\u00e9. Il est le chef d\u2019un Etat bidon, dont les r\u00e8gles d\u2019existence datent de la p\u00e9riode mussolinienne &#8211; c\u00e9l\u00e8bre pour son attachement visc\u00e9ral \u00e0 la libert\u00e9 individuelle\u00a0-, et qui ne peut \u00eatre membre de l\u2019ONU, car il ne respecte pas le minimum impos\u00e9, (m\u00eame formellement)\u00a0: libert\u00e9 d\u2019expression, libert\u00e9 de culte, libert\u00e9 d\u2019organisation, droits syndicaux. Il a tellement chang\u00e9 qu\u2019il vient de b\u00e9atifier un collaborateur av\u00e9r\u00e9 de l\u2019hitl\u00e9risme en Croatie\u00a0[<a id=\"nh1\" class=\"spip_note\" title=\"[1] St\u00e9pinak\" href=\"http:\/\/geraldcusin.free.fr\/spip.php?article42#nb1\" name=\"nh1\">1<\/a>].<\/p>\n<p class=\"spip\">L\u2019autre est un chef th\u00e9ocratique, r\u00e9incarnation universellement reconnue de Bouddha, et qui a r\u00e9gn\u00e9 sans partage sur une population de serfs aux ordres des clercs qui formaient la classe dominante d\u2019un pays qui, au milieu du XX\u00e8me si\u00e8cle, n\u2019\u00e9tait pas encore sorti du Moyen-\u00c2ge. Certes, ce pays est occup\u00e9 par la Chine\u00a0: mais la plupart des pays \u00ab\u00a0civilis\u00e9s\u00a0\u00bb, et le dala\u00ef-lama lui-m\u00eame, ne lui disputent pas ce plateau de 700 000 km\u00b2. Il souhaite une \u00ab\u00a0autonomie significative\u00a0\u00bb. Quant au gouvernement fran\u00e7ais &#8211; de Jacques Chirac \u00e0 Lionel Jospin, recevant officiellement ce chef de secte religieuse, au m\u00e9pris de la Loi de 1905, il a tenu \u00e0 rappeler par la voix officielle du quai d\u2019Orsay que\u00a0: \u00ab\u00a0Le Dala\u00ef Lama est une personnalit\u00e9 religieuse \u00e9minente et respect\u00e9e de la communaut\u00e9 internationale et du peuple fran\u00e7ais . Sa pr\u00e9sence est naturelle \u00e0 ce titre.\u00a0\u00bb, il a m\u00eame rajout\u00e9, pour mettre les points sur les i, que\u00a0: \u00ab\u00a0la France avait toujours reconnu que le Tibet faisait partie de la Chine\u00a0\u00bb.<\/p>\n<p class=\"spip\">Finalement, dans toutes ces grandioses manifestations qui font pleurer d\u2019\u00e9motion dans les chaumi\u00e8res m\u00e9diatiques , on aura juste oubli\u00e9 de demander au peuple tib\u00e9tain lui-m\u00eame ce qu\u2019il en pensait. On ne va perdre son temps en formalit\u00e9s.<\/p>\n<p class=\"spip\">Quant \u00e0 \u00ab\u00a0tunique blanche\u00a0\u00bb, pour qui les hommes ne sont que des cr\u00e9atures de dieu, et \u00e0 ce titre lui doivent enti\u00e8re soumission, il a affirm\u00e9, sans rire, que la D\u00e9claration Universelle des droits de l\u2019Homme avait assur\u00e9 \u00ab<em>\u00a0le d\u00e9veloppement du droit international\u00a0<\/em>\u00bb, et avait permis \u00e0 \u00ab\u00a0<em>des millions d\u2019hommes et de femmes de vivre dans davantage de dignit\u00e9<\/em>\u00a0\u00bb. Cette dignit\u00e9, on l\u2019aura compris, ne s\u2019\u00e9tend pas \u00e0 la libre disposition de son corps par le contr\u00f4le moderne des naissances (pilules, st\u00e9rilet, etc.) ou la pr\u00e9servation de sa sant\u00e9 et de sa vie (usage des pr\u00e9servatifs). D\u00e9cid\u00e9ment, les Droits de l\u2019Homme sont une chose trop s\u00e9rieuse pour les confier aux peuples.<\/p>\n<p class=\"spip\">Une rumeur persistante mais non confirm\u00e9e officiellement, laisserait entendre que nos deux grands champions auraient \u00e9t\u00e9 contr\u00f4l\u00e9s positivement \u00e0 l\u2019issue de cette course grandiose. Les fournisseurs de b\u00e9tadone se situeraient, selon une enqu\u00eate officieuse, dans les plus hautes sph\u00e8res des gouvernements \u00ab\u00a0d\u00e9mocratiques\u00a0\u00bb. Si ces bruits trouvaient confirmation, cela invaliderait nos deux h\u00e9ros pour les prochaines cinquante ann\u00e9es \u00e0 venir.<\/p>\n<h3 class=\"spip\">Rions un peu avec les saints gu\u00e9risseurs<\/h3>\n<p class=\"spip\">Pour terminer sur un sujet plus salubre, je ne r\u00e9siste pas \u00e0 aborder avec vous le grave probl\u00e8me des saints gu\u00e9risseurs, principal fleuron de cette grande religion monoth\u00e9iste qui fait de nous depuis Louis XIII, les enfants de la fille a\u00een\u00e9e de l\u2019\u00c9glise.<\/p>\n<p class=\"spip\">Pour commencer, deux r\u00e9f\u00e9rences incontournables qui vous permettront d\u2019aider au redressement du trou de la S\u00e9cu (quoique \u00ab\u00a0redresser un trou\u00a0\u00bb soit une image hardie).<\/p>\n<p class=\"spip\">On ne saurait aborder s\u00e9rieusement ce sujet, sans parler de Ste Appoline, vierge et martyre comme il se doit, et qui fut attach\u00e9e sur un taureau apr\u00e8s qu\u2019on lui ait arrach\u00e9 les dents (pas au taureau, \u00e0 la martyre\u00a0!)\u00a0: Elle prot\u00e8ge les enrag\u00e9s, c\u2019est-\u00e0-dire ceux qui souffrent des maux de dents et plus sp\u00e9cialement lors de la pousse des dents chez les nourrissons. Vous pouvez aller en p\u00e8lerinage en Normandie \u00e0 Ourville-la-Campagne, le 9 f\u00e9vrier. T\u00e9l\u00e9phonez cependant avant pour v\u00e9rifier que c\u2019est ouvert, afin d\u2019\u00e9viter de vous casser les dents.<\/p>\n<p class=\"spip\">On ne saurait non plus faire l\u2019impasse sur Saint-Exp\u00e9dit, l\u00e9gionnaire romain, martyr en Turquie en l\u2019an 303, et qui doit \u00e0 son seul nom (d\u2019ailleurs probablement mal traduit) le pouvoir de soigner rapidement les cas urgents. Dernier d\u00e9tail, il est repr\u00e9sent\u00e9 en g\u00e9n\u00e9ral en train d\u2019\u00e9craser un corbeau. Ne pourrait-on, gr\u00e2ce \u00e0 cela, faire de ce personnage, le saint patron de la Libre Pens\u00e9e ? Ce serait un symbole fort comme nous les aimons.<\/p>\n<\/div>\n<div class=\"notes\">\n<h5>Notes<\/h5>\n<p class=\"spip_note\">[<a class=\"spip_note\" title=\"info notes 1\" href=\"http:\/\/geraldcusin.free.fr\/spip.php?article42#nh1\" name=\"nb1\">1<\/a>] St\u00e9pinak<\/p>\n<\/div>\n","protected":false},"excerpt":{"rendered":"<div class=\"mh-excerpt\"><p>par G\u00e9rald Cusin On a f\u00eat\u00e9 le jeudi 10 d\u00e9cembre 1998, le 50e anniversaire de la D\u00e9claration Universelle des Droits de l\u2019Homme. Du peloton dense <a class=\"mh-excerpt-more\" href=\"https:\/\/blog.fnlp.fr\/?p=119\" title=\"Moi, j&rsquo;ai dit Droits de l&rsquo;Homme ? &#8230; Comme c&rsquo;est bizarre&#8230;\">[&#8230;]<\/a><\/p>\n<\/div>","protected":false},"author":1,"featured_media":120,"comment_status":"closed","ping_status":"closed","sticky":false,"template":"","format":"standard","meta":{"footnotes":""},"categories":[4,48,21,9],"tags":[],"class_list":["post-119","post","type-post","status-publish","format-standard","has-post-thumbnail","hentry","category-antidogmatisme","category-en-direct-du-xxie-siecle","category-gerald-cusin","category-humour"],"_links":{"self":[{"href":"https:\/\/blog.fnlp.fr\/index.php?rest_route=\/wp\/v2\/posts\/119","targetHints":{"allow":["GET"]}}],"collection":[{"href":"https:\/\/blog.fnlp.fr\/index.php?rest_route=\/wp\/v2\/posts"}],"about":[{"href":"https:\/\/blog.fnlp.fr\/index.php?rest_route=\/wp\/v2\/types\/post"}],"author":[{"embeddable":true,"href":"https:\/\/blog.fnlp.fr\/index.php?rest_route=\/wp\/v2\/users\/1"}],"replies":[{"embeddable":true,"href":"https:\/\/blog.fnlp.fr\/index.php?rest_route=%2Fwp%2Fv2%2Fcomments&post=119"}],"version-history":[{"count":1,"href":"https:\/\/blog.fnlp.fr\/index.php?rest_route=\/wp\/v2\/posts\/119\/revisions"}],"predecessor-version":[{"id":121,"href":"https:\/\/blog.fnlp.fr\/index.php?rest_route=\/wp\/v2\/posts\/119\/revisions\/121"}],"wp:featuredmedia":[{"embeddable":true,"href":"https:\/\/blog.fnlp.fr\/index.php?rest_route=\/wp\/v2\/media\/120"}],"wp:attachment":[{"href":"https:\/\/blog.fnlp.fr\/index.php?rest_route=%2Fwp%2Fv2%2Fmedia&parent=119"}],"wp:term":[{"taxonomy":"category","embeddable":true,"href":"https:\/\/blog.fnlp.fr\/index.php?rest_route=%2Fwp%2Fv2%2Fcategories&post=119"},{"taxonomy":"post_tag","embeddable":true,"href":"https:\/\/blog.fnlp.fr\/index.php?rest_route=%2Fwp%2Fv2%2Ftags&post=119"}],"curies":[{"name":"wp","href":"https:\/\/api.w.org\/{rel}","templated":true}]}}