{"id":151,"date":"2000-03-07T18:51:40","date_gmt":"2000-03-07T17:51:40","guid":{"rendered":"https:\/\/blog.fnlp.fr\/?p=151"},"modified":"2020-01-14T11:10:18","modified_gmt":"2020-01-14T10:10:18","slug":"chaines-publiques-chaines-bibliques","status":"publish","type":"post","link":"https:\/\/blog.fnlp.fr\/?p=151","title":{"rendered":"Cha\u00eenes publiques, cha\u00eenes bibliques"},"content":{"rendered":"<div class=\"texte\">\n<h4><img loading=\"lazy\" decoding=\"async\" class=\"size-medium wp-image-73 alignleft\" src=\"https:\/\/blog.fnlp.fr\/wp-content\/uploads\/2020\/01\/images-150x150.jpg\" alt=\"\" width=\"150\" height=\"150\" \/>par G\u00e9rald Cusin<\/h4>\n<p class=\"spip\">Ces journ\u00e9es de mars 2000 resteront-elles dans l\u2019histoire comme celles qui ont marqu\u00e9 un des grands moments de la r\u00e9sistance des citoyennes et citoyens de ce pays contre l\u2019horreur lib\u00e9rale destructrice\u00a0: retrait du plan antir\u00e9publicain de \u00ab\u00a0r\u00e9forme\u00a0\u00bb du syst\u00e8me fiscal, manifestations monstres des enseignants, des parents, des \u00e9l\u00e8ves contre l\u2019\u00e9clatement de l\u2019\u00e9cole publique, manifestation pour la d\u00e9fense de la sant\u00e9 des femmes\u00a0? En tous les cas, ce ne sera pas &#8211; une nouvelle fois &#8211; gr\u00e2ce aux moyens d\u2019informations pay\u00e9s par ces m\u00eames citoyennes et citoyens qu\u2019on aurait pu le savoir.<\/p>\n<p class=\"spip\">Par contre, si vous n\u2019aviez pas outre mesure eu envie de vous tenir inform\u00e9, quart d\u2019heure apr\u00e8s quart d\u2019heure des d\u00e9placements tremblotants du souverain Poussif en Jordanie et en Isra\u00ebl, il eut mieux valu pour vous dispara\u00eetre dans quelque lieu isol\u00e9, \u00e0 mille miles de tout lieu habit\u00e9.<\/p>\n<p class=\"spip\">Vous allez me dire que cela devient une habitude, surtout apr\u00e8s la mani\u00e8re parfaitement objective avec laquelle les medias avaient rendu compte des journ\u00e9es mondiales de la jeunesse catholique, frauduleusement baptis\u00e9es journ\u00e9es mondiales de la jeunesse tout court.<\/p>\n<p class=\"spip\">Certes, personne n\u2019est vraiment na\u00eff\u00a0: le voyage de Papasenile dans sa papamobile n\u2019avait dans le fond que peu de rapport avec le spirituel. Il s\u2019agissait de d\u00e9fendre et d\u2019\u00e9tendre les \u00ab\u00a0droits\u00a0\u00bb des communaut\u00e9s catholiques, et de participer \u00e0 l\u2019op\u00e9ration internationale visant une nouvelle fois \u00e0 emp\u00eacher les peuples &#8211; qu\u2019ils soient juifs ou palestiniens &#8211; \u00e0 disposer d\u2019eux-m\u00eames. N\u2019emp\u00eache, a-t-on d\u00fb se dire, pourquoi ne pas faire d\u2019une pierre deux coups et profiter de ce jubil\u00e9 de l\u2019an 2000 pour, encore un peu plus, enfoncer le clou de l\u2019obscurantisme\u00a0?<\/p>\n<p class=\"spip\">Ce fut chose faite\u00a0: Ainsi, vous pouviez entendre jusqu\u2019\u00e0 plus soif, sur France Inter, France Info, Antenne 2, FR3, et autres cha\u00eenes nationales, que\u00a0: \u00ab\u00a0le pape a dit une messe \u00e0 l\u2019endroit o\u00f9 J\u00e9sus est n\u00e9 il y a 2000 ans, (&#8230;.) Il s\u2019est rendu \u00e0 Korazim sur la colline o\u00f9 J\u00e9sus a choisi ses douze ap\u00f4tres, au mont des B\u00e9atitudes o\u00f9 J\u00e9sus a accompli le miracle de la multiplication des pains et des poissons\u00a0\u00bb\u00a0: 5000 personnes nourries avec 5 pains et 5 poissons\u00a0: d\u2019ailleurs, quand le pape s\u2019est relev\u00e9, apr\u00e8s avoir pri\u00e9 dans l\u2019\u00e9glise de la multiplication des pains, il y avait encore plein de miettes et d\u2019ar\u00eates sur sa soutane.<\/p>\n<p class=\"spip\">\u00c7a, y est, c\u2019est officiel\u00a0; on le savait certes d\u00e9j\u00e0 \u00e0 travers les livres d\u2019\u00e9cole o\u00f9 l\u2019histoire religieuse est impos\u00e9e \u00e0 nos gamins, mais c\u2019est d\u00e9sormais confirm\u00e9\u00a0: J\u00e9sus a fait des miracles, il est n\u00e9 \u00e0 B\u00e9thleem comme le prouve les registres de l\u2019\u00e9tat civil de la mairie du lieu. Il marche sur l\u2019eau, comme le prouvent les traces de pas laiss\u00e9s sur les poissons fossiles. C\u2019est en Galil\u00e9e que \u00ab\u00a0se sont d\u00e9roul\u00e9s certains des \u00e9v\u00e9nements les plus importants de la vie de J\u00e9sus\u00a0\u00bb\u00a0: C\u2019est vrai\u00a0!, la preuve c\u2019est qu\u2019ils l\u2019ont dit \u00e0 la radio et \u00e0 la t\u00e9l\u00e9, et tous ceux qui refusent cette V\u00e9rit\u00e9 Absolue sont des ringards et des niais.<\/p>\n<p class=\"spip\">Reprenant le \u00ab\u00a0sermon sur la montagne\u00a0\u00bb, qui est une des pierres de touche de la pens\u00e9e chr\u00e9tienne, Karol Wojtyla a invit\u00e9 la foule \u00e0 choisir entre le bien et le mal\u00a0: \u00ab\u00a0Il est \u00e9trange de constater, a-t-il d\u00e9clar\u00e9, que J\u00e9sus honore ceux qui sont g\u00e9n\u00e9ralement consid\u00e9r\u00e9s comme des faibles. Il leur dit \u00ab\u00a0B\u00e9nis soient les perdants, ils sont en v\u00e9rit\u00e9 les gagnants\u00a0: le royaume des cieux est \u00e0 eux\u00a0\u00bb. Donc, laissez faire ceux qui gagnent sur votre dos, ceux qui vous exploitent, ceux qui vous oppriment, ils ne l\u2019emporteront pas au paradis\u00a0: croyez-moi, et vous ne reviendrez pas pour me contredire.<\/p>\n<p class=\"spip\">Des envoy\u00e9s plus sp\u00e9ciaux les uns que les autres ont suivi pas \u00e0 pas &#8211; toujours \u00e0 vos frais, ne l\u2019oubliez pas &#8211; la d\u00e9marche chancelante du grand charlatan, attendant sans doute que le pape, \u00e0 son tour, fasse des miracles. Et bien, ils ont eu lieu\u00a0! Ainsi, il a rendu visite \u00e0 des palestiniens au camp de Dheicheh en Cisjordanie. A peine avait-il tourn\u00e9 le dos que de violentes \u00e9chauffour\u00e9es ont \u00e9clat\u00e9 entre factions palestiniennes rivales, partisans et adversaires du Fatah de Yasser Arafat, \u00e0 qui il venait d\u2019apporter son soutien personnel. Les accrochages se sont propag\u00e9s \u00e0 l\u2019ext\u00e9rieur du camp, situ\u00e9 pr\u00e8s de B\u00e9tl\u00e9em, et un commissariat de police a \u00e9t\u00e9 attaqu\u00e9 avec des jets de pierre\u00a0: A n\u2019en pas douter c\u2019est la multiplication des pains qui recommen\u00e7ait\u00a0!<\/p>\n<p class=\"spip\">Autre miracle, et non des moindres\u00a0: Au m\u00e9morial de l\u2019Holocauste, il a prononc\u00e9 un discours dans lequel il a compl\u00e8tement d\u00e9douan\u00e9 l\u2019Eglise catholique de sa lourde responsabilit\u00e9 face aux atrocit\u00e9s nazies. Il est vrai que, dans la mesure o\u00f9 cela devient une habitude, on ne peut plus vraiment parler de miracle. L\u2019Eglise passe son temps \u00e0 s\u2019auto-pardonner pour tous les nombreux crimes qu\u2019elle a commis \u00e0 travers les si\u00e8cles et pour lesquels on a &#8211; et l\u00e0, sans conteste possible &#8211; toutes les preuves historiques qu\u2019on peut souhaiter.<\/p>\n<p class=\"spip\">C\u2019est beau, l\u2019Eglise reconna\u00eet ses erreurs, et elle a raison de dire qu\u2019elle s\u2019est toujours tromp\u00e9e.<\/p>\n<\/div>\n","protected":false},"excerpt":{"rendered":"<div class=\"mh-excerpt\"><p>par G\u00e9rald Cusin Ces journ\u00e9es de mars 2000 resteront-elles dans l\u2019histoire comme celles qui ont marqu\u00e9 un des grands moments de la r\u00e9sistance des citoyennes <a class=\"mh-excerpt-more\" href=\"https:\/\/blog.fnlp.fr\/?p=151\" title=\"Cha\u00eenes publiques, cha\u00eenes bibliques\">[&#8230;]<\/a><\/p>\n<\/div>","protected":false},"author":1,"featured_media":152,"comment_status":"closed","ping_status":"closed","sticky":false,"template":"","format":"standard","meta":{"footnotes":""},"categories":[6,4,48,21],"tags":[],"class_list":["post-151","post","type-post","status-publish","format-standard","has-post-thumbnail","hentry","category-anticlericalisme","category-antidogmatisme","category-en-direct-du-xxie-siecle","category-gerald-cusin"],"_links":{"self":[{"href":"https:\/\/blog.fnlp.fr\/index.php?rest_route=\/wp\/v2\/posts\/151","targetHints":{"allow":["GET"]}}],"collection":[{"href":"https:\/\/blog.fnlp.fr\/index.php?rest_route=\/wp\/v2\/posts"}],"about":[{"href":"https:\/\/blog.fnlp.fr\/index.php?rest_route=\/wp\/v2\/types\/post"}],"author":[{"embeddable":true,"href":"https:\/\/blog.fnlp.fr\/index.php?rest_route=\/wp\/v2\/users\/1"}],"replies":[{"embeddable":true,"href":"https:\/\/blog.fnlp.fr\/index.php?rest_route=%2Fwp%2Fv2%2Fcomments&post=151"}],"version-history":[{"count":1,"href":"https:\/\/blog.fnlp.fr\/index.php?rest_route=\/wp\/v2\/posts\/151\/revisions"}],"predecessor-version":[{"id":153,"href":"https:\/\/blog.fnlp.fr\/index.php?rest_route=\/wp\/v2\/posts\/151\/revisions\/153"}],"wp:featuredmedia":[{"embeddable":true,"href":"https:\/\/blog.fnlp.fr\/index.php?rest_route=\/wp\/v2\/media\/152"}],"wp:attachment":[{"href":"https:\/\/blog.fnlp.fr\/index.php?rest_route=%2Fwp%2Fv2%2Fmedia&parent=151"}],"wp:term":[{"taxonomy":"category","embeddable":true,"href":"https:\/\/blog.fnlp.fr\/index.php?rest_route=%2Fwp%2Fv2%2Fcategories&post=151"},{"taxonomy":"post_tag","embeddable":true,"href":"https:\/\/blog.fnlp.fr\/index.php?rest_route=%2Fwp%2Fv2%2Ftags&post=151"}],"curies":[{"name":"wp","href":"https:\/\/api.w.org\/{rel}","templated":true}]}}