{"id":18,"date":"2017-09-06T11:56:34","date_gmt":"2017-09-06T09:56:34","guid":{"rendered":"https:\/\/blog.fnlp.fr\/?p=18"},"modified":"2020-01-09T00:02:59","modified_gmt":"2020-01-08T23:02:59","slug":"arsenic-et-vieilles-ficelles-n4","status":"publish","type":"post","link":"https:\/\/blog.fnlp.fr\/?p=18","title":{"rendered":"Arsenic et vieilles ficelles N\u00b04"},"content":{"rendered":"<h5><img loading=\"lazy\" decoding=\"async\" class=\"size-full wp-image-52 alignleft\" src=\"https:\/\/blog.fnlp.fr\/wp-content\/uploads\/2017\/10\/29346274347_15990a2431_q.jpg\" alt=\"\" width=\"150\" height=\"150\" \/>par Christian Eyschen<\/h5>\n<h4>Le site internet Atlantico, Guylain Chevrier et Benoit Rayski<\/h4>\n<h2>Les nostalgiques de la Guerre froide<\/h2>\n<blockquote><p>La prise de position de la <strong>Libre Pens\u00e9e<\/strong> soutenant la d\u00e9cision du Tribunal administratif de Dijon annulant la d\u00e9cision de la municipalit\u00e9 de <strong>Chalon-sur-Sa\u00f4ne<\/strong> de supprimer les repas de substitution, notamment pour les enfants de familles juives et musulmanes, n\u2019a pas fait que des heureux. C\u2019est le moins que l\u2019on puisse dire.<\/p>\n<p>Chassez le naturel, il revient au galop\u2026<\/p><\/blockquote>\n<h3>Chassez le doriotiste, il revient avec son uniforme vert-de-gris..<\/h3>\n<p>Sans citer ouvertement la <strong>Libre Pens\u00e9e<\/strong>, le d\u00e9nomm\u00e9 <strong>Guylain Chevrier<\/strong>, ex(?)-collaborateur du site doriotiste <em><strong>Riposte la\u00efque<\/strong><\/em>, aujourd\u2019hui s\u00e9vissant sur le site <em><strong>Atlantico<\/strong><\/em>, le bien-nomm\u00e9, a pris son clairon pour d\u00e9noncer tous ceux qui revendiquent que ne pas forcer un enfant \u00e0 manger ce qu\u2019il ne veut pas, c\u2019est \u00eatre au service du communautarisme et de la <em>\u00ab\u00a0diff\u00e9rence des droits\u00a0\u00bb<\/em>. Pas moins.<\/p>\n<p>Il y a des gens qui marchent au pas de l\u2019oie dans leur t\u00eate et pour qui la <em>\u00ab\u00a0la\u00efcit\u00e9\u00a0\u00bb<\/em> est synonyme d\u2019uniformit\u00e9, voire d\u2019uniforme. <em>\u00ab\u00a0Tous pareils tous soumis\u00a0\u00bb<\/em> \u00e0 la pens\u00e9e unique\u2026La leur, bien s\u00fbr. Les jours de f\u00eate, on parade avec ceux qui disent, haut et fier, <em>\u00ab\u00a0la la\u00efcit\u00e9 n\u2019est pas une opinion, c\u2019est\u00a0 la libert\u00e9 d\u2018en avoir une\u00a0\u00bb<\/em> et les jours de semaine, c\u2019est:\u00a0<em>\u00ab\u00a0Je ne veux voir qu\u2019une t\u00eate\u00a0\u00bb<\/em>, la mienne. On connaissait <strong>Ren\u00e9 Descartes<\/strong> qui disait\u00a0:\u00a0<em>\u00ab\u00a0Je pense, donc je suis\u00a0\u00bb<\/em>, on conna\u00eet aussi les totalitaires\u00a0:\u00a0<em>\u00ab\u00a0Je pense, donc tu suis\u00a0\u00bb<\/em>.<\/p>\n<p><img loading=\"lazy\" decoding=\"async\" class=\"aligncenter\" src=\"https:\/\/www.fnlp.fr\/uploads\/images\/articles\/arsenic4\/berger-mouton.jpg\" alt=\"\" width=\"550\" height=\"358\" \/><\/p>\n<p>La la\u00efcit\u00e9, c\u2019est le respect absolu de la libert\u00e9 de conscience. Forcer des personnes \u00e0 manger ce qu\u2019elles refusent (on n\u2019a pas \u00e0 discuter de leurs motivations, sinon c\u2019est leur disputer l\u2019exercice de la libert\u00e9 de conscience), en quoi est-ce le respect de leur conscience\u00a0? Forcer des \u00e9l\u00e8ves est-il un facteur de libert\u00e9\u00a0? La la\u00efcit\u00e9, c\u2019est l\u2019affirmation de la volont\u00e9 d\u2019\u00e9mancipation. O\u00f9 est l\u2019\u00e9mancipation dans un tel comportement totalitaire\u00a0?<\/p>\n<p>En proposant des repas de substitution (non certifi\u00e9s religieusement) \u00e0 tous, on respecte \u00e0 la fois la libert\u00e9 de conscience et la la\u00efcit\u00e9 de l\u2019Ecole publique. On ne distingue personne, on ne s\u00e9pare personne, on permet seulement un choix culinaire. Imposer que tout le monde mange \u00e0 la\u00a0m\u00eame assiette, c\u2019est imposer une contrainte contraire \u00e0 la libert\u00e9 de chacun. C\u2019est une d\u00e9cision totalitaire.<\/p>\n<h3>Apr\u00e8s la disparition de l\u2019URSS, l\u2019Occident chr\u00e9tien doit\u00a0 imp\u00e9rativement d\u00e9signer un nouvel ennemi\u00a0: l\u2019Islam<\/h3>\n<p>Certains, sinon beaucoup, ont toujours des difficult\u00e9s \u00e0 exister par eux-m\u00eames. Il leur faut absolument avoir un ennemi sur qui d\u00e9verser leur bile et leur haine. Cela s\u2019appelle justifier \u00ab\u00a0de ses \u00e9tats de service\u00a0\u00bb. Sinon, \u00e0 quoi serviraient-ils\u00a0?<\/p>\n<p>Dans cette guerre permanente, d\u2019un autre temps, il n\u2019est sans doute pas un hasard qu\u2019un site internet propageant la haine et la r\u00e9action se soit intitul\u00e9 Atlantico, pour rappeler l\u2019<strong>Organisation du Trait\u00e9 Nord-Atlantique<\/strong> (OTAN ou NATO) visant \u00e0 lutter <em>\u00ab\u00a0contre le diable communiste\u00a0\u00bb<\/em>. Ce site donne ainsi la parole \u00e0 un x\u00e9nophobe d\u2019envergure <strong>Benoit Rayski<\/strong>. Laissons ses pairs, <em><strong>Riposte La\u00efque<\/strong><\/em>, site doriotiste et x\u00e9nophobe bien connu, le pr\u00e9senter\u00a0: <em>\u00ab\u00a0<strong>Benoit Rayski<\/strong>, que nous adorons \u00e0 <strong>Riposte R\u00e9publicaine<\/strong> (sous-chapelle de <strong>Riposte la\u00efque<\/strong>), lisons r\u00e9guli\u00e8rement et relayons avec d\u00e9lectation sur notre site bien souvent, a eu l\u2019heureuse id\u00e9e de s\u2019en prendre \u00e0 la chose <strong>Schiappa (Marl\u00e8ne)<\/strong>, avec l\u2019humour, l\u2019esprit, la culture et la langue, tous d\u00e9licieux, qui le caract\u00e9risent\u00a0\u00bb<\/em>. Tout est dit\u2026 ou presque.<\/p>\n<p>Pour appr\u00e9cier pleinement <em>\u00ab\u00a0l\u2019humour, l\u2019esprit, la culture\u00a0\u00bb<\/em> de <strong>Benoit Rayski<\/strong>, qui les conjugue \u00e0 la fa\u00e7on de <strong>Joseph Goebbels<\/strong>, on doit rappeler qu\u2019insultant \u00e0 tel point <strong>Marl\u00e8ne Schiappa<\/strong>, il dut s\u2019en excuser publiquement. Il avait \u00e9t\u00e9 trop loin, m\u00eame pour ses commanditaires. Le <strong>SA<\/strong> n\u2019est pas toujours fin, loin s\u2019en faut.<\/p>\n<p>Rien ne l\u2019arr\u00eate, m\u00eame pas la m\u00e9moire de son p\u00e8re, <strong>Adam Rayski<\/strong>, qui fut un authentique r\u00e9sistant au nazisme, combattant dans les <strong>FTP-MOI<\/strong> et qui fut le premier \u00e0 rappeler que le premier journal \u00e0 avoir publi\u00e9, au cours de la Seconde Guerre mondiale, ce qui se passait \u00e0 <strong>Auschwitz<\/strong>, \u00e9tait <em><strong>La V\u00e9rit\u00e9<\/strong><\/em> clandestine, journal des trotskystes.<\/p>\n<p>Il ne faut pas attendre cette hauteur de vue intellectuelle de la part du fils qui est du genre <em>\u00ab\u00a0bottes \u00e0 clous et bas du front\u00a0\u00bb<\/em>. Il poursuit de sa haine atrabilaire et quelque peu d\u00e9rang\u00e9e, la Secr\u00e9taire d\u2019Etat \u00e0 l\u2019\u00e9galit\u00e9 Hommes\/Femmes. Voici quelques titres de ses <em>\u00ab\u00a0poulets au vinaigre\u00a0\u00bb<\/em> dans <em><strong>Atlantico<\/strong><\/em>\u00a0: \u00ab<em>\u00a0Et la palme de l\u2019islamo-compatibilit\u00e9 au sein du gouvernement est attribu\u00e9e \u00e0 Marl\u00e8ne Schiappa\u00a0! \u00bb\u00a0(20 mai 2017), ou encore \u00ab\u00a0Finkielkraut a os\u00e9 critiquer Marl\u00e8ne Schiappa. Hou le vilain\u00a0!\u00a0\u00bb<\/em>\u00a0 (31 mai 2017). On a les amis qu\u2019on m\u00e9rite.<\/p>\n<p>Sa haine n\u2019a aucune limite, il en appelle ouvertement \u00e0 la ratonnade\u00a0:\u00a0<em>\u00ab\u00a0Les tueurs et les candidats pour le devenir se ramassent \u00e0 la pelle. Il y en a plein \u00e0 <strong>Molenbeek<\/strong>, plein du c\u00f4t\u00e9 de la gare de <strong>Bruxelles<\/strong>, un quartier enti\u00e8rement noir de la couleur des burqas qu\u2019on y croise.\u00a0En France, il y en a tout autant. Appliquant les th\u00e9ories guerri\u00e8res de <strong>Mao Zedong<\/strong>, ils sont comme des poissons dans l\u2019eau au sein de populations qui, par crainte ou par solidarit\u00e9, taisent leur pr\u00e9sence, et, bon gr\u00e9 mal gr\u00e9, les prot\u00e8gent.\u00a0C\u2019est l\u00e0 qu\u2019il faut aller. Immeuble apr\u00e8s immeuble, cage d\u2019escalier apr\u00e8s cage d\u2019escalier, pour les traquer et en tout cas pour les emp\u00eacher de dormir tranquillement, blottis contre leur kalachnikov.\u00a0Oui, nous aussi nous avons, et depuis plus longtemps que les Belges, des morts \u00e0 venger. <strong>Fran\u00e7ois Hollande<\/strong> d\u00e9noncera \u00e9videmment les <\/em>\u00ab\u00a0l\u00e2ches attentats\u00a0\u00bb<em> de Bruxelles et le gouvernement belge promettra de \u00ab\u00a0ch\u00e2tier s\u00e9v\u00e8rement les coupables\u00a0\u00bb. Des mots, rien que des mots. A peu pr\u00e8s aussi inop\u00e9rants que les bombes que nous larguons \u2013 sans risque et sans gloire \u2013 sur les combattants de <strong>Daech<\/strong>.<\/em><\/p>\n<p><em>Les assassins ne sont pas l\u00e0-bas. Ils sont chez nous. De chez nous. Ils ne sont pas comme nous. Et nous ne sommes pas comme eux. Donc pas question de leur ressembler. Mais il nous faut \u00eatre sans complaisance et aussi sans compr\u00e9hension coupable, avec ceux qui les soutiennent et qui les abritent. Quand il y a trop de poissons dans l\u2019eau, c\u2019est \u00e0 l\u2019eau qu\u2019il faut s\u2019attaquer. <strong>Fouiller, perquisitionner, stigmatiser (oui, stigmatiser !) sans rel\u00e2che, en permanence<\/strong>. Pas dans l\u2019espoir tr\u00e8s al\u00e9atoire de trouver les assassins et leurs complices imm\u00e9diats. Juste pour faire comprendre \u00e0 tous ceux qui pratiquent l\u2019omerta qu\u2019ils n\u2019auront plus d\u00e9sormais la vie tranquille. La peur doit changer de camp. Et alors, qui sait l\u2019eau finira par expulser les poissons \u00e0 qui elle permet g\u00e9n\u00e9reusement de faire \u00ab\u00a0plouf plouf\u00a0\u00bb\u00a0\u00bb<\/em> (22 mars 2017).\u00a0Le style, c\u2019est l\u2019homme. Et l\u2019Homme est un fou furieux d\u00e9lirant.<\/p>\n<p>En clair, tous les musulmans sont responsables des terroristes assassins, ils les prot\u00e8gent. Ils sont coupables. <strong>Encore un effort Benoit\u00a0!<\/strong> Propose de prendre des otages et de les fusiller, comme au bon vieux temps\u00a0! Ah, <strong>Aussaresses<\/strong>, comme tu nous manques\u2026<\/p>\n<p><strong>Benoit Rayski<\/strong> est un d\u00e9fenseur de l\u2019Occident chr\u00e9tien, qu\u2019on se le dise. Le 15 ao\u00fbt 2017, date symbolique pour le christianisme, il publie un \u00ab\u00a0billet\u00a0\u00bb faisant force gloire et publicit\u00e9 \u00e0 une obscure association <em><strong>La France de Marianne<\/strong><\/em>, bas\u00e9e \u00e0 Parthenay (79). Les libres penseurs n\u2019ont rien contre Parthenay o\u00f9 ils ont jadis tenus congr\u00e8s. Mais, pour le coup, comment ne pas\u00a0 rappeler que s\u2019y tient le plus grand march\u00e9 aux bestiaux de France\u00a0? Le c\u00f4t\u00e9 \u00ab\u00a0bovin\u00a0\u00bb n\u2019a jamais arr\u00eat\u00e9 <strong>Benoit Rayski<\/strong>.<\/p>\n<figure style=\"width: 339px\" class=\"wp-caption aligncenter\"><img loading=\"lazy\" decoding=\"async\" src=\"https:\/\/www.fnlp.fr\/uploads\/images\/articles\/arsenic4\/rayski2.jpg\" alt=\"\" width=\"339\" height=\"430\" \/><figcaption class=\"wp-caption-text\">Beno\u00eet Rayski (en bas \u00e0 droite)<\/figcaption><\/figure>\n<p>Il pr\u00e9sente le combat de cette \u00ab\u00a0association\u00a0\u00bb comme \u00e9tant celui de <strong>David<\/strong> contre <strong>Goliath<\/strong> et de la \u00ab\u00a0France \u00e9ternelle\u00a0\u00bb. Rien que cela est un aveu. Ce combat, ce mythe biblique, montre \u00e0 l\u2019\u00e9vidence toute la perfidie du monoth\u00e9isme contre le polyth\u00e9isme. <strong>David<\/strong> est un fourbe qui abat <strong>Goliath<\/strong> de mani\u00e8re totalement d\u00e9loyale et sournoise. Une fronde de loin contre l\u2019\u00e9p\u00e9e de pr\u00e8s.<\/p>\n<p>Dans son d\u00e9lire, <strong>Benoit Rayski<\/strong> est bien s\u00fbr rejoint par les int\u00e9gristes catholiques du <em><strong>Salon beige<\/strong><\/em> qui, le 22 juin 2017, s\u2019en prennent \u00e0 <strong>Marl\u00e8ne Schiappa<\/strong>\u00a0:\u00a0<em>\u00ab\u00a0La nouvelle ministre a l&rsquo;air d&rsquo;\u00eatre une hyst\u00e9rique comme son p\u00e8re. Ce dernier, <strong>Jean-Marc Schiappa, membre de la F\u00e9d\u00e9ration Nationale de la Libre Pens\u00e9e<\/strong>, avait publi\u00e9 un ouvrage n\u00e9gationniste, niant les racines chr\u00e9tiennes de la France. Il doit vivre reclus dans sa loge pour en arriver \u00e0 ce degr\u00e9.\u00a0\u00bb <\/em><\/p>\n<p><em><img loading=\"lazy\" decoding=\"async\" class=\"aligncenter\" src=\"https:\/\/www.fnlp.fr\/uploads\/images\/articles\/arsenic4\/Schiappa-racines-couv.jpg\" alt=\"\" width=\"550\" height=\"766\" \/><\/em><\/p>\n<p>Ah qu\u2019il \u00e9tait doux le temps de l\u2019Inquisition\u00a0 et des croisades !<\/p>\n<blockquote><p><strong>Charles de Montalembert<\/strong>, fondateur de la D\u00e9mocrate-chr\u00e9tienne fit grav\u00e9e cette \u00e9pitaphe sur sa pierre tombale\u00a0 au cimeti\u00e8re de Picpus: \u00ab\u00a0Nous sommes les fils des crois\u00e9s, nous ne reculerons pas devant les fils de <strong>Voltaire<\/strong>.\u00a0\u00bb<\/p>\n<p>Mais avec <strong>Voltaire<\/strong>, la <strong>Libre Pens\u00e9e<\/strong> ne cessera de dire\u00a0:<\/p>\n<h4>Ecrasons l\u2019Inf\u00e2me\u00a0!<\/h4>\n<\/blockquote>\n<p>Paris, le 5 septembre 2017<\/p>\n<h5>Christian Eyschen<\/h5>\n","protected":false},"excerpt":{"rendered":"<div class=\"mh-excerpt\"><p>par Christian Eyschen Le site internet Atlantico, Guylain Chevrier et Benoit Rayski Les nostalgiques de la Guerre froide La prise de position de la Libre <a class=\"mh-excerpt-more\" href=\"https:\/\/blog.fnlp.fr\/?p=18\" title=\"Arsenic et vieilles ficelles N\u00b04\">[&#8230;]<\/a><\/p>\n<\/div>","protected":false},"author":1,"featured_media":54,"comment_status":"closed","ping_status":"closed","sticky":false,"template":"","format":"standard","meta":{"footnotes":""},"categories":[14,15],"tags":[],"class_list":["post-18","post","type-post","status-publish","format-standard","has-post-thumbnail","hentry","category-christian-eyschen","category-les-ennemis-de-la-libre-pensee"],"_links":{"self":[{"href":"https:\/\/blog.fnlp.fr\/index.php?rest_route=\/wp\/v2\/posts\/18","targetHints":{"allow":["GET"]}}],"collection":[{"href":"https:\/\/blog.fnlp.fr\/index.php?rest_route=\/wp\/v2\/posts"}],"about":[{"href":"https:\/\/blog.fnlp.fr\/index.php?rest_route=\/wp\/v2\/types\/post"}],"author":[{"embeddable":true,"href":"https:\/\/blog.fnlp.fr\/index.php?rest_route=\/wp\/v2\/users\/1"}],"replies":[{"embeddable":true,"href":"https:\/\/blog.fnlp.fr\/index.php?rest_route=%2Fwp%2Fv2%2Fcomments&post=18"}],"version-history":[{"count":4,"href":"https:\/\/blog.fnlp.fr\/index.php?rest_route=\/wp\/v2\/posts\/18\/revisions"}],"predecessor-version":[{"id":208,"href":"https:\/\/blog.fnlp.fr\/index.php?rest_route=\/wp\/v2\/posts\/18\/revisions\/208"}],"wp:featuredmedia":[{"embeddable":true,"href":"https:\/\/blog.fnlp.fr\/index.php?rest_route=\/wp\/v2\/media\/54"}],"wp:attachment":[{"href":"https:\/\/blog.fnlp.fr\/index.php?rest_route=%2Fwp%2Fv2%2Fmedia&parent=18"}],"wp:term":[{"taxonomy":"category","embeddable":true,"href":"https:\/\/blog.fnlp.fr\/index.php?rest_route=%2Fwp%2Fv2%2Fcategories&post=18"},{"taxonomy":"post_tag","embeddable":true,"href":"https:\/\/blog.fnlp.fr\/index.php?rest_route=%2Fwp%2Fv2%2Ftags&post=18"}],"curies":[{"name":"wp","href":"https:\/\/api.w.org\/{rel}","templated":true}]}}