{"id":188,"date":"2001-01-08T15:53:31","date_gmt":"2001-01-08T14:53:31","guid":{"rendered":"https:\/\/blog.fnlp.fr\/?p=188"},"modified":"2020-01-14T11:09:16","modified_gmt":"2020-01-14T10:09:16","slug":"radio-vatican-ne-repond-plus-de-rien","status":"publish","type":"post","link":"https:\/\/blog.fnlp.fr\/?p=188","title":{"rendered":"Radio Vatican ne r\u00e9pond plus de rien"},"content":{"rendered":"<div class=\"texte\">\n<h4><img loading=\"lazy\" decoding=\"async\" class=\"size-medium wp-image-73 alignleft\" src=\"https:\/\/blog.fnlp.fr\/wp-content\/uploads\/2020\/01\/images-150x150.jpg\" alt=\"\" width=\"150\" height=\"150\" \/>par G\u00e9rald Cusin<\/h4>\n<p class=\"spip\">On savait d\u00e9j\u00e0 les difficult\u00e9s que la ville de Rome rencontrait pour faire payer l\u2019eau (non encore b\u00e9nite) qu\u2019elle fournissait au Vatican. Le <i class=\"spip\">Quotidien du m\u00e9decin<\/i> du 13 avril 2001, nous informe sur les derni\u00e8res d\u00e9m\u00eal\u00e9es de l\u2019\u00c9tat papal du p\u00e2le pape Popaul.<\/p>\n<p class=\"spip\">Le Minist\u00e8re de l\u2019Environnement italien a menac\u00e9 de couper l\u2019\u00e9lectricit\u00e9 de Radio Vatican pour cause de \u2026 pollution magn\u00e9tique.<\/p>\n<p class=\"spip\">N\u2019emp\u00eache que cette pollution magn\u00e9tique est quelque chose de tr\u00e8s s\u00e9rieux. Des relev\u00e9s, effectu\u00e9s en avril dernier, ont confirm\u00e9 que les champs magn\u00e9tiques des installations de la radio, d\u00e9passaient le maximum autoris\u00e9. A tel point que \u00ab\u00a0le Saint-Si\u00e8ge\u00a0\u00bb a annonc\u00e9, apr\u00e8s avoir d\u00e9j\u00e0 r\u00e9duit de 50% la puissance de son mat\u00e9riel, qu\u2019il ne diffusera plus que la moiti\u00e9 de ses programmes en Ondes moyennes \u00e0 partir de P\u00e2ques. Rassurez-vous donc, lecteurs mes amis, si vous ne receviez plus vos \u00e9missions pr\u00e9f\u00e9r\u00e9es depuis le retour des cloches, ce n\u2019\u00e9tait pas d\u00fb aux d\u00e9fectuosit\u00e9s de votre transistor.<\/p>\n<p class=\"spip\">C\u2019est une vieille bataille. Les habitants de la zone o\u00f9 se trouvent les \u00e9metteurs, au nord de Rome, ont port\u00e9 plainte, d\u00e9non\u00e7ant des troubles graves et m\u00eame &#8211; on rit moins &#8211; des cas de leuc\u00e9mies caus\u00e9s par la pollution magn\u00e9tique des gigantesques antennes.<\/p>\n<p class=\"spip\">De par l\u2019usage de notre raison, nous autres Libres Penseurs, savions d\u00e9j\u00e0 que la religion \u00e9tait un facteur de pollution. Nous en avons d\u00e9sormais la preuve scientifique, irr\u00e9futable. Nous n\u2019en sommes pas plus fiers pour autant, remarquez. L\u2019Humanit\u00e9 aura fait un grand pas en avant lorsqu\u2019on apprendra de source s\u00fbre que les hosties sont tr\u00e8s mauvaises pour la digestion, m\u00eame sal\u00e9es et parfum\u00e9es pour accompagner l\u2019ap\u00e9ritif. On peut toujours r\u00eaver.<\/p>\n<p class=\"spip\">Ce qu\u2019on ne sait pas par contre, c\u2019est envers quelles \u00e9missions ou quels pays ce sont op\u00e9r\u00e9s les coupures.<\/p>\n<p class=\"spip\">Bien s\u00fbr, on pourrait mesurer le taux de d\u00e9perdition de la foi catholique dans les mois qui vont venir dans telle ou telle r\u00e9gion du globe. Mais je dois avouer que ce n\u2019est pas tr\u00e8s fiable. De plus, il aurait fallu avoir de bonnes mesures d\u00e8s le d\u00e9part. Et de ce point de vue, l\u2019Eglise romaine n\u2019a jamais fourni des chiffres tr\u00e8s pr\u00e9cis. Ainsi, si on s\u2019aper\u00e7oit que telle personne dans tel pays ne se rend pas \u00e0 la messe tel dimanche, devra-t-on mettre cela sur l\u2019absence de r\u00e9ception du message divin par ondes hertziennes, ou pour une autre raison\u00a0? L\u2019angoisse nous prend, d\u00e8s lors.<\/p>\n<p class=\"spip\">Peut-\u00eatre puisque le d\u00e9part de ces ondes causaient de si graves troubles et de si affreuses maladies, en causaient-elles tout autant \u00e0 leur arriv\u00e9e\u00a0? Donc, si cet \u00e9t\u00e9, il y a moins de personnes \u00e0 Lourdes, \u00e0 Fatima ou ailleurs, ou si les foules qui s\u2019y rendent ont l\u2019air moins lobotomis\u00e9es, peut-\u00eatre pourra-t-on &#8211; sur le plan scientifique j\u2019entends &#8211; attribuer cela \u00e0 la diminution du magn\u00e9tisme vaticanesque.<\/p>\n<p class=\"spip\">Je continue de m\u2019interroger tout haut. L\u2019attitude soumise et d\u00e9f\u00e9rente de nos dirigeants politiques, et de nos divers gouvernements face \u00e0 l\u2019Eglise depuis des ann\u00e9es, (dans le monde et en France), l\u2019adoration quasi mystique des m\u00e9dias pour le pape et le moindre de ses discours (par exemple, le dernier \u00e0 propos de pays en guerre\u00a0: \u00ab\u00a0il faut la paix\u00a0!\u00a0\u00bb &#8211; g\u00e9niale, comme id\u00e9e, non\u00a0?. Personne n\u2019y avait pens\u00e9 avant lui), son\u2026 magn\u00e9tisme &#8211; justement &#8211; sur les foules\u00a0: tout cela ne provenait-il pas des terribles radiations\u00a0?<\/p>\n<p class=\"spip\">Peut-\u00eatre, quand les effets n\u00e9fastes vont s\u2019amoindrir, verra-t-on le regard un peu hypnotique, il faut bien le dire, de notre premier ministre, redevenir plus vivant\u00a0?<\/p>\n<p class=\"spip\">On peut donc esp\u00e9rer, en toute logique que nos \u00e9lus vont se r\u00e9veiller d\u2019un long sommeil dans lequel ils \u00e9taient tenus depuis des lustres par le peuple obscur des soutanes\u00a0[<a id=\"nh1\" class=\"spip_note\" title=\"[1] j'aime bien l'image, pas vous ?\" href=\"http:\/\/geraldcusin.free.fr\/spip.php?article29#nb1\" name=\"nh1\">1<\/a>], comme dans \u00ab\u00a0Tintin et les 7 boules de cristal\u00a0\u00bb. C\u2019est tout le bien qu\u2019on se souhaite.<\/p>\n<p class=\"spip\">Quand j\u2019\u00e9tais plus jeune (que maintenant), je lisais avec passion les histoires dessin\u00e9es de Marvell. Notamment, il y avait les X-Men (ah\u00a0! les tenues ultra-collantes de certaines super-h\u00e9ro\u00efnes\u00a0!), et leur principal ennemi \u00e9tait l\u2019inf\u00e2me Magn\u00e9to. En fait, je m\u2019aper\u00e7ois maintenant que Magn\u00e9to existe r\u00e9ellement, il se dissimule sous les apparences de JPII, et c\u2019est ce qui explique son extr\u00eame long\u00e9vit\u00e9\u00a0! J\u2019avoue que la tenue un peu collante, qui montrait l\u2019ensemble de ses muscles, et le casque dentel\u00e9 avaient une toute autre allure que la robe blanche et la kippa assortie. Et sa papamobile\u00a0! Qu\u2019est-ce que \u00e7a peut \u00eatre ringard\u00a0!. Magn\u00e9to, lui, le vrai, il se d\u00e9pla\u00e7ait dans les airs par la seule force de sa volont\u00e9 de mutant. D\u00e9cid\u00e9ment, les cathos ont le super-h\u00e9ros qu\u2019ils m\u00e9ritent.<\/p>\n<\/div>\n<div class=\"notes\">\n<h5>Notes<\/h5>\n<p class=\"spip_note\">[<a class=\"spip_note\" title=\"info notes 1\" href=\"http:\/\/geraldcusin.free.fr\/spip.php?article29#nh1\" name=\"nb1\">1<\/a>] j\u2019aime bien l\u2019image, pas vous\u00a0?<\/p>\n<\/div>\n","protected":false},"excerpt":{"rendered":"<div class=\"mh-excerpt\"><p>par G\u00e9rald Cusin On savait d\u00e9j\u00e0 les difficult\u00e9s que la ville de Rome rencontrait pour faire payer l\u2019eau (non encore b\u00e9nite) qu\u2019elle fournissait au Vatican. <a class=\"mh-excerpt-more\" href=\"https:\/\/blog.fnlp.fr\/?p=188\" title=\"Radio Vatican ne r\u00e9pond plus de rien\">[&#8230;]<\/a><\/p>\n<\/div>","protected":false},"author":1,"featured_media":189,"comment_status":"closed","ping_status":"closed","sticky":false,"template":"","format":"standard","meta":{"footnotes":""},"categories":[7,20,48,21,9],"tags":[],"class_list":["post-188","post","type-post","status-publish","format-standard","has-post-thumbnail","hentry","category-actualite","category-anti-conformisme","category-en-direct-du-xxie-siecle","category-gerald-cusin","category-humour"],"_links":{"self":[{"href":"https:\/\/blog.fnlp.fr\/index.php?rest_route=\/wp\/v2\/posts\/188","targetHints":{"allow":["GET"]}}],"collection":[{"href":"https:\/\/blog.fnlp.fr\/index.php?rest_route=\/wp\/v2\/posts"}],"about":[{"href":"https:\/\/blog.fnlp.fr\/index.php?rest_route=\/wp\/v2\/types\/post"}],"author":[{"embeddable":true,"href":"https:\/\/blog.fnlp.fr\/index.php?rest_route=\/wp\/v2\/users\/1"}],"replies":[{"embeddable":true,"href":"https:\/\/blog.fnlp.fr\/index.php?rest_route=%2Fwp%2Fv2%2Fcomments&post=188"}],"version-history":[{"count":1,"href":"https:\/\/blog.fnlp.fr\/index.php?rest_route=\/wp\/v2\/posts\/188\/revisions"}],"predecessor-version":[{"id":190,"href":"https:\/\/blog.fnlp.fr\/index.php?rest_route=\/wp\/v2\/posts\/188\/revisions\/190"}],"wp:featuredmedia":[{"embeddable":true,"href":"https:\/\/blog.fnlp.fr\/index.php?rest_route=\/wp\/v2\/media\/189"}],"wp:attachment":[{"href":"https:\/\/blog.fnlp.fr\/index.php?rest_route=%2Fwp%2Fv2%2Fmedia&parent=188"}],"wp:term":[{"taxonomy":"category","embeddable":true,"href":"https:\/\/blog.fnlp.fr\/index.php?rest_route=%2Fwp%2Fv2%2Fcategories&post=188"},{"taxonomy":"post_tag","embeddable":true,"href":"https:\/\/blog.fnlp.fr\/index.php?rest_route=%2Fwp%2Fv2%2Ftags&post=188"}],"curies":[{"name":"wp","href":"https:\/\/api.w.org\/{rel}","templated":true}]}}