{"id":213,"date":"2002-03-09T08:27:52","date_gmt":"2002-03-09T07:27:52","guid":{"rendered":"https:\/\/blog.fnlp.fr\/?p=213"},"modified":"2020-01-14T11:08:18","modified_gmt":"2020-01-14T10:08:18","slug":"leglise-et-ses-oeuvres","status":"publish","type":"post","link":"https:\/\/blog.fnlp.fr\/?p=213","title":{"rendered":"L\u2019\u00c9glise et ses oeuvres"},"content":{"rendered":"<div class=\"texte\">\n<h4><img loading=\"lazy\" decoding=\"async\" class=\"size-medium wp-image-73 alignleft\" src=\"https:\/\/blog.fnlp.fr\/wp-content\/uploads\/2020\/01\/images-150x150.jpg\" alt=\"\" width=\"150\" height=\"150\" \/>par G\u00e9rald Cusin<\/h4>\n<p class=\"spip\">Le pape est blanc. Il ne s\u2019agit \u00e9videmment pas d\u2019une affirmation \u00e0 caract\u00e8re raciste, mais simplement d\u2019un constat visible par tous, puisque c\u2019est la couleur des \u00ab\u00a0v\u00eatements\u00a0\u00bb qu\u2019il porte des pieds \u00e0 la t\u00eate. Ce n\u2019est pas l\u2019expression d\u2019un go\u00fbt personnel ou -comme on le cro\u00eet ordinairement &#8211; d\u2019une couleur li\u00e9e \u00e0 sa charge. Si le pape est tout en blanc, c\u2019est simplement parce que, \u00e0 l\u2019instar des grandes \u00e9quipes de football, c\u2019est la couleur de son sponsor.<\/p>\n<p class=\"spip\">En effet, selon diverses sources internationales, le r\u00e9seau Voltaire nous apprend que \u00ab\u00a0la Banque du Vatican fait partie des dix destinations les plus utilis\u00e9es pour le blanchiment d\u2019argent\u00a0\u00bb, devant les Bahamas, la Suisse ou le Liechtenstein. Mieux encore, selon le \u00ab\u00a0London Telegraph\u00a0\u00bb et le \u00ab\u00a0Inside Fraud Bulletin\u00a0\u00bb, la cit\u00e9 du Vatican est un des principaux Etats \u00ab\u00a0cut-out\u00a0\u00bb, c\u2019est-\u00e0-dire un Etat dans lequel la l\u00e9gislation sur le secret bancaire rend impossible la tra\u00e7abilit\u00e9 de l\u2019origine des fonds qui y sont d\u00e9pos\u00e9s.<\/p>\n<p class=\"spip\">On savait d\u00e9j\u00e0 que, par le pass\u00e9, le Vatican a \u00e9t\u00e9 accus\u00e9 d\u2019avoir h\u00e9berg\u00e9 les fonds spoli\u00e9s par les Nazis. Il semblerait maintenant qu\u2019une partie des fonds drain\u00e9s proviennent directement de la maffia avec qui le Saint-Si\u00e8ge aurait entretenu des liens tr\u00e8s \u00e9troits notamment dans les ann\u00e9es 80 pour financer sa lutte en Am\u00e9rique du Sud contre la \u00ab\u00a0th\u00e9ologie de la lib\u00e9ration\u00a0\u00bb.<\/p>\n<p class=\"spip\">A Macao ou dans l\u2019\u00cele Maurice, ce sont des banques priv\u00e9es qui op\u00e8rent. Au Vatican, c\u2019est directement la banque d\u2019Etat, l\u2019Instituto per le opere di religione qui fait la grande lessive. N\u2019oublions pas que cette banque est reconnue officiellement par la Banque des r\u00e8glements internationaux, et que l\u2019Union europ\u00e9enne, comme le rappelait un r\u00e9cent article de <i class=\"spip\">la Raison<\/i> a autoris\u00e9 cet Etat \u00e0 \u00e9mettre des euros du Vatican, alors m\u00eame que ce pays le plus antid\u00e9mocratique d\u2019Europe ne fait pas partie de l\u2019Union. Un proc\u00e8s retentissant se pr\u00e9pare aux Etats-Unis. Hurlant comme un voleur qu\u2019on d\u00e9pouille, l\u2019avocat de la Banque du Vatican a d\u00e9clar\u00e9 sans rire que \u00ab\u00a0la raison d\u2019\u00eatre fondamentale (de la banque) est de promouvoir les actes de pi\u00e9t\u00e9, et que ses clients d\u00e9positaires sont essentiellement des employ\u00e9s de l\u2019Etat du Vatican, des membres du Saint Si\u00e8ge, des congr\u00e9gations religieuses ainsi que des personnes d\u00e9posant des sommes destin\u00e9es pour une part au moins (\u00a0?!) \u00e0 des \u0153uvres de pi\u00e9t\u00e9\u00a0\u00bb. Il a rappel\u00e9 enfin que la banque \u00e9tait directement sous le contr\u00f4le du pape et que les registres ne sont pas conserv\u00e9s\u2026 au-del\u00e0 de dix ans. Rien que cela pourrait prouver que le contenu des dits livres d\u00e9gage une odeur pestilentielle et satanique, quand on sait le soin tatillon avec lequel les \u00ab\u00a0monsignori\u00a0\u00bb tiennent leurs archives, ne les distillant qu\u2019au compte-goutte. T\u00e9moin, l\u2019affaire de l\u2019ouverture des archives de Pie XII dont on conna\u00eetra peut-\u00eatre la teneur aux alentours de 2005, et qui pourront peut \u00eatre confirmer le soutien ind\u00e9fectible d\u2019Eugenio Pacelli au r\u00e9gime nazi, remis sur la sc\u00e8ne de l\u2019actualit\u00e9 par le dernier film de Costa Gavras, \u00ab\u00a0Amen\u00a0\u00bb qui fait bondir Lustiger comme un diablotin sorti de sa bo\u00eete.<\/p>\n<p class=\"spip\">Ainsi donc l\u2019Etat papal bout plus blanc que tout. On connaissait d\u00e9j\u00e0 leur go\u00fbt immod\u00e9r\u00e9 pour laver leur linge sale en famille, et voil\u00e0 qu\u2019ils font profiter de leur exp\u00e9rience mill\u00e9naire le crime organis\u00e9, les fraudeurs qui ont pignon (pognon\u00a0?) sur rue et autres trafiquants de drogue.<\/p>\n<p class=\"spip\">A ce propos, le pape (encore lui) a cr\u00e9\u00e9 quatre dioc\u00e8ses en Russie. Bien s\u00fbr c\u2019est pour emmerder les orthodoxes, mais sans doute pas seulement. Plus de 17 millions de dollars (seul chiffre connu) ont \u00e9t\u00e9 donn\u00e9s \u00e0 l\u2019Eglise orthodoxe par l\u2019interm\u00e9diaire d\u2019organisations catholiques depuis une dizaine d\u2019ann\u00e9es. S\u2019ils r\u00e2lent, c\u2019est seulement pour la forme. Et quand on conna\u00eet les liens de cette Eglise avec la maffia russe (liens qu\u2019elle a \u00e9chang\u00e9s avec ceux qu\u2019elle entretenait avec le KGB, mais de toute fa\u00e7on ce sont toujours les m\u00eames hommes), on peut se dire que l\u2019ouverture du mur de Berlin a permis \u00e0 l\u2019\u00ab\u00a0institut (romain) pour les \u0153uvres de l\u2019Eglise\u00a0\u00bb de d\u00e9gager de nouvelles ressources. Pour la plus grande gloire de dieu, bien \u00e9videmment.<\/p>\n<p class=\"spip\">On apprend \u00e9galement (source AFP) que Jean-Paul II a proc\u00e9d\u00e9 \u00e0 trois exorcismes depuis l\u2019av\u00e8nement de son pontificat. On peut supposer que parmi eux, la purification des livres de compte de l\u2019Instituto a occup\u00e9 une grande place. Dimanche 17 f\u00e9vrier 2002, le grand blanchisseur a rappel\u00e9 que \u00ab\u00a0le d\u00e9mon \u00e9tait toujours \u00e0 l\u2019\u0153uvre avec ses actions fourbes.\u00a0\u00bb Il a soulign\u00e9 que \u00ab\u00a0l\u2019Eglise offre les instruments, la pri\u00e8re, les sacrements, la p\u00e9nitence, l\u2019\u00e9coute attentive de la parole de Dieu, la vigilance et le jeune (\u2026) pour vaincre la s\u00e9duction de Satan.\u00a0\u00bb On sait maintenant qu\u2019outre la r\u00e9mission des p\u00each\u00e9s, l\u2019Eglise offre divers services annexes comme par exemple la reconnaissance du dogme de l\u2019immacul\u00e9e conception aux profits r\u00e9alis\u00e9s par les assassins et les criminels du monde entier. Je sais que c\u2019est facile, mais ces pri\u00e8res ne se terminent-elles pas toujours par \u00ab\u00a0Am\u00e8ne\u00a0!\u00a0\u00bb\u00a0?<\/p>\n<\/div>\n","protected":false},"excerpt":{"rendered":"<div class=\"mh-excerpt\"><p>par G\u00e9rald Cusin Le pape est blanc. Il ne s\u2019agit \u00e9videmment pas d\u2019une affirmation \u00e0 caract\u00e8re raciste, mais simplement d\u2019un constat visible par tous, puisque <a class=\"mh-excerpt-more\" href=\"https:\/\/blog.fnlp.fr\/?p=213\" title=\"L\u2019\u00c9glise et ses oeuvres\">[&#8230;]<\/a><\/p>\n<\/div>","protected":false},"author":1,"featured_media":214,"comment_status":"closed","ping_status":"closed","sticky":false,"template":"","format":"standard","meta":{"footnotes":""},"categories":[7,6,48,21,9],"tags":[],"class_list":["post-213","post","type-post","status-publish","format-standard","has-post-thumbnail","hentry","category-actualite","category-anticlericalisme","category-en-direct-du-xxie-siecle","category-gerald-cusin","category-humour"],"_links":{"self":[{"href":"https:\/\/blog.fnlp.fr\/index.php?rest_route=\/wp\/v2\/posts\/213","targetHints":{"allow":["GET"]}}],"collection":[{"href":"https:\/\/blog.fnlp.fr\/index.php?rest_route=\/wp\/v2\/posts"}],"about":[{"href":"https:\/\/blog.fnlp.fr\/index.php?rest_route=\/wp\/v2\/types\/post"}],"author":[{"embeddable":true,"href":"https:\/\/blog.fnlp.fr\/index.php?rest_route=\/wp\/v2\/users\/1"}],"replies":[{"embeddable":true,"href":"https:\/\/blog.fnlp.fr\/index.php?rest_route=%2Fwp%2Fv2%2Fcomments&post=213"}],"version-history":[{"count":1,"href":"https:\/\/blog.fnlp.fr\/index.php?rest_route=\/wp\/v2\/posts\/213\/revisions"}],"predecessor-version":[{"id":215,"href":"https:\/\/blog.fnlp.fr\/index.php?rest_route=\/wp\/v2\/posts\/213\/revisions\/215"}],"wp:featuredmedia":[{"embeddable":true,"href":"https:\/\/blog.fnlp.fr\/index.php?rest_route=\/wp\/v2\/media\/214"}],"wp:attachment":[{"href":"https:\/\/blog.fnlp.fr\/index.php?rest_route=%2Fwp%2Fv2%2Fmedia&parent=213"}],"wp:term":[{"taxonomy":"category","embeddable":true,"href":"https:\/\/blog.fnlp.fr\/index.php?rest_route=%2Fwp%2Fv2%2Fcategories&post=213"},{"taxonomy":"post_tag","embeddable":true,"href":"https:\/\/blog.fnlp.fr\/index.php?rest_route=%2Fwp%2Fv2%2Ftags&post=213"}],"curies":[{"name":"wp","href":"https:\/\/api.w.org\/{rel}","templated":true}]}}