{"id":216,"date":"2002-04-09T08:38:53","date_gmt":"2002-04-09T06:38:53","guid":{"rendered":"https:\/\/blog.fnlp.fr\/?p=216"},"modified":"2020-01-14T11:08:03","modified_gmt":"2020-01-14T10:08:03","slug":"islam-a-la-recherche-du-mode-demploi","status":"publish","type":"post","link":"https:\/\/blog.fnlp.fr\/?p=216","title":{"rendered":"Islam : \u00e0 la recherche du mode d&#8217;emploi"},"content":{"rendered":"<div class=\"texte\">\n<h4><img loading=\"lazy\" decoding=\"async\" class=\"size-medium wp-image-73 alignleft\" src=\"https:\/\/blog.fnlp.fr\/wp-content\/uploads\/2020\/01\/images-150x150.jpg\" alt=\"\" width=\"150\" height=\"150\" \/>par G\u00e9rald Cusin<\/h4>\n<p class=\"spip\">Nicolas Sarkozy, ministre de l\u2019int\u00e9rieur et (ministre) charg\u00e9 des cultes est \u00e0 la recherche d\u2019un islam de France, moderne et tol\u00e9rant. Chacun sait que pour les religions en g\u00e9n\u00e9ral, le modernisme et la tol\u00e9rance sont \u00e0 g\u00e9om\u00e9trie variable et fonction de la place qu\u2019elles occupent sur le terrain national. Ainsi, les protestants \u2013 longtemps pr\u00e9sent\u00e9s comme d\u2019ardents r\u00e9publicains, d\u00e9fenseurs de la loi de 1905 et de la s\u00e9paration des Eglises et de l\u2019Etat \u2013, viennent de s\u2019apercevoir qu\u2019il y avait sans doute un cr\u00e9neau \u00e0 prendre dans le concert actuel qui vise \u00e0 rendre la la\u00efcit\u00e9 r\u00e9publicaine obsol\u00e8te. T\u00e9moin, une r\u00e9cente d\u00e9claration parue dans <i class=\"spip\">le Monde<\/i>. Quant au pape et \u00e0 ses agents internationaux r\u00e9sidents en France, ils souhaitent plus qu\u2019ardemment que l\u2019Europe et ses institutions reconnaissent non seulement le r\u00f4le de Dieu d\u2019une mani\u00e8re explicite dans la Convention europ\u00e9enne qui est en pr\u00e9paration, mais encore ils r\u00e9clament que l\u2019Eglise catholique soit reconnue officiellement sur le plan institutionnel. Il faut dire que ce qui \u00e9nerve par-dessus tout l\u2019occupant du Vatican, c\u2019est que les gens agissent et vivent \u00ab\u00a0comme si Dieu n\u2019existait pas\u00a0\u00bb, alors que \u2013 c\u2019est bien connu \u2013, la preuve de l\u2019existence de Dieu commence lorsque votre tartine de confiture tombe sur le sol du bon c\u00f4t\u00e9 (celui qui n\u2019a pas de confiture)\u00a0: tous les th\u00e9ologiens un tant soit peu s\u00e9rieux vous le diront.<\/p>\n<p class=\"spip\">Le probl\u00e8me avec les musulmans, c\u2019est qu\u2019ils n\u2019ont pas de hi\u00e9rarchie locale ou internationale. On ne peut donc pas facilement les int\u00e9grer dans l\u2019orchestre.<\/p>\n<p class=\"spip\">Qu\u2019\u00e0 cela ne tienne. Cr\u00e9ons ex-nihilo. Attention, Sarko n\u2019a rien invent\u00e9. D\u00e9j\u00e0 Pierre Joxe, dans les ann\u00e9es 80, puis Pasqua, puis Chev\u00e8nement avaient travaill\u00e9 sur le chantier.<\/p>\n<p class=\"spip\">Le garant en titre de l\u2019application de la loi de 1905 dans ce pays, loi qui \u2013 rappelons-le quand m\u00eame \u2013 pr\u00e9cise que la R\u00e9publique \u00ab\u00a0ne reconna\u00eet, ne salarie ni ne subventionne aucun culte\u00a0\u00bb a d\u00e9fini ce que ne \u00ab\u00a0devait pas \u00eatre un culte\u00a0\u00bb\u00a0: \u00ab\u00a0Un culte de doit pas \u00eatre le pr\u00e9texte, le vecteur ou le paravent du terrorisme (\u2026) De la m\u00eame fa\u00e7on, le fondamentalisme qui conduit au terrorisme doit \u00eatre combattu avec la derni\u00e8re \u00e9nergie\u00a0\u00bb On se demande quelles sont les qualit\u00e9s th\u00e9ologiques de M.\u00a0Sarkozy pour pouvoir \u00ab\u00a0combattre le fondamentalisme\u00a0\u00bb. C\u2019est sans doute ce qu\u2019on appelle la foi du charbonnier. Allant plus loin dans sa r\u00e9flexion, le chef actuel des pandores ajoute\u00a0: \u00ab\u00a0l\u2019Islam de France ne peut \u00eatre dirig\u00e9 par des puissances \u00e9trang\u00e8res\u00a0\u00bb \u2026 Ouh l\u00e0\u00a0! l\u00e0\u00a0!\u00a0: Si on traite dans ce sens toutes les religions, va-t-on vers une nouvelle rupture diplomatique avec le Vatican\u00a0? A coup s\u00fbr le ministre &#8211; marchant sur les traces du petit p\u00e8re Combe &#8211; recevrait cette ann\u00e9e le grand prix r\u00e9publicain de la Libre Pens\u00e9e, s\u2019il nous venait l\u2019id\u00e9e d\u2019en cr\u00e9er un.<\/p>\n<p class=\"spip\">En fait, les religions sont utiles pour contr\u00f4ler le peuple, si on arrive \u00e0 contr\u00f4ler les religions. Si non, cela ne sert \u00e0 rien.<\/p>\n<p class=\"spip\">Comme Napol\u00e9on en son temps avait cr\u00e9\u00e9 le grand sanh\u00e9drin pour contr\u00f4ler les citoyens d\u2019origine juive, Sarkozy veut constituer le Conseil fran\u00e7ais du culte musulman. A sa t\u00eate, d\u00e9j\u00e0 plus ou moins autoproclam\u00e9, devrait se retrouver Dalil Boubakeur, recteur de la Mosqu\u00e9e de Paris, qui est comme on dit pudiquement dans les milieux autoris\u00e9s \u00ab\u00a0proche du r\u00e9gime alg\u00e9rien\u00a0\u00bb, c\u2019est vous dire si c\u2019est un d\u00e9mocrate. Comme on le sait, les gouvernants de ce pays sont des sp\u00e9cialistes des \u00e9lections, ce qui fait que les associations musulmanes crient d\u00e9j\u00e0 au charron. Le bureau de la future instance aurait d\u00e9j\u00e0 \u00e9t\u00e9 constitu\u00e9 avant qu\u2019un vote ait eu lieu. Comment\u00a0?, ce n\u2019est pas comme \u00e7a qu\u2019on doit faire\u00a0?, mais on fait cela tout le temps et \u00e7a marche tr\u00e8s bien.<\/p>\n<p class=\"spip\">Le r\u00f4le de la Mosqu\u00e9e de Paris, largement financ\u00e9e par Alger (qui n\u2019est pas une \u00ab\u00a0puissance \u00e9trang\u00e8re\u00a0\u00bb, comme bien on sait) est contest\u00e9, notamment par l\u2019Union des organisations islamistes de France &#8211; proche para\u00eet-il &#8211; de la pens\u00e9e fondamentaliste.<\/p>\n<p class=\"spip\">Le ministre aurait promis \u00e0 M.\u00a0Boubakeur de donner tout le pouvoir aux personnalit\u00e9s et de r\u00e9duire celui des d\u00e9l\u00e9gu\u00e9s des lieux de culte.<\/p>\n<p class=\"spip\">Boubakeur se voit peut-\u00eatre d\u00e9j\u00e0 pape fran\u00e7ais de l\u2019Islam.<\/p>\n<p class=\"spip\">Mais, on se bouscule au portillon. Nicolas Sarkozi est sur tous les fronts. Il a re\u00e7u derni\u00e8rement M.\u00a0Abdullah Turki, secr\u00e9taire g\u00e9n\u00e9ral de la Ligue islamique mondiale qui finance pas de mal de lieux de culte et s\u2019est fix\u00e9e comme but de faire conna\u00eetre la charia (vous savez, ce truc rigolo qui permet de lapider les femmes, de couper les mains, etc.). D\u00e9veloppant toujours les principes de la loi de s\u00e9paration, le ministre a d\u00e9clar\u00e9 \u00e0 la suite de cette audience\u00a0: \u00ab\u00a0Les soutiens financiers apport\u00e9s par la Ligue islamique mondiale pour aider \u00e0 la pratique du culte musulman sont possibles s\u2019ils ne conduisent pas la Ligue islamique mondiale \u00e0 prendre la direction des organismes ainsi subventionn\u00e9s\u00a0\u00bb<\/p>\n<p class=\"spip\">Nouveau proph\u00e8te, Mahomet N. Sarkozi a s\u00e9par\u00e9 le bon grain de l\u2019ivraie\u00a0: \u00ab\u00a0La diff\u00e9rence entre l\u2019extr\u00e9misme islamiste et l\u2019orthodoxie se situe dans le respect des lois de la R\u00e9publique\u00a0\u00bb. Que les diff\u00e9rentes ob\u00e9diences musulmanes qui disputent \u00e2prement depuis la mort du proph\u00e8te veuillent bien circuler, il n\u2019y a plus rien \u00e0 voir. Quant \u00e0 Mahomet Ben Sarkozi, qui remet en cause les lois de la R\u00e9publique en se m\u00ealant de choses qui ne le regardent pas\u00a0: Il sera br\u00fbl\u00e9 comme h\u00e9r\u00e9tique extr\u00e9miste. Na\u00a0!<\/p>\n<\/div>\n","protected":false},"excerpt":{"rendered":"<div class=\"mh-excerpt\"><p>par G\u00e9rald Cusin Nicolas Sarkozy, ministre de l\u2019int\u00e9rieur et (ministre) charg\u00e9 des cultes est \u00e0 la recherche d\u2019un islam de France, moderne et tol\u00e9rant. Chacun <a class=\"mh-excerpt-more\" href=\"https:\/\/blog.fnlp.fr\/?p=216\" title=\"Islam : \u00e0 la recherche du mode d&#8217;emploi\">[&#8230;]<\/a><\/p>\n<\/div>","protected":false},"author":1,"featured_media":217,"comment_status":"closed","ping_status":"closed","sticky":false,"template":"","format":"standard","meta":{"footnotes":""},"categories":[6,48,21,9],"tags":[],"class_list":["post-216","post","type-post","status-publish","format-standard","has-post-thumbnail","hentry","category-anticlericalisme","category-en-direct-du-xxie-siecle","category-gerald-cusin","category-humour"],"_links":{"self":[{"href":"https:\/\/blog.fnlp.fr\/index.php?rest_route=\/wp\/v2\/posts\/216","targetHints":{"allow":["GET"]}}],"collection":[{"href":"https:\/\/blog.fnlp.fr\/index.php?rest_route=\/wp\/v2\/posts"}],"about":[{"href":"https:\/\/blog.fnlp.fr\/index.php?rest_route=\/wp\/v2\/types\/post"}],"author":[{"embeddable":true,"href":"https:\/\/blog.fnlp.fr\/index.php?rest_route=\/wp\/v2\/users\/1"}],"replies":[{"embeddable":true,"href":"https:\/\/blog.fnlp.fr\/index.php?rest_route=%2Fwp%2Fv2%2Fcomments&post=216"}],"version-history":[{"count":1,"href":"https:\/\/blog.fnlp.fr\/index.php?rest_route=\/wp\/v2\/posts\/216\/revisions"}],"predecessor-version":[{"id":218,"href":"https:\/\/blog.fnlp.fr\/index.php?rest_route=\/wp\/v2\/posts\/216\/revisions\/218"}],"wp:featuredmedia":[{"embeddable":true,"href":"https:\/\/blog.fnlp.fr\/index.php?rest_route=\/wp\/v2\/media\/217"}],"wp:attachment":[{"href":"https:\/\/blog.fnlp.fr\/index.php?rest_route=%2Fwp%2Fv2%2Fmedia&parent=216"}],"wp:term":[{"taxonomy":"category","embeddable":true,"href":"https:\/\/blog.fnlp.fr\/index.php?rest_route=%2Fwp%2Fv2%2Fcategories&post=216"},{"taxonomy":"post_tag","embeddable":true,"href":"https:\/\/blog.fnlp.fr\/index.php?rest_route=%2Fwp%2Fv2%2Ftags&post=216"}],"curies":[{"name":"wp","href":"https:\/\/api.w.org\/{rel}","templated":true}]}}