{"id":259,"date":"2003-05-11T17:30:55","date_gmt":"2003-05-11T15:30:55","guid":{"rendered":"https:\/\/blog.fnlp.fr\/?p=259"},"modified":"2020-01-14T11:06:34","modified_gmt":"2020-01-14T10:06:34","slug":"104-rue-du-bac-paris-veme","status":"publish","type":"post","link":"https:\/\/blog.fnlp.fr\/?p=259","title":{"rendered":"104 rue du Bac, Paris V\u00e8me"},"content":{"rendered":"<h5>L&rsquo;Union europ\u00e9enne miraculeuse<\/h5>\n<h5>Le fabuleux destin de Catherine Labour\u00e9<\/h5>\n<h4><img loading=\"lazy\" decoding=\"async\" class=\"size-medium wp-image-73 alignleft\" src=\"https:\/\/blog.fnlp.fr\/wp-content\/uploads\/2020\/01\/images-150x150.jpg\" alt=\"\" width=\"150\" height=\"150\" \/>par G\u00e9rald Cusin<\/h4>\n<blockquote>\n<div class=\"chapo\">Cette histoire date, mais elle vaut toujours la peine d\u2019\u00eatre rappel\u00e9e, car ses cons\u00e9quences d\u00e9passent largement les fronti\u00e8res du quartier latin. La rue du Bac, primitivement, appel\u00e9e grand chemin du Bac puis, ruelle du Bac et grande rue du Bac, \u00e0 cause du Bac \u00e9tabli sur la rivi\u00e8re, en 1550, avant la construction du pont Royal, est une rue anim\u00e9e de Paris. (J\u2019\u00e9tale ma science parce qu\u2019il s\u2019agit d\u2019une revue culturelle et qu\u2019on doit maintenir un certain ton.)<\/div>\n<\/blockquote>\n<p>&nbsp;<\/p>\n<div class=\"texte\">\n<p class=\"spip\">Bref, le promeneur attentif ne manquera pas de remarquer au 140 de cette rue, une chapelle, -dite \u00ab\u00a0<em>chapelle Notre-Dame de la m\u00e9daille miraculeuse<\/em>\u00a0\u00bb &#8211; dans laquelle se trouve conserv\u00e9s les restes de Catherine Labour\u00e9, dont le destin fabuleux ne cesse de rebondir depuis Paris jusqu\u2019\u00e0 Bruxelles.<\/p>\n<h3 class=\"spip\">Qui \u00e9tait Catherine Labour\u00e9\u00a0?<\/h3>\n<p class=\"spip\">C\u2019\u00e9tait une s\u0153ur de la Compagnie des filles de la Charit\u00e9 de St Vincent de Paul\u00a0[<a id=\"nh1\" class=\"spip_note\" title=\"[1] Notre m\u00e8re Th\u00e9resa locale\" href=\"http:\/\/geraldcusin.free.fr\/spip.php?article5#nb1\" name=\"nh1\">1<\/a>] . Labour\u00e9 fut canonis\u00e9e par Pie XI en 1947 comme bienheureuse vierge\u00a0[<a id=\"nh2\" class=\"spip_note\" title=\"[2] Cette rubrique \u00e9tant toujours d'une haute tenue, et ne faisant jamais de (...)\" href=\"http:\/\/geraldcusin.free.fr\/spip.php?article5#nb2\" name=\"nh2\">2<\/a>] , mais pas martyr. Marie, m\u00e8re de J\u00e9sus, lui est apparue \u00e0 plusieurs reprises entre juillet et novembre 1830. Mais lisez plut\u00f4t l\u2019hagiographie \u00ab\u00a0officielle\u00a0\u00bb, telle qu\u2019on peut la lire sur le site qui lui est consacr\u00e9\u00a0: \u00ab\u00a0Catherine Labour\u00e9 s\u2019\u00e9tait couch\u00e9e pleine d\u2019espoir, ce 18 juillet 1830. C\u2019\u00e9tait la f\u00eate du fondateur des Filles de la Charit\u00e9, \u2026 et elle avait aval\u00e9 la petite relique re\u00e7ue de la m\u00e8re Sup\u00e9rieure en demandant au grand saint la faveur de voir un jour la vierge.\u00a0\u00bb Ici, on ne dit pas de quoi \u00e9tait exactement compos\u00e9e cette relique, et si c\u2019\u00e9tait vraiment normal qu\u2019elle se l\u2019avale en trois coups les gros. Mais, je continue\u00a0: \u00ab\u00a0Vers minuit, elle fut r\u00e9veill\u00e9e par un petit enfant qui lui dit\u00a0: \u00ab\u00a0Ma s\u0153ur, tout le monde dort bien\u00a0; venez \u00e0 la chapelle\u00a0; la Sainte Vierge vous y attend\u00a0\u00bb\u00a0[<a id=\"nh3\" class=\"spip_note\" title=\"[3] Je ne sais pas comment c'est maintenant, mais \u00e0 cette \u00e9poque les couvents (...)\" href=\"http:\/\/geraldcusin.free.fr\/spip.php?article5#nb3\" name=\"nh3\">3<\/a>]. Pourquoi, la Ste Vierge n\u2019est-elle pas venue directement dans la chambre de Catherine\u00a0?, on ne sait pas.\u00a0: \u00ab\u00a0Croyant r\u00eaver\u00a0[<a id=\"nh4\" class=\"spip_note\" title=\"[4] Croyant r\u00eav\u00e9 ?\" href=\"http:\/\/geraldcusin.free.fr\/spip.php?article5#nb4\" name=\"nh4\">4<\/a>] , Catherine se l\u00e8ve, s\u2019habille et suit l\u2019enfant.\u00a0\u00bb (C\u2019est normal, quand on r\u00eave) \u00ab\u00a0La maison est toute illumin\u00e9e et les portes ferm\u00e9es \u00e0 clef s\u2019ouvrent facilement sous les doigts de l\u2019enfant. A la chapelle, elle ne voit d\u2019abord rien, puis apr\u00e8s un temps assez long, elle entend l\u2019enfant (un ange selon Catherine) lui dire\u00a0: \u00ab\u00a0Voici la Sainte Vierge\u00a0\u00bb. Elle doute et ne bouge pas. Elle entend un froufrou d\u2019une robe de soie (sic) L\u2019ange prend alors une voix d\u2019homme\u00a0: \u00ab\u00a0Voici la Sainte Vierge\u00a0\u00bb, et cette fois, elle se pr\u00e9cipite aupr\u00e8s de la Vierge.\u00a0\u00bb (Comme quoi, un peu d\u2019autorit\u00e9, \u00e7a aide). Cette derni\u00e8re s\u2019\u00e9tait assise sur le fauteuil de l\u2019aum\u00f4nier, et elle lui parle pendant deux heures (Catherine prit soin de noter l\u2019heure en retournant se coucher).<\/p>\n<p class=\"spip\">\u00ab\u00a0Ensuite, la vie ordinaire jusqu\u2019au 27 novembre 1830.<\/p>\n<p class=\"spip\">Ce soir l\u00e0, samedi, vers 17h30, pendant que les s\u0153urs se trouvaient r\u00e9unies \u00e0 la chapelle pour la m\u00e9ditation, la Ste Vierge revient. Catherine l\u2019aper\u00e7oit, les pieds pos\u00e9s sur un globe terrestre, o\u00f9 s\u2019agite un serpent de couleur verd\u00e2tre. Entre ses mains, elle tenait un petit globe surmont\u00e9 d\u2019une croix d\u2019or, le tout est contenu dans un tableau de forme ovale qui se retourne et au dos duquel on voit appara\u00eetre un grand M surmont\u00e9 d\u2019une croix, avec deux c\u0153urs au-dessus, l\u2019un couronn\u00e9 d\u2019\u00e9pines, l\u2019autre perc\u00e9 par un glaive, et \u2026 douze \u00e9toiles entourent l\u2019ensemble.\u00a0\u00bb Bref, je passe sur les \u00e9pisodes secondaires. Son aum\u00f4nier essaye de la raisonner, mais il se rend \u00e0 l\u2019\u00e9vidence. Si on fait une m\u00e9daille sur ce mod\u00e8le, on va faire un tabac de tous les diables. Aussit\u00f4t dit, aussit\u00f4t fait. Charit\u00e9 bien ordonn\u00e9e commence par soi-m\u00eame. Frapp\u00e9e \u00e0 quelques milliers d\u2019exemplaires, la m\u00e9daille miraculeuse fut rapidement diffus\u00e9e dans le monde entier.<\/p>\n<p class=\"spip\">Catherine mourut \u00e0 46 ans. Lors de son proc\u00e8s en canonisation, il fallait un miracle (c\u2019est r\u00e9glementaire). On d\u00e9terra le corps de Catherine en 1933 \u2026 et on retrouva le corps intact (comme au beau temps du moyen-\u00e2ge). Aucune preuve, \u00e9videmment, pas plus que des \u00ab\u00a0miracles\u00a0\u00bb de la miraculeuse m\u00e9daille. Mais on ne va pas ergoter.<\/p>\n<h3 class=\"spip\">Une histoire sans int\u00e9r\u00eat\u00a0?<\/h3>\n<p class=\"spip\">Pourquoi, est-ce que je vous parle de cette histoire sans int\u00e9r\u00eat\u00a0? D\u2019abord parce que cette \u00ab\u00a0apparition\u00a0\u00bb est la premi\u00e8re (et la moins connue) d\u2019une s\u00e9rie qui allait conna\u00eetre des d\u00e9veloppements importants\u00a0: Lourdes (1851), et Bernadette Soubirous\u00a0[<a id=\"nh5\" class=\"spip_note\" title=\"[5] une autre jeune fille \u00ab simple \u00bb.\" href=\"http:\/\/geraldcusin.free.fr\/spip.php?article5#nb5\" name=\"nh5\">5<\/a>] rejoindra (un hasard\u00a0?) les s\u0153urs de la Charit\u00e9 de Nevers, puis Fatima (1917). La proclamation officielle, d\u00e9finitive et infaillible du dogme de l\u2019Immacul\u00e9e Conception et du culte \u00e0 la vierge ne date que du 8 d\u00e9cembre 1854, \u00e9poque o\u00f9 le pape Pie IX, dans une solennit\u00e9 incomparable, imposa cette croyance \u00e0 tous les fid\u00e8les. Voir un rapprochement entre ces faits serait bien s\u00fbr de la plus insigne mauvaise foi.<\/p>\n<p class=\"spip\">Mais, la petite m\u00e9daille de Melle Labour\u00e9 allait conna\u00eetre une nouvelle heure de gloire dans la seconde partie du XX\u00e8me si\u00e8cle<\/p>\n<p class=\"spip\">L\u2019histoire est bien connue. Ars\u00e8ne Heitz est charg\u00e9 en 1955 de proposer un dessin pour le futur drapeau de l\u2019Europe. Il r\u00e9alise le drapeau bleu parsem\u00e9 de 12 \u00e9toiles. A sa mort, sa femme \u00ab\u00a0r\u00e9v\u00e8le\u00a0\u00bb son inspiration\u00a0: <i class=\"spip\">\u00ab\u00a0il avait beaucoup de d\u00e9votion pour la Sainte Vierge, mais il fallait garder le secret, car il y a des juifs et des protestants en Europe. On ne pouvait pas d\u00e9voiler que c\u2019\u00e9tait la m\u00e9daille miraculeuse.\u00a0\u00bb<\/i><\/p>\n<p class=\"spip\">La m\u00e9daille aura au moins fait un miracle. Quand vous irez vous recueillir au 140 de la rue du Bac, vous saurez que pour l\u2019Europe vaticane, tout a commenc\u00e9 l\u00e0.<\/p>\n<\/div>\n<div class=\"notes\">\n<h2>Notes<\/h2>\n<p class=\"spip_note\">[<a class=\"spip_note\" title=\"info notes 1\" href=\"http:\/\/geraldcusin.free.fr\/spip.php?article5#nh1\" name=\"nb1\">1<\/a>] Notre m\u00e8re Th\u00e9resa locale<\/p>\n<p class=\"spip_note\">[<a class=\"spip_note\" title=\"info notes 2\" href=\"http:\/\/geraldcusin.free.fr\/spip.php?article5#nh2\" name=\"nb2\">2<\/a>] Cette rubrique \u00e9tant toujours d\u2019une haute tenue, et ne faisant jamais de plaisanteries de mauvais go\u00fbt \u00e0 propos du nom des personnes, il est bien \u00e9vident que je ne ferai pas le rapprochement graveleux que vous attendez tous.<\/p>\n<p class=\"spip_note\">[<a class=\"spip_note\" title=\"info notes 3\" href=\"http:\/\/geraldcusin.free.fr\/spip.php?article5#nh3\" name=\"nb3\">3<\/a>] Je ne sais pas comment c\u2019est maintenant, mais \u00e0 cette \u00e9poque les couvents \u00e9taient mal ferm\u00e9s<\/p>\n<p class=\"spip_note\">[<a class=\"spip_note\" title=\"info notes 4\" href=\"http:\/\/geraldcusin.free.fr\/spip.php?article5#nh4\" name=\"nb4\">4<\/a>] Croyant r\u00eav\u00e9\u00a0?<\/p>\n<p class=\"spip_note\">[<a class=\"spip_note\" title=\"info notes 5\" href=\"http:\/\/geraldcusin.free.fr\/spip.php?article5#nh5\" name=\"nb5\">5<\/a>] une autre jeune fille \u00ab\u00a0simple\u00a0\u00bb.<\/p>\n<\/div>\n<p><span style=\"color: #993300;\">Post-scriptum :<\/span><\/p>\n<p><span style=\"color: #993300;\">Suite \u00e0 cet article, en 2008, j&rsquo;ai re\u00e7u le message suivant d&rsquo;une certaine Pascale :<\/span><\/p>\n<p style=\"padding-left: 40px;\"><span style=\"color: #993300;\"><em>bonjour, je m\u2019appelle Pascale et il y a bien longtemps, la m\u00e9daille miraculeuse m\u2019a gu\u00e9rie d\u2019une dr\u00f4le de maladie. un article etait m\u00eame parue chez vous je crois de cette gu\u00e9rison inexpliqu\u00e9e. Je suis all\u00e9e remercier a Paris avec mes parents et j\u2019avais 7 ans. Etait Soeur \u00e0 l\u2019\u00e9poque une cousine de mon p\u00e8re, et je garderai tjrs un souvenir vivant de ma venue chez vous. Aujourd\u2019hui, j\u2019ai 43 ans et suis en pleine d\u00e9pression. Je ne sais pas \u00e0 qui parler et qui peux me donner le repos de l\u2019esprit. Je crois sinc\u00e8rement que la Vierge peut encore m\u2019aider aujourd\u2019hui et sauver ma vie comme elle l\u2019a d\u00e9j\u00e0 fait. Je ne sais pas si vous me r\u00e9pondrez . Mais merci au moins de m\u2019avoir lue. Bien \u00e0 vous Pascale<\/em> <\/span><\/p>\n<p><span style=\"color: #993300;\">Comprenne qui pourra, mais on ne dira jamais assez combien la d\u00e9pression est une maladie ravageuse.<\/span><\/p>\n<p>&nbsp;<\/p>\n","protected":false},"excerpt":{"rendered":"<div class=\"mh-excerpt\"><p>L&rsquo;Union europ\u00e9enne miraculeuse Le fabuleux destin de Catherine Labour\u00e9 par G\u00e9rald Cusin Cette histoire date, mais elle vaut toujours la peine d\u2019\u00eatre rappel\u00e9e, car ses <a class=\"mh-excerpt-more\" href=\"https:\/\/blog.fnlp.fr\/?p=259\" title=\"104 rue du Bac, Paris V\u00e8me\">[&#8230;]<\/a><\/p>\n<\/div>","protected":false},"author":1,"featured_media":260,"comment_status":"closed","ping_status":"closed","sticky":false,"template":"","format":"standard","meta":{"footnotes":""},"categories":[4,48,21,24,8],"tags":[],"class_list":["post-259","post","type-post","status-publish","format-standard","has-post-thumbnail","hentry","category-antidogmatisme","category-en-direct-du-xxie-siecle","category-gerald-cusin","category-obscurantisme","category-politique"],"_links":{"self":[{"href":"https:\/\/blog.fnlp.fr\/index.php?rest_route=\/wp\/v2\/posts\/259","targetHints":{"allow":["GET"]}}],"collection":[{"href":"https:\/\/blog.fnlp.fr\/index.php?rest_route=\/wp\/v2\/posts"}],"about":[{"href":"https:\/\/blog.fnlp.fr\/index.php?rest_route=\/wp\/v2\/types\/post"}],"author":[{"embeddable":true,"href":"https:\/\/blog.fnlp.fr\/index.php?rest_route=\/wp\/v2\/users\/1"}],"replies":[{"embeddable":true,"href":"https:\/\/blog.fnlp.fr\/index.php?rest_route=%2Fwp%2Fv2%2Fcomments&post=259"}],"version-history":[{"count":3,"href":"https:\/\/blog.fnlp.fr\/index.php?rest_route=\/wp\/v2\/posts\/259\/revisions"}],"predecessor-version":[{"id":264,"href":"https:\/\/blog.fnlp.fr\/index.php?rest_route=\/wp\/v2\/posts\/259\/revisions\/264"}],"wp:featuredmedia":[{"embeddable":true,"href":"https:\/\/blog.fnlp.fr\/index.php?rest_route=\/wp\/v2\/media\/260"}],"wp:attachment":[{"href":"https:\/\/blog.fnlp.fr\/index.php?rest_route=%2Fwp%2Fv2%2Fmedia&parent=259"}],"wp:term":[{"taxonomy":"category","embeddable":true,"href":"https:\/\/blog.fnlp.fr\/index.php?rest_route=%2Fwp%2Fv2%2Fcategories&post=259"},{"taxonomy":"post_tag","embeddable":true,"href":"https:\/\/blog.fnlp.fr\/index.php?rest_route=%2Fwp%2Fv2%2Ftags&post=259"}],"curies":[{"name":"wp","href":"https:\/\/api.w.org\/{rel}","templated":true}]}}