{"id":269,"date":"2008-01-26T00:01:29","date_gmt":"2008-01-25T23:01:29","guid":{"rendered":"https:\/\/blog.fnlp.fr\/?p=269"},"modified":"2020-01-12T00:15:51","modified_gmt":"2020-01-11T23:15:51","slug":"le-vatican-nest-pas-un-etat","status":"publish","type":"post","link":"https:\/\/blog.fnlp.fr\/?p=269","title":{"rendered":"Le Vatican n&rsquo;est pas un Etat"},"content":{"rendered":"<h4><img loading=\"lazy\" decoding=\"async\" class=\"size-full wp-image-270 alignleft\" src=\"https:\/\/blog.fnlp.fr\/wp-content\/uploads\/2020\/01\/44233839892_eb570e89cf_q.jpg\" alt=\"\" width=\"150\" height=\"150\" \/>par Jean-Marc Schiappa<\/h4>\n<div class=\"chapo\">\n<blockquote><p>A chaque visite papale, on nous ressort les m\u00eames inepties. Par ignorance ou par calcul, c\u2019est selon. Mais, bon gr\u00e9 mal gr\u00e9, on nous dit \u00ab\u00a0que voulez-vous, le pape est un chef d\u2019\u00c9tat\u00a0\u00bb\u00a0; parfois, des la\u00efques bien intentionn\u00e9s se r\u00e9criant contre cette affirmation os\u00e9e affirment <i>\u00ab\u00a0c\u2019est un Etat totalitaire\u00a0\u00bb<\/i>.<\/p>\n<p>Et bien, non\u00a0! Le Vatican n\u2019est pas un \u00c9tat, ni dictatorial, ni m\u00eame th\u00e9ocratique.<\/p>\n<p>Il n\u2019est pas un \u00c9tat du tout.<\/p><\/blockquote>\n<\/div>\n<div class=\"texte\">\n<h3 class=\"spip\">Origines<\/h3>\n<p><img loading=\"lazy\" decoding=\"async\" class=\"wp-image-274 alignleft\" src=\"https:\/\/blog.fnlp.fr\/wp-content\/uploads\/2020\/01\/Vatican_City_map_FR-300x232.png\" alt=\"\" width=\"227\" height=\"176\" \/>Gr\u00e2ce \u00e0 P\u00e9pin le Bref, cher au Pr\u00e9sident Sarkozy, pour des raisons qui sont, peut-\u00eatre, de l\u2019ordre de l\u2019identification psychanalytique, les Etats Pontificaux sont cr\u00e9\u00e9s en 756. Sous l\u2019autorit\u00e9 temporelle du Pape, ils vont \u00e9voluer tout au long du Moyen-Age comme n\u2019importe quelle structure f\u00e9odale, ni plus ni plus\u00a0: extensions, conqu\u00eates, querelles, conflits, scissions.<\/p>\n<p>Les choses changent avec la R\u00e9volution fran\u00e7aise et la condamnation par le pape de celle-ci. La population d\u2019Avignon, par exemple, alors sous domination papale d\u00e9cide de demander son rattachement \u00e0 la France\u00a0; ce qui fut fait en 1791. C\u2019est un des premiers exemples du droit des peuples \u00e0 disposer d\u2019eux m\u00eames.<\/p>\n<p>Les \u00c9tats Pontificaux forment \u00e0 cette \u00e9poque \u2013 et le resteront tout au long du XIXe si\u00e8cle &#8211; une partie essentielle du centre de l\u2019Italie, autour de Rome, de l\u2019Adriatique \u00e0 la Tyrrh\u00e9nienne, emp\u00eachant l\u2019unit\u00e9 de la Nation italienne. Voil\u00e0 pourquoi tous les unitaires italiens, de Buonarroti \u00e0 Garibaldi, combattront l\u2019existence de ces \u00c9tats, \u00e0 la fois, spirituels et temporels.<\/p>\n<p>C\u2019est l\u2019intervention des troupes de Napol\u00e9on III, dit \u00ab\u00a0le Petit\u00a0\u00bb (d\u00e9cidemment\u00a0!) qui permet le maintien de ces Etats en 1867. La chute du second Empire en <a class=\"spip_glossaire\" href=\"http:\/\/fr.wikipedia.org\/wiki\/1870\" rel=\"external\">1870<\/a> voit l\u2019entr\u00e9e des troupes italiennes \u00e0 Rome, par la Porte Pia (salu\u00e9e au Congr\u00e8s international de la Libre Pens\u00e9e de 1904). L\u2019unit\u00e9 de l\u2019Italie est r\u00e9alis\u00e9e et Rome devient logiquement sa capitale.<\/p>\n<p>Il n\u2019y a plus, d\u00e8s lors, de pouvoir temporel du pape. Celui-ci, <a class=\"spip_glossaire\" href=\"http:\/\/fr.wikipedia.org\/wiki\/Pie_IX\" rel=\"external\">Pie IX<\/a>, conteste ces d\u00e9cisions et se qualifie de <i>\u00ab\u00a0prisonnier du Vatican\u00a0\u00bb<\/i>, refusant les tentatives de tractations de l\u2019\u00c9tat italien\u00a0; ses successeurs agiront de m\u00eame. Nous remarquerons que cela n\u2019a pas emp\u00each\u00e9 l\u2019\u00c9glise catholique ni d\u2019exister ni de fonctionner (Condamnation du modernisme, de la loi de S\u00e9paration de 1905 etc). L\u2019\u00c9glise catholique n\u2019a pas besoin d\u2019un Etat pour fonctionner. L\u2019affirmation de La grande Encyclop\u00e9die des pays, publi\u00e9e par le Figaro-Magazine <i>\u00ab\u00a0l\u2019autonomie de l\u2019Etat du Vatican \u2026 est n\u00e9cessaire \u2026pour assurer l\u2019ind\u00e9pendance de la charge du pape\u00a0\u00bb<\/i> est une contre-v\u00e9rit\u00e9. L\u2019Histoire l\u2019a prouv\u00e9.<\/p>\n<h3 class=\"spip\">Les Accords de Latran (ou \u00ab\u00a0du Latran\u00a0\u00bb)<\/h3>\n<dl class=\"spip_document_51 spip_documents spip_documents_left\">\n<dt class=\"spip_doc_titre\">\n<figure id=\"attachment_271\" aria-describedby=\"caption-attachment-271\" style=\"width: 300px\" class=\"wp-caption alignleft\"><img loading=\"lazy\" decoding=\"async\" class=\"size-medium wp-image-271\" src=\"https:\/\/blog.fnlp.fr\/wp-content\/uploads\/2020\/01\/Accord-du-Latran-300x163.jpg\" alt=\"\" width=\"300\" height=\"163\" \/><figcaption id=\"caption-attachment-271\" class=\"wp-caption-text\">Accords du Latran, Mussolini et le pape<\/figcaption><\/figure>\n<p>Apr\u00e8s l\u2019\u00e9chec de la vague r\u00e9volutionnaire de 1917-1922, sur la base de<\/dt>\n<\/dl>\n<p>l\u2019\u00e9crasement du mouvement ouvrier, Mussolini prend le pouvoir en 1922, la m\u00eame ann\u00e9e que le pape Pie XI<span class=\"spip_note_ref\">\u00a0[<a id=\"nh1\" class=\"spip_note\" title=\"Sur la politique internationale du Vatican entre les deux guerres, nous\u00a0(...)\" href=\"http:\/\/old.fnlp.fr\/spip.php?article156#nb1\" rel=\"footnote\">1<\/a>]<\/span>. Le pouvoir fasciste n\u2019est cependant pas stable\u00a0: l\u2019assassinat du dirigeant socialiste Matteotti en 1924 et la proclamation des lois dites <i>\u00ab\u00a0ultra-fascistes\u00a0\u00bb<\/i> sont plus un signe de faiblesse que de force. Mussolini a besoin d\u2019une forme de reconnaissance internationale d\u2019o\u00f9 ses n\u00e9gociations avec le pape qui, lui m\u00eame, a besoin de p\u00e9renniser et de clarifier sa situation.<\/p>\n<p>Les accords du Latran sont sign\u00e9s le 11 f\u00e9vrier 1929 par Benito Mussolini en personne. Le quartier de 44 hectares (l\u2019\u00e9quivalent de la distance entre deux stations de m\u00e9tros) du Vatican est d\u00e9clar\u00e9 ind\u00e9pendant le 7 juin 1929. Acte bilat\u00e9ral entre l\u2019\u00c9glise catholique et le r\u00e9gime fasciste.<\/p>\n<h3 class=\"spip\">Qui est le p\u00e8re du Vatican\u00a0? Mussolini\u00a0!<\/h3>\n<p>Si l\u2019\u00e9radication du fascisme a un sens, elle doit aller jusqu\u2019\u00e0 la d\u00e9nonciation internationale de ce trait\u00e9. Tout gouvernement, tout ministre qui oublie cela se rend complice des crimes fascistes. Les accords du Latran donnent un statut sp\u00e9cial \u00e0 <a class=\"spip_glossaire\" href=\"http:\/\/fr.wikipedia.org\/wiki\/l%27%C3%89glise_catholique_romaine\" rel=\"external\">l\u2019\u00c9glise catholique romaine<\/a> en Italie. Ils comprennent \u00e9galement un trait\u00e9 de reconnaissance de l\u2019ind\u00e9pendance et de la souverainet\u00e9 du Vatican\u00a0; un <a class=\"spip_glossaire\" href=\"http:\/\/fr.wikipedia.org\/wiki\/concordat\" rel=\"external\">concordat<\/a> d\u00e9finissant les relations entre le Gouvernement italien et l\u2019\u00c9glise\u00a0; un volet financier d\u00e9dommageant le Vatican de la perte de ses \u00c9tats en <a class=\"spip_out\" href=\"http:\/\/fr.wikipedia.org\/wiki\/1870\" rel=\"external\">1870<\/a>.<\/p>\n<p>C\u2019est \u00e0 dire que l\u2019Italie a pay\u00e9 un d\u00e9dommagement au pape pour avoir occup\u00e9 une partie de l\u2019Italie. Imagine-t-on un propri\u00e9taire d\u00e9dommageant un squatteur\u00a0? Un vol\u00e9 d\u00e9dommageant un voleur\u00a0? Nous pouvons affirmer que le Vatican n\u2019est pas historiquement un Etat mais une cr\u00e9ation du fascisme. Nous noterons \u00e9galement que, comme le Concordat nazi de 1933, cette cr\u00e9ation fasciste est toujours en vigueur.<\/p>\n<p>Certes, en <a class=\"spip_out\" href=\"http:\/\/fr.wikipedia.org\/wiki\/1984\" rel=\"external\">1984<\/a>, un concordat entre le Vatican et l\u2019Italie a modifi\u00e9 certaines dispositions du trait\u00e9. Libre-penseurs de France, il ne nous appartient, ni de pr\u00e8s ni de loin, d\u2019\u00e9tablir ce qui est bon et ce qui ne l\u2019est pas dans d\u2019autres pays. Chacun doit balayer devant sa porte mais nous savons tous que l\u2019existence d\u2019un Concordat, de relations \u00e9tablies de puissance \u00e0 puissance entre l\u2019Eglise catholique et un Etat est la n\u00e9gation de la souverainet\u00e9 de l\u2019Etat et que le bon sens comme la politique recommandent de rejeter tout Concordat.<\/p>\n<h3 class=\"spip\">Finances<\/h3>\n<p>Un mot a \u00e9t\u00e9 dit des finances du Vatican. Soyons plus pr\u00e9cis. La grande Encyclop\u00e9die des pays \u00e9crit\u00a0: \u00ab\u00a0Sa richesse lui vient en grande partie des fonds remis en d\u00e9dommagement de l\u2019annexion du reste des Etats pontificaux par l\u2019Etat italien lors de la dissolution de l\u2019ancien Etat pontifical. Ce sont les int\u00e9r\u00eats de cet argent, place dans diverses entreprises, qui constituent une grande partie des fonds de l\u2019Etat\u00a0\u00bb. Passons sur le vocabulaire\u00a0: le retour \u00e0 l\u2019Italie du Latium devient \u00ab\u00a0annexion\u00a0\u00bb. Quel est le fond du probl\u00e8me\u00a0?<\/p>\n<p>La restitution des sommes vers\u00e9es par Mussolini (et pay\u00e9s par les citoyens italiens) comme de leurs int\u00e9r\u00eats est une revendication de base\u00a0: les Italiens devraient-ils payer l\u2019occupation de leur territoire\u00a0? Seuls, les trait\u00e9s de paix les plus sauvages, celui de Versailles en 1871, par exemple, le pr\u00e9voient. Il faut donc annuler le trait\u00e9 de Latran et, en cons\u00e9quence, restituer au peuple italien les sommes vol\u00e9es par Mussolini et la papaut\u00e9. Le catholique J. Mercier \u00e9crit qu\u2019il s\u2019agit de<i> \u00ab\u00a0au cours de 1929, 830 millions de lires\u00a0\u00bb<\/i><span class=\"spip_note_ref\">\u00a0[<a id=\"nh2\" class=\"spip_note\" title=\"J. Mercier, Vingt si\u00e8cles d\u2019histoire du Vatican \u00bb, 1976, p. 407.\" href=\"http:\/\/old.fnlp.fr\/spip.php?article156#nb2\" rel=\"footnote\">2<\/a>]<\/span>.<\/p>\n<h3 class=\"spip\">Institutions<\/h3>\n<p>Le <a class=\"spip_glossaire\" href=\"http:\/\/fr.wikipedia.org\/wiki\/pape\" rel=\"external\">pape<\/a> dispose de tous les <a class=\"spip_glossaire\" href=\"http:\/\/fr.wikipedia.org\/wiki\/pouvoirs\" rel=\"external\">pouvoirs<\/a> (ex\u00e9cutif, l\u00e9gislatif et judiciaire). Le Vatican est une dictature explicite. Les institutions du Vatican sont r\u00e9gl\u00e9es par une \u00ab\u00a0constitution\u00a0\u00bb, dont la premi\u00e8re mouture a \u00e9t\u00e9 r\u00e9dig\u00e9e par <a class=\"spip_glossaire\" href=\"http:\/\/fr.wikipedia.org\/wiki\/Pie_XI\" rel=\"external\">Pie XI<\/a> au moment des <a class=\"spip_glossaire\" href=\"http:\/\/fr.wikipedia.org\/wiki\/accords_du_Latran\" rel=\"external\">accords du Latran<\/a>. Actuellement, le Vatican est r\u00e9gi par la loi fondamentale du <a class=\"spip_glossaire\" href=\"http:\/\/fr.wikipedia.org\/wiki\/22_f%C3%A9vrier_2001\" rel=\"external\">22 f\u00e9vrier 2001<\/a>.<\/p>\n<p>Voici les articles essentiels\u00a0:<\/p>\n<p>\u00ab\u00a0<strong>Article premier<\/strong><\/p>\n<ol class=\"spip\">\n<li>Le Souverain Pontife, souverain de l\u2019\u00c9tat de la Cit\u00e9 du Vatican, a la pl\u00e9nitude des pouvoirs l\u00e9gislatif, ex\u00e9cutif et judiciaire.<\/li>\n<\/ol>\n<p><strong>Article 2<\/strong><\/p>\n<p>La repr\u00e9sentation de l\u2019\u00c9tat dans ses rapports avec les \u00c9tats \u00e9trangers et avec les autres sujets de droit international, pour les relations diplomatiques et pour la conclusion des trait\u00e9s, est r\u00e9serv\u00e9e au Souverain Pontife, qui l\u2019exerce par l\u2019interm\u00e9diaire de la Secr\u00e9tairerie d\u2019\u00c9tat<\/p>\n<p><strong>Article 3<\/strong><\/p>\n<ol class=\"spip\">\n<li>Le pouvoir l\u00e9gislatif, \u00e0 l\u2019exception des cas que le Souverain Pontife entend r\u00e9server \u00e0 lui-m\u00eame ou \u00e0 d\u2019autres instances, est exerc\u00e9 par une Commission compos\u00e9e d\u2019un cardinal pr\u00e9sident et d\u2019autres cardinaux, tous nomm\u00e9s par le Souverain Pontife pour cinq ans.<\/li>\n<\/ol>\n<p><strong>Article 4<\/strong><\/p>\n<p><img loading=\"lazy\" decoding=\"async\" class=\"puce\" src=\"http:\/\/old.fnlp.fr\/squelettes-dist\/puce.gif\" alt=\"-\" width=\"8\" height=\"11\" \/>\u00a01. La Commission exerce son pourvoir dans les limites de la loi sur les sources du droit et selon les dispositions pertinentes de son propre r\u00e8glement.<br \/>\n<img loading=\"lazy\" decoding=\"async\" class=\"puce\" src=\"http:\/\/old.fnlp.fr\/squelettes-dist\/puce.gif\" alt=\"-\" width=\"8\" height=\"11\" \/>\u00a03. Les projets de loi sont pr\u00e9alablement soumis, par l\u2019interm\u00e9diaire de la Secr\u00e9tairerie d\u2019\u00c9tat, \u00e0 l\u2019attention du Souverain Pontife.<\/p>\n<p><strong>Article 12<\/strong><\/p>\n<p>Le budget pr\u00e9visionnel et les comptes de l\u2019\u00c9tat, apr\u00e8s approbation de la Commission, sont soumis au Souverain Pontife par l\u2019interm\u00e9diaire de la Secr\u00e9tairerie d\u2019\u00c9tat.<\/p>\n<p><strong>Article 15<\/strong><\/p>\n<p><img loading=\"lazy\" decoding=\"async\" class=\"puce\" src=\"http:\/\/old.fnlp.fr\/squelettes-dist\/puce.gif\" alt=\"-\" width=\"8\" height=\"11\" \/>\u00a01. Le pouvoir judiciaire est exerc\u00e9, au nom du Souverain Pontife, par les organes constitu\u00e9s au sein de l\u2019organisation judiciaire de l\u2019\u00c9tat.<\/p>\n<p><strong>Article 16<\/strong><\/p>\n<p>En toute cause civile ou p\u00e9nale et tout \u00e9tat de celle-ci, le Souverain Pontife peut en d\u00e9f\u00e9rer l\u2019instruction et la d\u00e9cision \u00e0 une instance particuli\u00e8re, et lui donner la facult\u00e9 de se prononcer en \u00e9quit\u00e9 et sans recours ult\u00e9rieur possible.<\/p>\n<p><strong>Article 17<\/strong><\/p>\n<p><img loading=\"lazy\" decoding=\"async\" class=\"puce\" src=\"http:\/\/old.fnlp.fr\/squelettes-dist\/puce.gif\" alt=\"-\" width=\"8\" height=\"11\" \/>\u00a01. Except\u00e9 ce que dispose l\u2019article suivant, quiconque consid\u00e8re avoir \u00e9t\u00e9 l\u00e9s\u00e9 dans son droit ou int\u00e9r\u00eat l\u00e9gitime par un acte administratif peut intenter un recours hi\u00e9rarchique ou s\u2019adresser \u00e0 l\u2019autorit\u00e9 judiciaire comp\u00e9tente.<br \/>\n<img loading=\"lazy\" decoding=\"async\" class=\"puce\" src=\"http:\/\/old.fnlp.fr\/squelettes-dist\/puce.gif\" alt=\"-\" width=\"8\" height=\"11\" \/>\u00a02. Le recours hi\u00e9rarchique \u00e9teint, dans la m\u00eame mati\u00e8re, l\u2019action judiciaire, sauf d\u00e9rogation autoris\u00e9e au cas par cas par le Souverain Pontife.<\/p>\n<p><strong>Article 18<\/strong><\/p>\n<p><img loading=\"lazy\" decoding=\"async\" class=\"puce\" src=\"http:\/\/old.fnlp.fr\/squelettes-dist\/puce.gif\" alt=\"-\" width=\"8\" height=\"11\" \/>\u00a01. Les conflits relatifs aux rapports de travail entre les salari\u00e9s de l\u2019\u00c9tat et l\u2019administration rel\u00e8vent de la comp\u00e9tence de l\u2019office du travail du Si\u00e8ge apostolique , selon son statut propre.<br \/>\n<img loading=\"lazy\" decoding=\"async\" class=\"puce\" src=\"http:\/\/old.fnlp.fr\/squelettes-dist\/puce.gif\" alt=\"-\" width=\"8\" height=\"11\" \/>\u00a02. les recours contre les mesures disciplinaires prises contre les salari\u00e9s de l\u2019\u00c9tat peuvent \u00eatre port\u00e9s devant la cour d\u2019appel, selon ses r\u00e8gles propres.<\/p>\n<p><strong>Article 19<\/strong><\/p>\n<p>La facult\u00e9 d\u2019accorder les amnisties, les remises de peine, les pardons et les gr\u00e2ces est r\u00e9serv\u00e9e au Souverain pontife.\u00a0\u00bb<\/p>\n<blockquote class=\"spip\"><p><br class=\"autobr\" \/>Faut-il commenter\u00a0? Oui, avec Montesquieu \u00e9crivant, comme on le sait, sur la s\u00e9paration des pouvoirs\u00a0: <i>\u00ab\u00a0Chez les Turcs o\u00f9 les trois pouvoirs sont r\u00e9unis sur la t\u00eate du sultan, il r\u00e8gne un affreux despotisme\u00a0\u00bb<\/i>.<\/p><\/blockquote>\n<h3 class=\"spip\">Le Vatican est un affreux despotisme\u00a0!<\/h3>\n<p>La grande Encyclop\u00e9die des pays parle de <i>\u00ab\u00a0monarchie absolue\u00a0\u00bb<\/i>. Dans le cadre de la religion catholique, c\u2019est une \u00e9vidence mais c\u2019est le probl\u00e8me des seuls catholiques\u00a0; les libre-penseurs ne donneront certes pas d\u2019id\u00e9e ou de suggestion pour r\u00e9former l\u2019\u00c9glise. Mais quelles sont les autres monarchies absolues\u00a0? Peut-\u00eatre dans quelques \u00eeles du Pacifique\u00a0? La monarchie absolue a \u00e9t\u00e9 abolie au N\u00e9pal en 2006, suite \u00e0 une s\u00e9rie de manifestations et de gr\u00e8ves. Il existe \u00e9galement la monarchie absolue au Swaziland mais une gr\u00e8ve g\u00e9n\u00e9rale en juillet 2007 s\u2019y est violemment oppos\u00e9e. Il faut dire que la population du Swaziland est sup\u00e9rieure au million d\u2019habitants, ce qui n\u2019a rien de comparable aux centaines de log\u00e9s du Vatican. M\u00eame de ce point de vue, le Vatican est une survivance moyen\u00e2geuse.<\/p>\n<h3 class=\"spip\">Citoyennet\u00e9<\/h3>\n<p>La citoyennet\u00e9 vaticane n\u2019est pas l\u2019expression d\u2019une appartenance nationale. D\u2019ailleurs, il n\u2019y a aucune \u00e9lection g\u00e9n\u00e9rale. La majorit\u00e9 des habitants du Vatican ne poss\u00e8de pas cette citoyennet\u00e9. Elle est li\u00e9e uniquement \u00e0 l\u2019exercice de fonctions au sein du Vatican ou du Saint-Si\u00e8ge. D\u00e8s que ces fonctions cessent, la citoyennet\u00e9 cesse. Le Vatican a invent\u00e9 la citoyennet\u00e9 en CDD. Notons une disposition prouvant, \u00e0 elle seule, la misogynie cong\u00e9nitale de l\u2019Eglise\u00a0: la citoyennet\u00e9 est attribu\u00e9e \u00e9galement au conjoint et \u00e0 la famille des fonctionnaires du Vatican. Les gar\u00e7ons en perdent les b\u00e9n\u00e9fices \u00e0 l\u2019\u00e2ge de 25 ans et les filles, au moment de leur mariage. Les femmes n\u2019existent que mari\u00e9es. Le Vatican est le seul Etat sans citoyens\u00a0!<\/p>\n<p>Parce qu\u2019un Etat c\u2019est la forme organis\u00e9e d\u2019une Nation, c\u2019est un territoire, une population, une citoyennet\u00e9, le produit d\u2019une histoire libre, une forme d\u2019organisation interne qui peut \u00eatre modifi\u00e9e par les citoyens, le Vatican n\u2019est pas une Nation et encore moins un Etat.<\/p>\n<p><strong>Le pape ne peut se pr\u00e9valoir des droits accord\u00e9s \u00e0 un chef d\u2019Etat.<\/strong><\/p>\n<\/div>\n<p>&nbsp;<\/p>\n<div class=\"notes\">\n<div id=\"nb1\">\n<p><span class=\"spip_note_ref\">[<a class=\"spip_note\" title=\"Notes 1\" href=\"http:\/\/old.fnlp.fr\/spip.php?article156#nh1\" rev=\"footnote\">1<\/a>]\u00a0<\/span>Sur la politique internationale du Vatican entre les deux guerres, nous renvoyons \u00e0 l\u2019ouvrage exhaustif de notre camarade A. Lacroix-Riz, Le Vatican, l\u2019Europe, le Reich.<\/p>\n<\/div>\n<div id=\"nb2\">\n<p><span class=\"spip_note_ref\">[<a class=\"spip_note\" title=\"Notes 2\" href=\"http:\/\/old.fnlp.fr\/spip.php?article156#nh2\" rev=\"footnote\">2<\/a>]\u00a0<\/span>J. Mercier, Vingt si\u00e8cles d\u2019histoire du Vatican\u00a0\u00bb, 1976, p. 407.<\/p>\n<\/div>\n<\/div>\n","protected":false},"excerpt":{"rendered":"<div class=\"mh-excerpt\"><p>par Jean-Marc Schiappa A chaque visite papale, on nous ressort les m\u00eames inepties. Par ignorance ou par calcul, c\u2019est selon. Mais, bon gr\u00e9 mal gr\u00e9, <a class=\"mh-excerpt-more\" href=\"https:\/\/blog.fnlp.fr\/?p=269\" title=\"Le Vatican n&rsquo;est pas un Etat\">[&#8230;]<\/a><\/p>\n<\/div>","protected":false},"author":1,"featured_media":274,"comment_status":"closed","ping_status":"closed","sticky":false,"template":"","format":"standard","meta":{"footnotes":""},"categories":[26,25],"tags":[],"class_list":["post-269","post","type-post","status-publish","format-standard","has-post-thumbnail","hentry","category-histoire","category-jean-marc-schiappa"],"_links":{"self":[{"href":"https:\/\/blog.fnlp.fr\/index.php?rest_route=\/wp\/v2\/posts\/269","targetHints":{"allow":["GET"]}}],"collection":[{"href":"https:\/\/blog.fnlp.fr\/index.php?rest_route=\/wp\/v2\/posts"}],"about":[{"href":"https:\/\/blog.fnlp.fr\/index.php?rest_route=\/wp\/v2\/types\/post"}],"author":[{"embeddable":true,"href":"https:\/\/blog.fnlp.fr\/index.php?rest_route=\/wp\/v2\/users\/1"}],"replies":[{"embeddable":true,"href":"https:\/\/blog.fnlp.fr\/index.php?rest_route=%2Fwp%2Fv2%2Fcomments&post=269"}],"version-history":[{"count":3,"href":"https:\/\/blog.fnlp.fr\/index.php?rest_route=\/wp\/v2\/posts\/269\/revisions"}],"predecessor-version":[{"id":277,"href":"https:\/\/blog.fnlp.fr\/index.php?rest_route=\/wp\/v2\/posts\/269\/revisions\/277"}],"wp:featuredmedia":[{"embeddable":true,"href":"https:\/\/blog.fnlp.fr\/index.php?rest_route=\/wp\/v2\/media\/274"}],"wp:attachment":[{"href":"https:\/\/blog.fnlp.fr\/index.php?rest_route=%2Fwp%2Fv2%2Fmedia&parent=269"}],"wp:term":[{"taxonomy":"category","embeddable":true,"href":"https:\/\/blog.fnlp.fr\/index.php?rest_route=%2Fwp%2Fv2%2Fcategories&post=269"},{"taxonomy":"post_tag","embeddable":true,"href":"https:\/\/blog.fnlp.fr\/index.php?rest_route=%2Fwp%2Fv2%2Ftags&post=269"}],"curies":[{"name":"wp","href":"https:\/\/api.w.org\/{rel}","templated":true}]}}