{"id":27,"date":"2015-11-23T12:12:43","date_gmt":"2015-11-23T11:12:43","guid":{"rendered":"https:\/\/blog.fnlp.fr\/?p=27"},"modified":"2020-01-06T19:52:01","modified_gmt":"2020-01-06T18:52:01","slug":"alain-minc-salarie-du-cac-40-est-contre-la-loi-de-1905-qui-sen-etonnerait","status":"publish","type":"post","link":"https:\/\/blog.fnlp.fr\/?p=27","title":{"rendered":"Alain Minc, salari\u00e9 du CAC 40 est contre la loi de 1905, qui s\u2019en \u00e9tonnerait ?"},"content":{"rendered":"<h5>par Christian Eyschen, vice-pr\u00e9sident de la FNLP<\/h5>\n<p><img loading=\"lazy\" decoding=\"async\" class=\"size-full wp-image-52 alignleft\" src=\"https:\/\/blog.fnlp.fr\/wp-content\/uploads\/2017\/10\/29346274347_15990a2431_q.jpg\" alt=\"\" width=\"150\" height=\"150\" \/>Le chantre de la pens\u00e9e unique \u00e9tait l\u2019invit\u00e9 de RTL, le 16 octobre 2015. A la question\u00a0:\u00a0<em>\u00ab\u00a0\u00a0Pourquoi suspendre la loi de 1905 pour la religion musulmane\u00a0?\u00a0\u00bb<\/em>, il a r\u00e9pondu<em> \u00ab\u00a0En 1905, les trois Eglises constitu\u00e9es \u2013 Catholique, Protestante et Juive \u2013 h\u00e9ritent, comme des entreprises industrielles, d\u2019un appareil de production\u00a0: des Eglises, des Temples, des Synagogues. D\u2019ailleurs depuis, un appareil de production \u00e0 moiti\u00e9 vide, mais peu importe. La religion musulmane \u00e0 l\u2019\u00e9poque n\u2019existe pas donc elle n\u2019h\u00e9rite de rien et aujourd\u2019hui qu\u2019est-ce qu\u2019elle fait\u00a0? <\/em><\/p>\n<p><em>Vous pr\u00e9f\u00e9rez des mosqu\u00e9es construites par la R\u00e9publique ou des mosqu\u00e9es financ\u00e9es par les salafistes\u00a0? Vous pr\u00e9f\u00e9rez des imams form\u00e9s dans des instituts contr\u00f4l\u00e9s par la R\u00e9publique ou des imams form\u00e9s par on ne sait trop qui et pr\u00eachant on se sait trop quelle parole ambig\u00fce\u00a0? <\/em><\/p>\n<p><em>D\u2019ailleurs il faut revenir \u00e0 la base parce que la loi de 1905 est devenue un tabou qui n\u2019\u00e9tait pas du tout l\u2019esprit originel. Elle \u00e9tait lib\u00e9rale au d\u00e9part. Aujourd\u2019hui elle est devenue une esp\u00e8ce de support d\u2019une la\u00efcit\u00e9 combative pleine d\u2019arri\u00e8re-pens\u00e9e.\u00a0\u00bb<\/em><\/p>\n<p>Un mensonge r\u00e9p\u00e9t\u00e9 cent fois n\u2019en demeure pas moins un mensonge. En 1905, il y avait 10 millions de musulmans en France. La\u00a0 loi de 1905 pr\u00e9voyait d\u2019appliquer la loi de S\u00e9paration aux trois d\u00e9partements d\u2019Alg\u00e9rie. Ce sont les anc\u00eatres des commanditaires d\u2019<strong>Alain Minc<\/strong> qui ont emp\u00each\u00e9 qu\u2019elle soit appliqu\u00e9e. Et c\u2019est leur rejeton d\u2019aujourd\u2019hui qui demande toujours qu\u2019elle ne le soit plus.<\/p>\n<p><strong>Cela s\u2019appelle la continuit\u00e9 dans la r\u00e9action.<\/strong><\/p>\n<h3>On ne comptera pas non-plus les bottes-\u00e0-clous et les bas-du-Front de Riposte la\u00efque avec\u00a0 la Libre Pens\u00e9e le 5 d\u00e9cembre 2015 \u00e0 Paris<\/h3>\n<p>Vu sur son site\u00a0 le 17 octobre 2015\u00a0:\u00a0<em>\u00ab\u00a0Une affaire de cr\u00e8che de No\u00ebl en Vend\u00e9e, identique \u00e0 celle de Melun, vient d\u2019obtenir les d\u00e9cisions juridiques exactement inverses, et \u00e0 toutes les \u00e9tapes de la proc\u00e9dure. Le Conseil d\u00e9partemental de Vend\u00e9e avait install\u00e9 une cr\u00e8che de No\u00ebl dans son hall. Le Tribunal administratif l\u2019a fait retirer \u00e0 l\u2019automne 2014 estimant que son caract\u00e8re religieux \u00e9tait contraire au principe de la\u00efcit\u00e9 des lieux publics. Le 13 octobre, la Cour administrative d\u2019appel de Nantes a annul\u00e9 cette d\u00e9cision, estimant au contraire que la cr\u00e8che s\u2019inscrit <\/em>\u00ab dans le cadre d\u2019une tradition relative \u00e0 la pr\u00e9paration de la f\u00eate familiale de No\u00ebl, ne rev\u00eat pas la nature d\u2019un signe ou embl\u00e8me religieux \u00bb <em>et qu\u2019elle n\u2019est pas ostentatoire.<\/em><\/p>\n<p><em>Bien nous savons maintenant que les coupeurs de cheveux en quatre sont financ\u00e9s par leurs moult proc\u00e8s, passons \u00e0 la question suivante: Quelles sont leurs motivations ? \u00a0Pourquoi chercher des poux dans la t\u00eate ? Une cr\u00e8che est-elle coupable d\u2019avoir tu\u00e9 quelqu\u2019un ? Non, mais c\u2019est l\u2019occasion de gagner de l\u2019argent et peut \u00eatre aussi \u2026 de d\u00e9construire la France. Et pourquoi pas avec des capitaux \u00e9trangers. En effet, chez Libre Pens\u00e9e personne ne moufte quand on voit une voil\u00e9e ou quand on construit une mosqu\u00e9e. Ben oui ! Les minarets ne les g\u00eanent pas, en revanche la moindre petite croix en pendentif est une tr\u00e8s tr\u00e8s grave atteinte \u00e0 la R\u00e9publique la\u00efque.<\/em><\/p>\n<p><em>Ma conclusion est :<\/em><\/p>\n<ul>\n<li><em>Ce club d\u2019emmerdeurs sature inutilement les instances de la Justice,<\/em><\/li>\n<li><em>Les procureurs donnent suite \u00e0 leurs demandes ubuesques,<\/em><\/li>\n<li><em>Votre voiture est incendi\u00e9e par un multi-r\u00e9cidiviste rel\u00e2ch\u00e9 parce que d\u00e9lais trop longs de la Justice,<\/em><\/li>\n<li><em>Vous \u00eates fich\u00e9s parce qu\u2019il y a une cr\u00e8che chez vous sur d\u00e9nonciation de votre voisine.<\/em><\/li>\n<\/ul>\n<p><em>La <\/em>\u00ab\u00a0libre pens\u00e9e\u00a0\u00bb<em> est une machine \u00e0 casser la France, elle participe all\u00e8grement au grand remplacement. Elle est traitre \u00e0 la Nation.\u00a0\u00bb<\/em><\/p>\n<h3>Et tout cela fait \u00ab\u00a0d\u2019excellents fran\u00e7ais\u00a0\u00bb, \u00e0 d\u00e9faut d\u2019en faire des la\u00efques<\/h3>\n<p>Comme souvent, les initiatives de la <strong>Libre\u00a0 Pens\u00e9e<\/strong> am\u00e8nent les uns et les autres \u00e0 se positionner. On voit toujours ainsi le foss\u00e9 appara\u00eetre entre les faux \u00ab\u00a0la\u00efques\u00a0\u00bb qui nous appellent \u00e0 une nouvelle croisade contre les musulmans et les vrais la\u00efques, dans leurs diversit\u00e9s, qui d\u00e9fendent la loi de 1905 comme une loi de libert\u00e9 qui permet \u00e0 chacun d\u2019exprimer sa propre libert\u00e9 de conscience.<\/p>\n<p>Depuis longtemps, les libres penseurs ont fait leur la formule de <strong>Rosa Luxembourg<\/strong>\u00a0:\u00a0<em>\u00ab\u00a0La libert\u00e9, c\u2019est toujours la libert\u00e9 de celui qui pense autrement.\u00a0\u00bb<\/em> Eux, \u00e0 l\u2019inverse, ne sont pour la libert\u00e9 que pour ceux qui pensent comme eux. Ce qui est \u00e0 la port\u00e9e du premier\u00a0 totalitaire venu.<\/p>\n<p>Les m\u00eames n\u2019ont aucune retenue pour nous appeler \u00e0 les rejoindre dans leur ratonnade\u00a0 d\u2019un nouveau genre. Faute de quoi, la sentence d\u2019excommunication est d\u00e9j\u00e0 pr\u00eate\u00a0:\u00a0<em>\u00ab\u00a0Et nous esp\u00e9rons maintenant retrouver \u00e0 nos c\u00f4t\u00e9s ceux qui jusqu\u2019\u00e0 maintenant niaient l\u2019existence de fanatiques meurtriers qui se revendiquent d\u2019un islam d\u00e9voy\u00e9, ceux qui nous traitaient de x\u00e9nophobes ou d\u2019islamophobes. Ou alors ils apporteront la preuve qu\u2019ils ont, eux aussi, bascul\u00e9 dans l\u2019obscurantisme, par dogmatisme politique.\u00a0\u00bb<\/em>\u00a0\u00a0 Le r\u00eave est le propre de l\u2019Homme, le ridicule aussi.<\/p>\n<p>Bien entendu, ces gens-l\u00e0, associations groupusculaires, sont pris <em>\u00ab\u00a0par bien d\u2019autres chantiers\u00a0\u00bb<\/em> pour pouvoir participer le 5 d\u00e9cembre \u00e0 l\u2019initiative de la Libre Pens\u00e9e en d\u00e9fense de la loi de 1905. On est pri\u00e9 de ne pas rire. Leur chantier n\u2019est pas le n\u00f4tre et ne le sera jamais.<\/p>\n<p>Nous leur d\u00e9dions la chanson de <strong>Maurice Chevalier<\/strong>\u00a0: <em>\u00ab\u00a0Et tout \u00e7a, \u00e7a fait d&rsquo;excellents Fran\u00e7ais d\u00b4excellents soldats qui marchent au pas Ils n&rsquo;en avaient plus l&rsquo;habitude Mais c&rsquo;est comme la bicyclette, \u00e7a s&rsquo;oublie pas!\u00a0\u00bb<\/em> Tout \u00e9tait d\u00e9j\u00e0 dit.<\/p>\n<h3><img loading=\"lazy\" decoding=\"async\" class=\"alignleft\" src=\"https:\/\/www.fnlp.fr\/uploads\/images\/articles\/376096_odon-600_460x306.jpg\" alt=\"\" width=\"150\" height=\"100\" \/>Un autre Crois\u00e9, Odon Vallet chantre de la guerre<\/h3>\n<p>Lu dans les \u0153uvres de ce <em>\u00ab\u00a0sp\u00e9cialiste des religions\u00a0\u00bb<\/em> qui hante les plateaux de t\u00e9l\u00e9vision\u00a0:\u00a0<em>\u00ab\u00a0\u00a0La guerre de 1914 bouleversa le paysage id\u00e9ologique de la France\u00a0: \u00e0 la division religieuse succ\u00e9da l\u2019<\/em>\u00a0\u00ab\u00a0Union sacr\u00e9e\u00a0\u00bb<em>, celle des <\/em>\u00ab\u00a0cur\u00e9s sac au dos\u00a0\u00bb<em> et des instituteurs officiers de r\u00e9serve. L\u2019univers masculin des tranch\u00e9es rassemblait les hommes de dix-huit \u00e0 cinquante ans, unis dans le sacrifice qu\u2019avait glorifi\u00e9 <strong>P\u00e9guy<\/strong>, l\u2019une de ses premi\u00e8res victimes\u00a0:<\/em><\/p>\n<p><strong>\u00ab\u00a0Heureux ceux qui sont morts pour la terre charnelle<\/strong><br \/>\n<strong>Mais pourvu que ce f\u00fbt une juste guerre\u2026<\/strong><br \/>\n<strong>Heureux ceux qui sont morts dans les grandes batailles,<\/strong><br \/>\n<strong>Couch\u00e9s dessus le sol \u00e0 la face de Dieu\u2026<\/strong><br \/>\n<strong>Heureux ceux qui sont morts pour des cit\u00e9s charnelles,<\/strong><br \/>\n<strong>Car elles sont le corps de la cit\u00e9 de Dieu.\u00a0\u00bb<\/strong><\/p>\n<p><em>Compos\u00e9e de fr\u00e8res et s\u0153urs de toute la plan\u00e8te, la r\u00e9publique des saints et des h\u00e9ros, indiff\u00e9rente au statut social et aux quartiers de noblesse, nous rappelle combien la mort h\u00e9ro\u00efque unit les gens ordinaires. <\/em><\/p>\n<p><em>Il faut que les riches prennent conscience que dans le monde entier, les \u00e9carts sociaux se sont creus\u00e9s, parce qu\u2019il n\u2019y a plus de guerre. L\u2019\u00e9galit\u00e9 sociale, c\u2019\u00e9tait la guerre au XXe si\u00e8cle\u2026On l\u2019a oubli\u00e9, mais l\u2019imp\u00f4t sur le revenu a \u00e9t\u00e9 cr\u00e9\u00e9 en 1917. La S\u00e9curit\u00e9 sociale, par <strong>Pierre Laroque<\/strong> en 1945, vient du plan <strong>Beveridge<\/strong> de 1942. Les deux guerres mondiales ont pouss\u00e9 \u00e0 un rapprochement des conditions. Or, depuis 60\u00a0ans, il n\u2019y a plus de guerre.\u00a0\u00bb<\/em><\/p>\n<p>D\u00e9di\u00e9 \u00e0 tous ceux qui nous disent que nous sommes d\u00e9sormais en guerre.<\/p>\n<h3>L\u2019Union des Ath\u00e9es est aux c\u00f4t\u00e9s de la Libre Pens\u00e9e pour la d\u00e9fense de la loi de 1905<\/h3>\n<p>Notre ami <strong>Johann\u00e9s Robyn<\/strong>, Pr\u00e9sident de <strong>l\u2019Union des Ath\u00e9es<\/strong> nous a fait parvenir ce\u00a0 texte de soutien \u00e0 la manifestation de la <strong>Libre Pens\u00e9e<\/strong>\u00a0: <em>\u00ab\u00a0<strong>L&rsquo;Union des Ath\u00e9es<\/strong> soutient enti\u00e8rement la manifestation du 5 d\u00e9cembre. Nous estimons qu&rsquo;aucun Etat ne peut favoriser une croyance, qu&rsquo;elle soit religieuse ou non, au d\u00e9triment d&rsquo;autres points de vue.<\/em><\/p>\n<p><em>L&rsquo;Histoire nous a montr\u00e9 \u00e0 suffisance, et l&rsquo;actualit\u00e9 encore, qu&rsquo;aucune croyance vraie n&rsquo;est tol\u00e9rante.\u00a0Des dizaines de milliers de victimes en attestent. Un croyant \u00ab\u00a0tol\u00e9rant\u00a0\u00bb n&rsquo;est jamais qu&rsquo;un mauvais croyant, et il a bien ce droit.\u00a0Il y a moins de quatre si\u00e8cles, on croyait encore \u00e0 la sorcellerie. Combien de victimes ont d\u00fb payer de leur vie cette aberration. Et m\u00eame si elles y croyaient elles-m\u00eames, le probl\u00e8me n&rsquo;est pas l\u00e0 : n&rsquo;importe qui a bien le droit de croire, mais jamais celui d&rsquo;imposer sa croyance. Il y a \u00e0 peine un peu plus de 20 ans que l&rsquo;Eglise catholique a r\u00e9habilit\u00e9 Galil\u00e9e (et encore, en quels termes). Cette m\u00eame Eglise est aujourd&rsquo;hui encore, largement subventionn\u00e9e par l&rsquo;Etat.<\/em><\/p>\n<p><em>Et celui-ci ne peut se pr\u00e9valoir des principes d\u00e9mocratiques pour ce faire : c&rsquo;est le m\u00eame genre de \u00ab\u00a0d\u00e9mocratie\u00a0\u00bb qui a permis au nazisme de s&rsquo;imposer, avec le concours du parti catholique. Finalement, le fond du probl\u00e8me est celui du droit \u00e0 la libert\u00e9 d&rsquo;expression. A quoi servirait la libert\u00e9 de pens\u00e9e, s&rsquo;il \u00e9tait interdit de l&rsquo;exprimer ?\u00a0Et ce n&rsquo;est pas dans les \u00e9glises ou les temples qu&rsquo;on apprend la tol\u00e9rance.\u00a0\u00bb<\/em><\/p>\n","protected":false},"excerpt":{"rendered":"<div class=\"mh-excerpt\"><p>par Christian Eyschen, vice-pr\u00e9sident de la FNLP Le chantre de la pens\u00e9e unique \u00e9tait l\u2019invit\u00e9 de RTL, le 16 octobre 2015. A la question\u00a0:\u00a0\u00ab\u00a0\u00a0Pourquoi suspendre <a class=\"mh-excerpt-more\" href=\"https:\/\/blog.fnlp.fr\/?p=27\" title=\"Alain Minc, salari\u00e9 du CAC 40 est contre la loi de 1905, qui s\u2019en \u00e9tonnerait ?\">[&#8230;]<\/a><\/p>\n<\/div>","protected":false},"author":1,"featured_media":28,"comment_status":"closed","ping_status":"closed","sticky":false,"template":"","format":"standard","meta":{"footnotes":""},"categories":[5,14,3],"tags":[],"class_list":["post-27","post","type-post","status-publish","format-standard","has-post-thumbnail","hentry","category-antimilitarisme","category-christian-eyschen","category-laicite"],"_links":{"self":[{"href":"https:\/\/blog.fnlp.fr\/index.php?rest_route=\/wp\/v2\/posts\/27","targetHints":{"allow":["GET"]}}],"collection":[{"href":"https:\/\/blog.fnlp.fr\/index.php?rest_route=\/wp\/v2\/posts"}],"about":[{"href":"https:\/\/blog.fnlp.fr\/index.php?rest_route=\/wp\/v2\/types\/post"}],"author":[{"embeddable":true,"href":"https:\/\/blog.fnlp.fr\/index.php?rest_route=\/wp\/v2\/users\/1"}],"replies":[{"embeddable":true,"href":"https:\/\/blog.fnlp.fr\/index.php?rest_route=%2Fwp%2Fv2%2Fcomments&post=27"}],"version-history":[{"count":2,"href":"https:\/\/blog.fnlp.fr\/index.php?rest_route=\/wp\/v2\/posts\/27\/revisions"}],"predecessor-version":[{"id":58,"href":"https:\/\/blog.fnlp.fr\/index.php?rest_route=\/wp\/v2\/posts\/27\/revisions\/58"}],"wp:featuredmedia":[{"embeddable":true,"href":"https:\/\/blog.fnlp.fr\/index.php?rest_route=\/wp\/v2\/media\/28"}],"wp:attachment":[{"href":"https:\/\/blog.fnlp.fr\/index.php?rest_route=%2Fwp%2Fv2%2Fmedia&parent=27"}],"wp:term":[{"taxonomy":"category","embeddable":true,"href":"https:\/\/blog.fnlp.fr\/index.php?rest_route=%2Fwp%2Fv2%2Fcategories&post=27"},{"taxonomy":"post_tag","embeddable":true,"href":"https:\/\/blog.fnlp.fr\/index.php?rest_route=%2Fwp%2Fv2%2Ftags&post=27"}],"curies":[{"name":"wp","href":"https:\/\/api.w.org\/{rel}","templated":true}]}}