{"id":308,"date":"2011-06-25T01:12:00","date_gmt":"2011-06-24T23:12:00","guid":{"rendered":"https:\/\/blog.fnlp.fr\/?p=308"},"modified":"2020-01-12T01:17:25","modified_gmt":"2020-01-12T00:17:25","slug":"a-propos-des-cantines-scolaires-et-de-la-laicite","status":"publish","type":"post","link":"https:\/\/blog.fnlp.fr\/?p=308","title":{"rendered":"A propos des cantines scolaires et de la la\u00efcit\u00e9"},"content":{"rendered":"<h4><img loading=\"lazy\" decoding=\"async\" class=\"size-full wp-image-270 alignleft\" src=\"https:\/\/blog.fnlp.fr\/wp-content\/uploads\/2020\/01\/44233839892_eb570e89cf_q.jpg\" alt=\"\" width=\"150\" height=\"150\" \/>par Jean-Marc Schiappa<\/h4>\n<div class=\"chapo\">\n<p>Depuis quelque temps, la question des cantines scolaires redevient d\u2019actualit\u00e9, celles-ci \u00e9tant pr\u00e9sent\u00e9es comme le symbole de l\u2019invasion islamiste, mena\u00e7ant la la\u00efcit\u00e9, notamment par l\u2019existence de menus \u00ab\u00a0sans porc\u00a0\u00bb.<\/p>\n<p>Comme toujours, il faut raison garder.<\/p>\n<\/div>\n<div class=\"texte\">\n<p>En fait, cette question des cantines scolaires a d\u00e9j\u00e0 une histoire dans le d\u00e9veloppement de la Libre-Pens\u00e9e.<\/p>\n<p>En 1892, le maire socialiste de Roubaix, un des premiers maires \u00ab\u00a0ouvriers\u00a0\u00bb en France, <strong>Carrette<\/strong> instituait des cantines scolaires, exceptionnelles \u00e0 cette \u00e9poque, dans le cadre d\u2019un vaste programme de r\u00e9alisations sociales. Ces cantines \u00e9taient d\u2019autant plus importantes que l\u2019industrie textile de la r\u00e9gion requ\u00e9rait un nombre croissant d\u2019ouvri\u00e8res, confront\u00e9es chaque jour au choix entre le travail et la garde des enfants. Dans ces cantines scolaires, Carrette mit en place des repas maigres le vendredi pour ne pas froisser les familles catholiques<span class=\"spip_note_ref\">\u00a0[<a id=\"nh1\" class=\"spip_note\" title=\"Dictionnaire Maitron, 1871-1914, t.11, pp. 133-134.\" href=\"http:\/\/old.fnlp.fr\/spip.php?article681#nb1\" rel=\"footnote\">1<\/a>]<\/span>. S\u2019agit-il d\u2019une des multiples adaptations opportunistes dont le courant guesdiste, au demeurant soucieux en paroles de doctrine et de puret\u00e9, \u00e9tait coutumier<span class=\"spip_note_ref\">\u00a0[<a id=\"nh2\" class=\"spip_note\" title=\"Cl. Willard, Les guesdistes, 1965.\" href=\"http:\/\/old.fnlp.fr\/spip.php?article681#nb2\" rel=\"footnote\">2<\/a>]<\/span>\u00a0?<\/p>\n<p>Justement, non.<\/p>\n<p>Le militant ouvrier Henri Carette fut un de ces nombreux militants syndicaux et politiques, r\u00e9prim\u00e9s, licenci\u00e9s, emprisonn\u00e9s. Comme beaucoup, il ouvrit un estaminet pour continuer sa propagande. Comme beaucoup de dirigeants ouvriers de l\u2019\u00e9poque, il \u00e9tait libre-penseur\u00a0; il affirmait <i>\u00ab\u00a0socialisme et libre-pens\u00e9e sont aussi ins\u00e9parables que capitalisme et cl\u00e9ricalisme, ces deux fl\u00e9aux de l\u2019humanit\u00e9\u00a0\u00bb<\/i> ou encore <i>\u00ab\u00a0tout bon socialiste doit \u00eatre libre-penseur\u00a0\u00bb<\/i><span class=\"spip_note_ref\">\u00a0[<a id=\"nh3\" class=\"spip_note\" title=\"P. Pierrard, l\u2019Eglise et les catholiques, 1984, p. 475.\" href=\"http:\/\/old.fnlp.fr\/spip.php?article681#nb3\" rel=\"footnote\">3<\/a>]<\/span>.<\/p>\n<p>L\u2019exemple de Carette peut nous \u00e9clairer sur la discussion actuelle.<br class=\"autobr\" \/>Faut-il dans des cantines scolaires mettre des enfants \u00e0 demeure de choisir entre l\u2019autorit\u00e9 familiale et les pr\u00e9jug\u00e9s parentaux, d\u2019une part, l\u2019autorit\u00e9 municipale et leur faim, d\u2019autre part\u00a0? Celui qui proc\u00e8de autrement est un totalitaire, qu\u2019il s\u2019agisse de soupes populaires \u00ab\u00a0au porc\u00a0\u00bb comme le font certains groupes nationalistes ou de l\u2019interdiction des repas am\u00e9nag\u00e9s, donc non obligatoires.<\/p>\n<p>Si on suit cette logique curieuse, il faudrait obliger les v\u00e9g\u00e9tariens \u00e0 manger de la viande, par exemple.<\/p>\n<h3 class=\"spip\">Carrette a fait \u0153uvre de bon sens.<\/h3>\n<p>L\u00e0 encore, sur cette question pr\u00e9cise, la politique de mise \u00e0 l\u2019index de l\u2019Islam cache, on le voit avec les \u00ab\u00a0soupes populaires au porc\u00a0\u00bb, une politique discriminatoire, raciste et pro-imp\u00e9rialiste.<\/p>\n<p>Cette mise \u00e0 l\u2019index occulte \u00e9galement la responsabilit\u00e9 de l\u2019Eglise catholique. Que des enfants de familles catholiques puissent ne manger de viande le vendredi, parce que telle est leur croyance, c\u2019est une chose. Que tous les enfants de toutes les cantines doivent manger du poisson tous les vendredis, cela en est une autre\u00a0; cela est une forme de totalitarisme que nous n\u2019acceptons pas.<\/p>\n<p>Pour rappeler le libre-penseur Victor Hugo dans son c\u00e9l\u00e8bre discours contre la loi Falloux \u00ab\u00a0je forge une cha\u00eene et je l\u2019appelle libert\u00e9\u00a0\u00bb. La libert\u00e9 de conscience des familles catholiques (ou musulmanes) est une chose\u00a0; l\u2019obligation de suivre les interdits religieux en termes alimentaires en est une autre. Et nous noterons que l\u00e0 aussi, une fois de plus, c\u2019est l\u2019Eglise catholique qui tient le haut du pav\u00e9.<\/p>\n<p>Cela nous permet de rappeler les probl\u00e8mes souvent oubli\u00e9s\u00a0: qui mange dans les cantines scolaires\u00a0? des enfants, et tr\u00e8s souvent les enfants des familles ouvri\u00e8res. Tr\u00e8s souvent, c\u2019est leur seul repas significatif. Par d\u00e9finition, ces enfants ne sont pas responsables, ils ne sont pas majeurs (\u00e0 moins de consid\u00e9rer que l\u2019enfant est roi, conception que les r\u00e9publicains ne peuvent que rejeter).<\/p>\n<p>Ils d\u00e9pendent donc de leurs parents, \u00e0 tous \u00e9gards.<\/p>\n<p>On ne peut pas obliger un adulte \u00e0 manger ce dont il ne veut pas.<\/p>\n<p>On ne peut obliger un enfant \u00e0 d\u00e9sob\u00e9ir \u00e0 ses parents (ce serait ignoble). Que ses parents soient victimes de pr\u00e9jug\u00e9s religieux, de conformismes s\u00e9culaires, nous le regrettons et nous le combattons.<\/p>\n<p>Mais nous ne combattons pas avec l\u2019arme de la r\u00e9pression\u00a0; nous combattons avec l\u2019\u00e9ducation et l\u2019instruction\u00a0; c\u2019est toujours le d\u00e9bat de Briand et de Jaur\u00e8s en faveur de la Loi de S\u00e9paration, \u00ab\u00a0loi de libert\u00e9\u00a0\u00bb.<\/p>\n<\/div>\n<p>&nbsp;<\/p>\n<div class=\"notes\">\n<div id=\"nb1\">\n<p><span class=\"spip_note_ref\">[<a class=\"spip_note\" title=\"Notes 1\" href=\"http:\/\/old.fnlp.fr\/spip.php?article681#nh1\" rev=\"footnote\">1<\/a>]\u00a0<\/span>Dictionnaire Maitron, 1871-1914, t.11, pp. 133-134.<\/p>\n<\/div>\n<div id=\"nb2\">\n<p><span class=\"spip_note_ref\">[<a class=\"spip_note\" title=\"Notes 2\" href=\"http:\/\/old.fnlp.fr\/spip.php?article681#nh2\" rev=\"footnote\">2<\/a>]\u00a0<\/span>Cl. Willard, Les guesdistes, 1965.<\/p>\n<\/div>\n<div id=\"nb3\">\n<p><span class=\"spip_note_ref\">[<a class=\"spip_note\" title=\"Notes 3\" href=\"http:\/\/old.fnlp.fr\/spip.php?article681#nh3\" rev=\"footnote\">3<\/a>]\u00a0<\/span>P. Pierrard, l\u2019Eglise et les catholiques, 1984, p. 475.<\/p>\n<\/div>\n<\/div>\n<p>&nbsp;<\/p>\n","protected":false},"excerpt":{"rendered":"<div class=\"mh-excerpt\"><p>par Jean-Marc Schiappa Depuis quelque temps, la question des cantines scolaires redevient d\u2019actualit\u00e9, celles-ci \u00e9tant pr\u00e9sent\u00e9es comme le symbole de l\u2019invasion islamiste, mena\u00e7ant la la\u00efcit\u00e9, <a class=\"mh-excerpt-more\" href=\"https:\/\/blog.fnlp.fr\/?p=308\" title=\"A propos des cantines scolaires et de la la\u00efcit\u00e9\">[&#8230;]<\/a><\/p>\n<\/div>","protected":false},"author":1,"featured_media":309,"comment_status":"closed","ping_status":"closed","sticky":false,"template":"","format":"standard","meta":{"footnotes":""},"categories":[7,11,25,3],"tags":[],"class_list":["post-308","post","type-post","status-publish","format-standard","has-post-thumbnail","hentry","category-actualite","category-defense-des-droits","category-jean-marc-schiappa","category-laicite"],"_links":{"self":[{"href":"https:\/\/blog.fnlp.fr\/index.php?rest_route=\/wp\/v2\/posts\/308","targetHints":{"allow":["GET"]}}],"collection":[{"href":"https:\/\/blog.fnlp.fr\/index.php?rest_route=\/wp\/v2\/posts"}],"about":[{"href":"https:\/\/blog.fnlp.fr\/index.php?rest_route=\/wp\/v2\/types\/post"}],"author":[{"embeddable":true,"href":"https:\/\/blog.fnlp.fr\/index.php?rest_route=\/wp\/v2\/users\/1"}],"replies":[{"embeddable":true,"href":"https:\/\/blog.fnlp.fr\/index.php?rest_route=%2Fwp%2Fv2%2Fcomments&post=308"}],"version-history":[{"count":1,"href":"https:\/\/blog.fnlp.fr\/index.php?rest_route=\/wp\/v2\/posts\/308\/revisions"}],"predecessor-version":[{"id":310,"href":"https:\/\/blog.fnlp.fr\/index.php?rest_route=\/wp\/v2\/posts\/308\/revisions\/310"}],"wp:featuredmedia":[{"embeddable":true,"href":"https:\/\/blog.fnlp.fr\/index.php?rest_route=\/wp\/v2\/media\/309"}],"wp:attachment":[{"href":"https:\/\/blog.fnlp.fr\/index.php?rest_route=%2Fwp%2Fv2%2Fmedia&parent=308"}],"wp:term":[{"taxonomy":"category","embeddable":true,"href":"https:\/\/blog.fnlp.fr\/index.php?rest_route=%2Fwp%2Fv2%2Fcategories&post=308"},{"taxonomy":"post_tag","embeddable":true,"href":"https:\/\/blog.fnlp.fr\/index.php?rest_route=%2Fwp%2Fv2%2Ftags&post=308"}],"curies":[{"name":"wp","href":"https:\/\/api.w.org\/{rel}","templated":true}]}}