{"id":311,"date":"2011-06-18T01:18:08","date_gmt":"2011-06-17T23:18:08","guid":{"rendered":"https:\/\/blog.fnlp.fr\/?p=311"},"modified":"2020-01-12T01:40:42","modified_gmt":"2020-01-12T00:40:42","slug":"histoire-dun-combat-pour-la-justice","status":"publish","type":"post","link":"https:\/\/blog.fnlp.fr\/?p=311","title":{"rendered":"Histoire d&rsquo;un combat pour la justice"},"content":{"rendered":"<h4><img loading=\"lazy\" decoding=\"async\" class=\"size-full wp-image-52 alignleft\" src=\"https:\/\/blog.fnlp.fr\/wp-content\/uploads\/2017\/10\/29346274347_15990a2431_q.jpg\" alt=\"\" width=\"150\" height=\"150\" \/>par Christian Eyschen<\/h4>\n<div class=\"chapo\">\n<p>Entre 1914 et 1918, durant la Premi\u00e8re Guerre mondiale, il y a eu une vague de Conseils de guerre envers les soldats fran\u00e7ais accus\u00e9s de l\u00e2chet\u00e9, de d\u00e9sertion, de manque de courage, d\u2019endormissement dans les tranch\u00e9es, de refus de sortir des tranch\u00e9es sous les feux des mitrailleuses ou sous les obus de canons, et parfois, plus simplement, d\u2019avoir eu le malheur d\u2019\u00eatre choisis au hasard pour faire un exemple.<\/p>\n<p>En tout, on recense 2 500 condamnations \u00e0 mort dont 650 furent r\u00e9ellement ex\u00e9cut\u00e9es. Les remises de gr\u00e2ce qui transmutaient les poteaux d\u2019ex\u00e9cution en bagne sont pass\u00e9es par l\u00e0. A cela s\u2019ajoutent des centaines, au moins, d\u2019ex\u00e9cutions sommaires, des ann\u00e9es de bagnes effroyables d\u00e9bouchant souvent sur la mort pour des milliers de soldats d\u00e9port\u00e9s hors m\u00e9tropole et une r\u00e9pression accrue contre les troupes coloniales.<\/p>\n<p>Le bilan est lourd, le bilan est tragique. Il s\u2019agit d\u2019un drame qu\u2019il faut r\u00e9parer, pour les vivants et pour les morts.<\/p>\n<\/div>\n<div class=\"texte\">\n<h3 class=\"spip\">La r\u00e9alit\u00e9 des fusillades<\/h3>\n<p><img loading=\"lazy\" decoding=\"async\" class=\"size-full wp-image-318 alignleft\" src=\"https:\/\/blog.fnlp.fr\/wp-content\/uploads\/2020\/01\/Fusill-pour-l-exemple.jpg\" alt=\"\" width=\"299\" height=\"214\" \/>Contrairement \u00e0 une l\u00e9gende construite apr\u00e8s coup, pour des raisons politiques, la vague des assassinats \u00ab\u00a0l\u00e9gaux\u00a0\u00bb de poilus ne date pas des mutineries de 1917, en contre coup de la R\u00e9volution russe. En septembre 1914, le front craque sous la pression des arm\u00e9es allemandes. C\u2019est la panique \u00e0 Paris, au gouvernement et dans l\u2019Etat-major. Le gouvernement donne plein pouvoir \u00e0 l\u2019arm\u00e9e pour r\u00e9sister aux \u00ab\u00a0teutons\u00a0\u00bb qui sont \u00e0 30 kilom\u00e8tres de Paris.<\/p>\n<p>Les fusillades et les ex\u00e9cutions sommaires commencent. Elles ne s\u2019arr\u00eateront plus. D\u00e8s septembre 1914, la r\u00e9pression s\u2019abat sur les troupes fran\u00e7aises pour les terroriser et les faire tenir. 1914, 1915, 1916 sont les ann\u00e9es noires o\u00f9 fleurissent les poteaux d\u2019ex\u00e9cution sur le front. Des soldats fran\u00e7ais sont assassin\u00e9s par d\u2019autres soldats fran\u00e7ais, sur ordre des brutes galonn\u00e9es, soigneusement \u00e0 l\u2019abri \u00e0 l\u2019arri\u00e8re. Ces 650 soldats ne sont pas morts \u00ab\u00a0pour la France\u00a0\u00bb, mais morts par la France.<\/p>\n<p>Cette sauvagerie barbare fait aussi des ravages dans les arm\u00e9es du Royaume-Uni o\u00f9 306 soldats seront pass\u00e9s par les armes. Il y en aura plus de 1\u00a0000 dans les arm\u00e9es italiennes. Paradoxalement, les fusillades pour l\u2019exemple n\u2019auront gu\u00e8re cours dans les arm\u00e9es allemandes et pas du tout dans les arm\u00e9es nord-am\u00e9ricaines. Il est vrai que celles-ci arrivent, en quelque sorte, apr\u00e8s la bataille en 1917 o\u00f9 les fusillades diminuent consid\u00e9rablement.<\/p>\n<p>L\u2019ann\u00e9e 1917 conna\u00eet peu, en r\u00e9alit\u00e9, d\u2019ex\u00e9cutions pour l\u2019exemple. Cela n\u2019aurait fait que mettre le feu aux poudres sur un front exacerb\u00e9 par la longueur de la guerre et les sacrifices impos\u00e9s.<\/p>\n<h3 class=\"spip\">En 1916, le combat commence<\/h3>\n<p><img loading=\"lazy\" decoding=\"async\" class=\"size-full wp-image-316 alignleft\" src=\"https:\/\/blog.fnlp.fr\/wp-content\/uploads\/2020\/01\/brizon.gif\" alt=\"\" width=\"109\" height=\"150\" \/>D\u00e8s 1916, plus encore\u00a0en 1917, des voix s\u2019\u00e9l\u00e8veront, notamment celle de Pierre Brizon, pour d\u00e9noncer les ex\u00e9cutions. Les d\u00e9put\u00e9s internationalistes, ils ne seront que 3, voteront d\u2019un m\u00eame \u00e9lan contre les cr\u00e9dits de guerre et r\u00e9clameront l\u2019arr\u00eat des ex\u00e9cutions de soldats. Malgr\u00e9 la censure et la r\u00e9pression par la pr\u00e9sence permanente des troupes de gendarmerie pour que l\u2019ordre r\u00e8gne dans les tranch\u00e9es, la nouvelle arrive quand m\u00eame \u00e0 l\u2019arri\u00e8re\u00a0: on tue des soldats fran\u00e7ais sur ordre de l\u2019\u00c9tat-major.<\/p>\n<p>Le Grand Orient de France va commencer \u00e0 faire bouger des francs-ma\u00e7ons pour que la tuerie s\u2019arr\u00eate. Jusqu\u2019en 1935, les Enfants de la Veuve vont se mobiliser pour la r\u00e9habilitation des 650 fusill\u00e9s. Les Loges ma\u00e7onniques se feront discr\u00e8tes, laissant le soin \u00e0 ses membres, \u00e0 travers la Ligue des Droits de l\u2019Homme et, apr\u00e8s la guerre, par les associations d\u2019anciens combattants, d\u2019agir publiquement.<\/p>\n<p>\u00ab\u00a0L\u2019affaire des fiches\u00a0\u00bb du d\u00e9but du si\u00e8cle \u00e9tant encore dans toutes les m\u00e9moires, les francs-ma\u00e7ons n\u2019apparaissent pas au grand jour dans cette bataille de justice. Mais c\u2019est, incontestablement, le Grand Orient de France qui est \u00e0 l\u2019origine de la campagne pour la r\u00e9habilitation.<\/p>\n<h3 class=\"spip\">Quelques cas, mais pas encore une cause<\/h3>\n<figure id=\"attachment_317\" aria-describedby=\"caption-attachment-317\" style=\"width: 167px\" class=\"wp-caption alignleft\"><img loading=\"lazy\" decoding=\"async\" class=\"wp-image-317\" src=\"https:\/\/blog.fnlp.fr\/wp-content\/uploads\/2020\/01\/FranceNormandieSartillyMonumentCaporauxSouain-225x300.jpg\" alt=\"\" width=\"167\" height=\"223\" \/><figcaption id=\"caption-attachment-317\" class=\"wp-caption-text\">les 4 caporaux de Souin, r\u00e9habilit\u00e9s le 3 mars1934<\/figcaption><\/figure>\n<p>Entre 1916 et 1935, il y a eu une cinquantaine de r\u00e9habilitations, souvent individuelles, des soldats fusill\u00e9s pour l\u2019exemple. Il va donc en rester 600 \u00e0 qui il faudra rendre justice. Cette action va engager une mobilisation croissante dans l\u2019opinion publique entre les deux Guerres mondiales. La Ligue des Droits de l\u2019Homme et surtout les Associations d\u2019anciens combattants, dont l\u2019Association R\u00e9publicaine des Anciens Combattants (ARAC), entreprendront des actions incessantes pour obtenir gain de cause.<\/p>\n<p>Dans cette situation, va se constituer une commission d\u2019experts, avec des avocats, des juristes, des parlementaires, des anciens combattants pour faire la lumi\u00e8re sur les conseils de guerre. Le bilan que l\u2019on doit tirer est plus que mitig\u00e9. Selon la formule c\u00e9l\u00e8bre de Clemenceau, cette commission a plus enterr\u00e9 de probl\u00e8mes qu\u2019elle n\u2019en a r\u00e9solu. C\u2019est pourquoi la F\u00e9d\u00e9ration nationale de la Libre Pens\u00e9e n\u2019est gu\u00e8re partisane de recommencer aujourd\u2019hui ce qui a si mal march\u00e9 hier.<\/p>\n<p>Cette campagne de r\u00e9habilitation a bien sur \u00e9t\u00e9 stopp\u00e9e par la Deuxi\u00e8me Guerre mondiale. Et puis, Philippe P\u00e9tain \u00e9tant chef de l\u2019Etat, il ne fallait pas indisposer le \u00ab\u00a0vainqueur de Verdun\u00a0\u00bb. A la Lib\u00e9ration, le pays est occup\u00e9 \u00e0 autre chose, le G\u00e9n\u00e9ral de Gaulle n\u2019allait pas attaquer l\u2019arm\u00e9e dont il tirait une partie de sa l\u00e9gitimit\u00e9. Il ne fallait pas non plus indisposer \u00ab\u00a0le vainqueur venu d\u2019Alger\u00a0\u00bb<\/p>\n<h3 class=\"spip\">La m\u00e9moire collective a pr\u00e9serv\u00e9 le souvenir<\/h3>\n<p><img loading=\"lazy\" decoding=\"async\" class=\"size-medium wp-image-313 alignleft\" src=\"https:\/\/blog.fnlp.fr\/wp-content\/uploads\/2020\/01\/18391780-jpg-r_760_x-f_jpg-q_x-20041103_123125-300x200.jpg\" alt=\"\" width=\"300\" height=\"200\" \/>M\u00eame si cette campagne de justice a \u00e9t\u00e9 mise sous le boisseau pendant des d\u00e9cennies, le souvenir des assassinats \u00ab\u00a0l\u00e9gaux\u00a0\u00bb de soldats sur le front est demeur\u00e9 vivace. R\u00e9guli\u00e8rement, le rappel de ces drames refaisait surface dans les journaux \u00e0 l\u2019occasion de tel ou tel \u00e9v\u00e9nement.<\/p>\n<p>Incontestablement, c\u2019est le c\u00e9l\u00e8bre film de Stanley Kubrick Les sentiers de la gloire, tourn\u00e9 pendant la guerre d\u2019Alg\u00e9rie qui va remettre sur le devant de la sc\u00e8ne cet \u00e9pisode tragique. Ce film, interdit en France pendant des d\u00e9cennies, va de nouveau catalyser la conscience collective et permettre aux jeunes g\u00e9n\u00e9rations de s\u2019approprier cette exigence. C\u2019est ce film qui m\u2019a fait conna\u00eetre ces \u00e9v\u00e9nements.<\/p>\n<p>Bien entendu, le gouvernement gaulliste du G\u00e9n\u00e9ral et ses successeurs vont tout faire pour \u00e9touffer cette histoire afin qu\u2019elle ne d\u00e9bouche pas sur une nouvelle mobilisation des citoyens. Mais petit \u00e0 petit, le fil va tendre \u00e0 se renouer entre g\u00e9n\u00e9rations. Les chroniqueurs s\u2019\u00e9tonnent en permanence de l\u2019int\u00e9r\u00eat toujours maintenu des citoyens pour la Guerre de 1914-1918. Cela ne s\u2019est jamais d\u00e9menti.<\/p>\n<p>Il faut dire que la saign\u00e9e d\u2019un million de morts, frappant le moindre petit village de notre pays, a \u00e9t\u00e9 un \u00e9l\u00e9ment d\u00e9terminant du maintien de la m\u00e9moire collective. Il suffit de regarder la liste des noms sur les monuments aux morts pour s\u2019en convaincre.<\/p>\n<p>Les films et documentaires de notre ami Alain Moreau sur les Fusill\u00e9s pour l\u2019exemple et sur Blanche Maupas vont \u00eatre aussi un \u00e9l\u00e9ment d\u00e9terminant pour la mobilisation de la conscience des citoyens de ce pays sur les injustices commises pendant la Premi\u00e8re Guerre Mondiale. Cela va constituer un v\u00e9ritable choc dans l\u2019opinion publique. L\u00e0 aussi, nous remercions ce r\u00e9alisateur de n\u2019avoir point occult\u00e9, de quelque mani\u00e8re que ce soit, l\u2019action de la Libre Pens\u00e9e dans ce domaine.<\/p>\n<h3 class=\"spip\">La symbolique de la pierre<\/h3>\n<p><img loading=\"lazy\" decoding=\"async\" class=\"size-full wp-image-314 alignleft\" src=\"https:\/\/blog.fnlp.fr\/wp-content\/uploads\/2020\/01\/arton306-f3bb2.jpg\" alt=\"\" width=\"150\" height=\"113\" \/>Cette perp\u00e9tuation de ces \u00e9v\u00e9nements tragiques dans les m\u00e9moires va \u00eatre aussi amplifi\u00e9e par la pr\u00e9sence de 40\u00a0000 monuments aux morts dans les 36\u00a0600 communes du pays. La plupart sont bellicistes \u00e0 souhait, mais un grand nombre sont plut\u00f4t neutres, \u00e9voquant la peine et le malheur.<\/p>\n<p>Une centaine d\u2019entre eux sont d\u2019ordre pacifiste, parfois construits sur la base de souscriptions publiques pour contourner les obligations guerri\u00e8res des pouvoirs publics.. Ils sont, pour l\u2019essentiel, recens\u00e9 dans l\u2019ouvrage de r\u00e9f\u00e9rence de Danielle et Pierre Roy. Les libres penseurs continuent encore d\u2019en trouver. Et il n\u2019est pas rare qu\u2019au d\u00e9tour d\u2019une promenade ou d\u2019un pique-nique, des libres penseurs m\u00e8nent une v\u00e9ritable enqu\u00eate demandant l\u2019ouverture des archives du Conseil municipal pour tenter de conna\u00eetre les raisons du pourquoi de la symbolique du Monument aux Morts qui les interroge, o\u00f9 des modifications pacifistes qui ont pu y \u00eatre apport\u00e9s apr\u00e8s son \u00e9rection.<\/p>\n<p>On doit \u00e0 nos camarades Philippe Besson et R\u00e9gis Parayre d\u2019avoir \u00ab\u00a0red\u00e9couvert\u00a0\u00bb, au printemps 1988, le monument pacifiste de Gentioux dans la Creuse. Ce monument\u00a0\u00e9rig\u00e9 en 1922 par une municipalit\u00e9 SFIO dirig\u00e9e par le maire Jules Coutaud\u00a0; jamais inaugur\u00e9 officiellement, qui faisait d\u00e9tourner les regards des militaires en convoi qui passaient devant pour faire des man\u0153uvres \u00e0 la Courtine\u00a0; proclame, par la bouche d\u2019un \u00e9l\u00e8ve de l\u2019\u00c9cole publique la\u00efque, en blouse grise et en sabots\u00a0:\u00a0\u00ab\u00a0Maudite soit la guerre\u00a0!\u00a0\u00bb.<\/p>\n<p>A force de conviction et de t\u00e9nacit\u00e9, avec l\u2019aide de nos regrett\u00e9s camarades Ren\u00e9 Debord (Creuse), Pierre Forestier (Haute-Vienne) et Jean-Louis Crouzevialle (Corr\u00e8ze), ils r\u00e9ussiront \u00e0 convaincre les libres penseurs du Limousin d\u2019honorer ce monument pour fl\u00e9trir la guerre et le militarisme. Depuis 1988, chaque 11 novembre se tient un rassemblement o\u00f9 les libres penseurs et les pacifistes se rassemblent pour d\u00e9noncer les tueries.<\/p>\n<p>Et c\u2019est devant ce monument extraordinaire par son importance et si insignifiant pas sa taille mat\u00e9rielle que le 11 novembre 1998, un discours rentrera dans l\u2019histoire, salu\u00e9 comme le tournant de la bataille pour la r\u00e9habilitation des Fusill\u00e9s pour l\u2019exemple comme le note Nicolas Offenstadt.<\/p>\n<h3 class=\"spip\">Ne pas se tromper de revendication<\/h3>\n<p><img loading=\"lazy\" decoding=\"async\" class=\"size-full wp-image-322 alignleft\" src=\"https:\/\/blog.fnlp.fr\/wp-content\/uploads\/2020\/01\/images64.jpg\" alt=\"\" width=\"259\" height=\"194\" \/>En 1997, apr\u00e8s une longue discussion avec notre ami et camarade Claude Le Tanter, la Libre Pens\u00e9e d\u00e9cide d\u2019entreprendre et de relancer la bataille pour la r\u00e9habilitation des Fusill\u00e9s pour l\u2019exemple. Nous ne m\u00e9nagerons pas notre peine pour cela.<\/p>\n<p>En novembre 1998, il y aura deux discours qui sont les marqueurs d\u2019une diff\u00e9renciation. Lionel Jospin, alors Premier ministre, demandera \u00e0 Craonne, le 5 novembre, que les Fusill\u00e9s pour l\u2019exemple soient r\u00e9int\u00e9gr\u00e9s dans la m\u00e9moire collective. Cela lui vaudra les foudres d\u2019une partie de la droite et la r\u00e9probation du Pr\u00e9sident de la R\u00e9publique, et cela fit du bruit. Mais ce vacarme allait dans le bon sens.<\/p>\n<p>Le 11 novembre 1998, \u00e0 Gentioux, je fais, \u00e0 mon tour, un discours pour marquer notre prise de distance vis-\u00e0-vis de la position exprim\u00e9e par Lionel Jospin. Pour la Libre Pens\u00e9e, il ne s\u2019agit pas de m\u00e9moire, mais de justice. Nous exigeons, pour la premi\u00e8re fois publiquement depuis longtemps, la r\u00e9habilitation collective des Fusill\u00e9s pour l\u2019exemple. La Libre Pens\u00e9e renouait ainsi le fil coup\u00e9 en 1935. Depuis, notre exigence va prendre une ampleur consid\u00e9rable sur ce chemin de justice.<\/p>\n<h3 class=\"spip\">Un outil pour une cause<\/h3>\n<p>La Libre Pens\u00e9e d\u00e9cide, au d\u00e9but des ann\u00e9es 1990, d\u2019inciter ses F\u00e9d\u00e9rations d\u00e9partementales \u00e0 prendre l\u2019initiative d\u2019organiser des rassemblements autour des monuments pacifistes, \u00e0 l\u2019instar de celui de Gentioux. La mayonnaise prend et le 14 juillet 1994, nous fondons officiellement la F\u00e9d\u00e9ration Nationale La\u00efque des Associations des Amis des monuments pacifistes, r\u00e9publicains et anticl\u00e9ricaux.<\/p>\n<p>Il y a, aujourd\u2019hui, pr\u00e9s d\u2019une centaine d\u2019associations adh\u00e9rentes \u00e0 cette F\u00e9d\u00e9ration. J\u2019en fus le premier Pr\u00e9sident et Pierre Roy l\u2019est aujourd\u2019hui. Danielle Roy est, depuis la fondation, son infatigable tr\u00e9sori\u00e8re. Qu\u2019elle en soit remerci\u00e9e pour toujours.<\/p>\n<p>Depuis mon discours du 11 novembre 1998, la revendication de la r\u00e9habilitation est port\u00e9e publiquement dans pr\u00e8s de 80 rassemblements pacifistes chaque ann\u00e9e dans tout le pays, dont la majorit\u00e9 se fait autour du 11 novembre. Plus de 4 000 pacifistes internationalistes et libres penseurs se rassemblent aujourd\u2019hui ainsi pour renouer le fil avec l\u2019histoire des victimes de la barbarie militariste.<\/p>\n<p>Il est positif de constater, qu\u2019au fil des ann\u00e9es, non seulement la presse, mais aussi les radios et t\u00e9l\u00e9visions, donnent une place \u00e0 nos initiatives de rassemblement pour la r\u00e9habilitation des Fusill\u00e9s pour l\u2019exemple. C\u2019est devenu presqu\u2019une cause nationale. Nous ne pouvons que nous en f\u00e9liciter.<\/p>\n<h3 class=\"spip\">Une union en marche<\/h3>\n<figure id=\"attachment_320\" aria-describedby=\"caption-attachment-320\" style=\"width: 300px\" class=\"wp-caption alignleft\"><img loading=\"lazy\" decoding=\"async\" class=\"wp-image-320 size-medium\" src=\"https:\/\/blog.fnlp.fr\/wp-content\/uploads\/2020\/01\/gentioux2-2-300x225.jpg\" alt=\"\" width=\"300\" height=\"225\" \/><figcaption id=\"caption-attachment-320\" class=\"wp-caption-text\">Rassemblement annuel \u00e0 Gentioux (Creuse)<\/figcaption><\/figure>\n<p>Avec Marc Blondel, notre Pr\u00e9sident, nous avons entrepris de multiples rencontres aupr\u00e8s d\u2019autres associations. C\u2019est ainsi que nous avons r\u00e9alis\u00e9 une union forte avec l\u2019Association R\u00e9publicaine des Anciens Combattants, l\u2019Union Pacifiste de France, la Ligue des Droits de l\u2019Homme et ensuite avec le Mouvement de la Paix.<\/p>\n<p>Bien entendu, chaque association garde sa libert\u00e9 de comportement et ses analyses, mais toutes sont unies par la demande de r\u00e9habilitation collective, m\u00eame si, pour des raisons li\u00e9es \u00e0 son histoire, la LDH souhaite la r\u00e9vision des proc\u00e8s.<\/p>\n<p>Pour la Libre Pens\u00e9e, il ne convient pas, \u00e0 ce stade, de r\u00e9clamer la r\u00e9vision des proc\u00e8s, car alors il faudrait refaire les jugements et, ce, en l\u2019absence des t\u00e9moins, des victimes, des accusateurs et des juges de l\u2019\u00e9poque. Pr\u00e8s d\u2019un si\u00e8cle plus tard, il ne saurait \u00eatre question de r\u00e9paration de quelque nature que ce soit. Cela n\u2019aurait donc aucun sens d\u2019engager une proc\u00e9dure juridique au cas par cas.<\/p>\n<p>Comme il ne peut y avoir, fort heureusement, de d\u00e9cision juridique collective, la solution pr\u00e9conis\u00e9e par la Libre Pens\u00e9e est une r\u00e9habilitation collective d\u2019ordre politique. C\u2019est pourquoi elle a concentr\u00e9 son action en direction de la Pr\u00e9sidence de la R\u00e9publique pour que cela soit fait.<\/p>\n<h3 class=\"spip\">De multiples d\u00e9marches ont \u00e9t\u00e9 entreprises<\/h3>\n<p>Avec l\u2019ARAC, la LDH, l\u2019UPF, puis avec le Mouvement de la Paix, nous avons \u00e9t\u00e9 re\u00e7us par deux fois au Secr\u00e9tariat des Anciens Combattants en pr\u00e9sence de Jean-Marie Bockel. Nous avons \u00e9t\u00e9 aussi re\u00e7us \u00e0 l\u2019\u00c9lys\u00e9e par l\u2019Amiral Guillaud, ancien Commandant du porte-avions Charles de Gaulle et, \u00e0 l\u2019\u00e9poque, Conseiller des arm\u00e9es \u00e0 la Pr\u00e9sidence de la R\u00e9publique. Depuis, il est devenu Chef d\u2019Etat-major de toutes les arm\u00e9es fran\u00e7aises.<\/p>\n<p>Nous avons aussi rencontr\u00e9 ensemble le Colonel Pineaud au Minist\u00e8re de la D\u00e9fense lorsqu\u2019Alain Jupp\u00e9 y \u00e9tait en charge. Lors de toutes ces rencontres, les repr\u00e9sentants gouvernementaux nous ont fait part de leur accord sur notre revendication et ont indiqu\u00e9 \u0153uvrer en ce sens et pour certains\u00a0:\u00a0<i>\u00ab\u00a0en tant que fran\u00e7ais, citoyen et soldat\u00a0\u00bb<\/i>.<\/p>\n<p>Il faut dire aussi que lors de l\u2019entrevue de la Libre Pens\u00e9e avec le Directeur de Cabinet du Premier Ministre, l\u2019accueil, sur cette question fut des plus froids, pour des raisons obscures que nous n\u2019avons pu \u00e9lucider. Mais, inlassablement, la Libre Pens\u00e9e a agit de mani\u00e8re unitaire pour faire avancer le dossier.<\/p>\n<p>Bien entendu, la Libre Pens\u00e9e a essay\u00e9 d\u2019utiliser les m\u00e9dias pour relayer cette campagne d\u2019opinion. Et, soulignons-le, parce que ce n\u2019est pas tous les jours en ce qui nous concerne, cette action, vivante dans la conscience collective, a pu trouver, parfois, les voies et les moyens de s\u2019exprimer. Nous remercions les journalistes qui nous ont aid\u00e9s.<\/p>\n<h3 class=\"spip\">Pardon ou r\u00e9habilitation\u00a0?<\/h3>\n<figure id=\"attachment_323\" aria-describedby=\"caption-attachment-323\" style=\"width: 300px\" class=\"wp-caption alignleft\"><img loading=\"lazy\" decoding=\"async\" class=\"wp-image-323 size-medium\" src=\"https:\/\/blog.fnlp.fr\/wp-content\/uploads\/2020\/01\/Shot_at_Dawn_memorial-300x225.jpg\" alt=\"\" width=\"300\" height=\"225\" \/><figcaption id=\"caption-attachment-323\" class=\"wp-caption-text\">Le Shot and Dawn Memorial<\/figcaption><\/figure>\n<p>Une question s\u2019est fait jour tr\u00e8s rapidement dans notre action commune et collective de r\u00e9paration. La Libre Pens\u00e9e fran\u00e7aise s\u2019est appuy\u00e9e dans ce combat sur tous les \u00e9l\u00e9ments sur lesquels elle pouvait s\u2019appuyer. Notamment sur la loi anglaise \u00ab\u00a0de pardon\u00a0\u00bb de 2005 qui \u00ab\u00a0a effac\u00e9 les fautes\u00a0\u00bb de 306 Fusill\u00e9s pour l\u2019exemple du Royaume-Uni. Et qui a m\u00eame \u00e9rig\u00e9 un monument inspir\u00e9, \u00e0 leur m\u00e9moire, le \u00ab\u00a0Shot at Dawn Memorial\u00a0\u00bb \u00e0 Alrewas dans le Staffordshire. Ce n\u2019est pas rien.<\/p>\n<p>R\u00e9cemment, la Libre Pens\u00e9e fran\u00e7aise s\u2019est appuy\u00e9e sur une loi allemande portant amnistie pour les d\u00e9serteurs de la Wehrmacht pendant la Seconde Guerre mondiale. Cela n\u2019est pas rien non plus. Mais comparaison n\u2019est pas raison.<\/p>\n<p>La F\u00e9d\u00e9ration nationale de la Libre Pens\u00e9e fran\u00e7aise est dans un pays r\u00e9publicain. La R\u00e9publique n\u2019accorde pas le pardon, elle rend la justice. Le pardon est monarchiste, la justice est r\u00e9publicaine. C\u2019est pourquoi la F\u00e9d\u00e9ration nationale de la Libre Pens\u00e9e n\u2019a pas cru devoir s\u2019associer \u00e0 une proposition de loi du groupe parlementaire dit\u00a0\u00ab\u00a0Front de Gauche\u00a0\u00bb au S\u00e9nat qui \u00e9tait enti\u00e8rement fond\u00e9e sur la notion de pardon.<\/p>\n<p>Soyons clair, tout ce qui va dans le sens de la r\u00e9habilitation des \u00ab\u00a0mutins\u00a0\u00bb et de ceux qui refusent d\u2019ob\u00e9ir aveuglement \u00e0 des ordres inadmissibles et cruels, doit \u00eatre soutenu. Et la Libre Pens\u00e9e soutient tous ces pas en avant. La Libre Pens\u00e9e estime positive cette proposition de loi, car elle ouvre une fen\u00eatre de libert\u00e9. Et cela doit \u00eatre salu\u00e9 comme tel.<\/p>\n<p>Pour autant, la F\u00e9d\u00e9ration nationale n\u2019abdiquera jamais son jugement sous le couvert \u00ab\u00a0d\u2019unit\u00e9\u00a0\u00bb, parfois fallacieuse et pernicieuse. Le pardon, c\u2019est l\u2019aum\u00f4ne. La justice, c\u2019est la r\u00e9paration, c\u2019est la r\u00e9habilitation. Le seul \u00ab\u00a0r\u00e9alisme politique\u00a0\u00bb digne de ce nom, c\u2019est la justice, c\u2019est-\u00e0-dire la r\u00e9habilitation. Tout le reste n\u2019est qu\u2019un raccourci, c\u2019est-\u00e0-dire une voie de traverse qui ne peut conduire qu\u2019\u00e0 une impasse.<\/p>\n<p><strong>En une phrase, comme en cent, nous voulons la r\u00e9habilitation politique collective des 600 Fusill\u00e9s pour l\u2019exemple de la Premi\u00e8re Guerre mondiale qui sont toujours dans l\u2019opprobre. Tel est notre but, tel est notre chemin. Nous voulons gagner sur tous les cas des fusill\u00e9s pour gagner une cause<\/strong><\/p>\n<h3 class=\"spip\">Des pas positifs r\u00e9alis\u00e9s<\/h3>\n<p>Devant la puissance de l\u2019exigence r\u00e9publicaine de justice, Le Pr\u00e9sident de la R\u00e9publique Nicolas Sarkozy a d\u00fb (et su) s\u2019adapter. Nous ne sommes pas dupes en ce domaine. Dans sa premi\u00e8re p\u00e9riode du septennat, il n\u2019avait de cesse de ramasser des proies \u00e0 \u00ab\u00a0gauche\u00a0\u00bb, pour collectionner les images comme sur la carlingue d\u2019un Spitfire pendant le Blitz.<\/p>\n<p>Il a cru donc intelligent de \u00ab\u00a0surfer\u00a0\u00bb sur la vague \u00ab\u00a0r\u00e9habilitionnaliste\u00a0\u00bb pour poser des banderilles sur la gauche qui h\u00e9sitait \u00e0 aller jusque l\u00e0. En tenant compte du discours de la Libre Pens\u00e9e (il n\u2019y a l\u00e0 aucune forfanterie de notre part, mais pur r\u00e9alisme), il a, dans diff\u00e9rents discours, \u00e9t\u00e9 au bord de prononcer le mot de \u00ab\u00a0r\u00e9habilitation\u00a0\u00bb des Fusill\u00e9s pour l\u2019exemple.<\/p>\n<p>Depuis les d\u00e9faites \u00e9lectorales \u00e9tant ce qu\u2019elles sont, il en rabattit un peu et m\u00eame beaucoup. Pour autant, rien n\u2019est interdit, la campagne pr\u00e9sidentielle faisant le plein. De nouveaux contacts ont \u00e9t\u00e9 pris. L\u2019avenir dira ce qu\u2019il en adviendra. Avec ce gouvernement, ou avec un autre, la F\u00e9d\u00e9ration nationale de la Libre Pens\u00e9e continuera \u00e0 agir. Et nous gagnerons, car notre cause est juste\u00a0!<\/p>\n<h3 class=\"spip\">Le sens v\u00e9ritable de notre action<\/h3>\n<p><img loading=\"lazy\" decoding=\"async\" class=\"size-full wp-image-321 alignleft\" src=\"https:\/\/blog.fnlp.fr\/wp-content\/uploads\/2020\/01\/images-1.jpg\" alt=\"\" width=\"224\" height=\"225\" \/>Au-del\u00e0 du sentiment profond de vouloir la r\u00e9paration d\u2019une injustice profonde commise contre 650 innocents et plus, la F\u00e9d\u00e9ration nationale de la Libre Pens\u00e9e agit sur des bases de principes. Ce que nous voulons voir reconna\u00eetre, c\u2019est le droit \u00e0 la d\u00e9sob\u00e9issance. En ces temps de guerre permanente et professionnelle, la Libre Pens\u00e9e agit toujours pour la libert\u00e9 de conscience de tous les citoyens, y compris sous l\u2019uniforme.<\/p>\n<p>Le droit de dire non, c\u2019est l\u2019application du principe absolu de la libert\u00e9 de conscience. C\u2019est ce que nous revendiquons pour nous et pour tous. Nous revendiquons pour tous les citoyens sous l\u2019uniforme, quelque soit leur statut de pouvoir dire non. Des milliers d\u2019hommes ont refus\u00e9 de monter \u00e0 l\u2019assaut pour des raisons diverses. D\u2019abord, parce qu\u2019ils refusaient de mourir pour rien. Parce qu\u2019ils refusaient de mourir tout simplement, parce qu\u2019ils en avaient assez de cette boucherie.<\/p>\n<p>Ils ont dit non\u00a0! Et ils ont \u00e9t\u00e9 fusill\u00e9s pour cela. Ils ont refus\u00e9 de croire \u00e0 la propagande belliciste, oppos\u00e9 une r\u00e9sistance constante, ils ont pens\u00e9 librement, ils ont d\u00e9sob\u00e9i\u2026Et ils sont morts\u2026 Fusill\u00e9s pour l\u2019exemple.\u00a0! Pour autant, ils n\u2019ont pas utilis\u00e9 un <i>\u00ab\u00a0devoir de d\u00e9sob\u00e9issance\u00a0\u00bb<\/i>, mais un <i>\u00ab\u00a0droit \u00e0 la d\u00e9sob\u00e9issance\u00a0\u00bb<\/i>. C\u2019est pourquoi nous militons pour la reconnaissance d\u2019un droit de dire non. Pas un devoir de dire non. Car on en revient toujours aux contingences des interrogations de la conscience.<\/p>\n<p>En 1914-1918, il y a en a eu des millions qui ont dit oui. Quelques milliers ont dit non. Je n\u2019opposerai pas les millions aux milliers, les milliers aux millions. Car, c\u2019est la m\u00eame histoire qu\u2019ils ont faite, celle de la vieille chanson qui a berc\u00e9 la mis\u00e8re humaine selon Jean Jaur\u00e8s. Ils \u00e9taient tous unis dans la d\u00e9tresse, la peur et la d\u00e9solation.<\/p>\n<p>La F\u00e9d\u00e9ration nationale de la Libre Pens\u00e9e combat pour faire reconna\u00eetre, par cette action de justice, le DROIT \u00e0 la d\u00e9sob\u00e9issance. Le libre arbitre, la libert\u00e9 de conscience doivent rester toujours notre guide. Comme en 1789, le droit, pas le devoir. La notion de devoirs, contre la notion de droits, a \u00e9t\u00e9 instaur\u00e9e dans la Constitution thermidorienne de 1795.<\/p>\n<p>Cela nous am\u00e8ne aussi \u00e0 poser aussi la question des moyens pour rechercher la v\u00e9rit\u00e9 qui devrait guider notre conscience. Il y a un proc\u00e8s perp\u00e9tuel qui est fait au bolch\u00e9visme, puis au trotskysme (n\u00e9cessit\u00e9 oblige) sur la formule faussement attribu\u00e9e\u00a0: \u00ab\u00a0la fin justifie les moyens\u00a0\u00bb. Dans son ouvrage <strong> <i>Leur morale et la n\u00f4tre<\/i> <\/strong>, L\u00e9on Trotsky indique clairement qu\u2019il ne saurait y avoir de moyens contraires \u00e0 la fin.<\/p>\n<p>Un autre auteur, qui n\u2019a rien \u00e0 voir avec le communisme, Albert Camus qui \u00e9tait plut\u00f4t de la mouvance libertaire r\u00e9pondait la m\u00eame chose\u00a0:\u00a0<i>\u00ab\u00a0La fin justifie les moyens, mais qui justifiera la fin\u00a0? A cette question sans cesse pos\u00e9e et jamais r\u00e9solue, l\u2019homme r\u00e9volt\u00e9 r\u00e9pond\u00a0: les moyens\u00a0\u00bb<\/i>. C\u2019est la m\u00eame id\u00e9e\u00a0: il ne saurait y avoir de moyens contraires \u00e0 la fin, car les moyens tuent la fin s\u2019ils sont contraires \u00e0 la fin.<\/p>\n<p>Pour le reste, le chemin reste ouvert\u00a0:<i>\u00a0\u00ab\u00a0C\u2019est en cherchant l\u2019impossible que l\u2019homme a toujours r\u00e9alis\u00e9 le possible. Ceux qui se sont sagement limit\u00e9s \u00e0 ce qui leur paraissait possible n\u2019ont jamais avanc\u00e9 d\u2019un pas\u00a0\u00bb<\/i>. Ainsi parlait Michel Bakounine.<\/p>\n<\/div>\n","protected":false},"excerpt":{"rendered":"<div class=\"mh-excerpt\"><p>par Christian Eyschen Entre 1914 et 1918, durant la Premi\u00e8re Guerre mondiale, il y a eu une vague de Conseils de guerre envers les soldats <a class=\"mh-excerpt-more\" href=\"https:\/\/blog.fnlp.fr\/?p=311\" title=\"Histoire d&rsquo;un combat pour la justice\">[&#8230;]<\/a><\/p>\n<\/div>","protected":false},"author":1,"featured_media":329,"comment_status":"closed","ping_status":"closed","sticky":false,"template":"","format":"standard","meta":{"footnotes":""},"categories":[5,14,26],"tags":[],"class_list":["post-311","post","type-post","status-publish","format-standard","has-post-thumbnail","hentry","category-antimilitarisme","category-christian-eyschen","category-histoire"],"_links":{"self":[{"href":"https:\/\/blog.fnlp.fr\/index.php?rest_route=\/wp\/v2\/posts\/311","targetHints":{"allow":["GET"]}}],"collection":[{"href":"https:\/\/blog.fnlp.fr\/index.php?rest_route=\/wp\/v2\/posts"}],"about":[{"href":"https:\/\/blog.fnlp.fr\/index.php?rest_route=\/wp\/v2\/types\/post"}],"author":[{"embeddable":true,"href":"https:\/\/blog.fnlp.fr\/index.php?rest_route=\/wp\/v2\/users\/1"}],"replies":[{"embeddable":true,"href":"https:\/\/blog.fnlp.fr\/index.php?rest_route=%2Fwp%2Fv2%2Fcomments&post=311"}],"version-history":[{"count":3,"href":"https:\/\/blog.fnlp.fr\/index.php?rest_route=\/wp\/v2\/posts\/311\/revisions"}],"predecessor-version":[{"id":327,"href":"https:\/\/blog.fnlp.fr\/index.php?rest_route=\/wp\/v2\/posts\/311\/revisions\/327"}],"wp:featuredmedia":[{"embeddable":true,"href":"https:\/\/blog.fnlp.fr\/index.php?rest_route=\/wp\/v2\/media\/329"}],"wp:attachment":[{"href":"https:\/\/blog.fnlp.fr\/index.php?rest_route=%2Fwp%2Fv2%2Fmedia&parent=311"}],"wp:term":[{"taxonomy":"category","embeddable":true,"href":"https:\/\/blog.fnlp.fr\/index.php?rest_route=%2Fwp%2Fv2%2Fcategories&post=311"},{"taxonomy":"post_tag","embeddable":true,"href":"https:\/\/blog.fnlp.fr\/index.php?rest_route=%2Fwp%2Fv2%2Ftags&post=311"}],"curies":[{"name":"wp","href":"https:\/\/api.w.org\/{rel}","templated":true}]}}