{"id":32,"date":"2015-07-31T12:32:14","date_gmt":"2015-07-31T10:32:14","guid":{"rendered":"https:\/\/blog.fnlp.fr\/?p=32"},"modified":"2020-01-06T19:58:35","modified_gmt":"2020-01-06T18:58:35","slug":"du-rififi-au-vatican-et-a-lacademie-des-sciences","status":"publish","type":"post","link":"https:\/\/blog.fnlp.fr\/?p=32","title":{"rendered":"Du rififi au Vatican et \u2026 \u00e0 l\u2019Acad\u00e9mie des sciences"},"content":{"rendered":"<h5>par Michel Le Normand<\/h5>\n<h6><strong>Libre penseur 35<\/strong><\/h6>\n<p>L\u2019Id\u00e9e Libre consacre son\u00a0 num\u00e9ro de juin 2015 \u00e0 l\u2019argent des \u00c9glises et donc de la principale, l\u2019\u00e9conomie pourpre de la romaine. Pour \u00e9crire le pr\u00e9sent texte j\u2019ai trouv\u00e9 une foule de renseignements utiles dans chacun des articles de ce n\u00b0309, y compris dans l\u2019excellent papier-magazine <em>Luther et la R\u00e9forme<\/em>\u00a0de Christian Eyschen. Je suis la question climatique depuis 2002, j\u2019ai donc constitu\u00e9 une importante documentation concernant la science et la pseudo-science climatologique. Pour la philosophie, l\u2019\u00e9conomie et les implications financi\u00e8res, la conf\u00e9rence de P. Martine,\u00a0<em>Le d\u00e9veloppement durable et la doctrine sociale de l\u2019\u00c9glise<\/em>\u00a0publi\u00e9e par la LP Val de Marne, fut aussi tr\u00e8s utile.<\/p>\n<p>Ce m\u00eame mois de juin, Fran\u00e7ois, pape de son \u00e9tat, publie sa surprenante encyclique \u00e9colo-\u00e9thique prenant abruptement position sur la question climatique. On sait que le lobby onusien du d\u00e9veloppement durable utilise \u00e0 outrance ce th\u00e8me de propagande terroriste \u00e0 des fins financi\u00e8res prodigieuses\u00a0; la taxe carbone n\u2019est que le plus petit exemple\u00a0; mais les guerres autour de la m\u00e9diterran\u00e9e orientale pour la ma\u00eetrise des prix \u00e9lev\u00e9s des \u00e9nergies, sont beaucoup plus terribles.<\/p>\n<p>La publication de l\u2019encyclique, apr\u00e8s de nombreuses tergiversations du pape, m\u00e9rite un examen approfondi. Il semble bien qu\u2019il y ait eu une bagarre \u00e0 couteaux tir\u00e9s au sein de la curie romaine et de divers clerg\u00e9s nationaux. Le pape semble embrasser l\u2019\u00e9colo-\u00e9thique, tr\u00e8s li\u00e9e \u00e0 la pr\u00e9tendue th\u00e9ologie de la lib\u00e9ration, \u00e0 la suite d\u2019une bataille en rase campagne o\u00f9 tous les coups ont \u00e9t\u00e9 permis. Cependant, tout n\u2019est pas clair et cela pourrait \u00eatre aussi le baiser de Judas ou du serpent \u00e9treignant sa proie jusqu\u2019\u00e0 ce que mort s\u2019ensuive.<\/p>\n<p>Premi\u00e8re incoh\u00e9rence, Bergoglio semble \u00eatre devenu le parangon de la\u00a0<em>th\u00e9ologie de la lib\u00e9ration<\/em>, parti apparemment progressiste au sein de l\u2019\u00c9glise, qui tente de canaliser les mouvements de lib\u00e9ration nationale, essentiellement sur le continent am\u00e9ricain. Or, comme primat de l\u2019\u00c9glise d\u2019Argentine, c\u2019est aussi lui qui a r\u00e9ussi, en faisant ami-ami avec les colonels, \u00e0 emp\u00eacher justement ce parti de s\u2019\u00e9tablir dans ce seul pays d\u2019Am\u00e9rique du sud.<\/p>\n<p>Il faut rappeler que cette th\u00e9ologie, dite de la lib\u00e9ration, est aussi l\u2019id\u00e9ologie qui s\u2019est le plus fortement impliqu\u00e9e dans la propagation du mythe onusien du d\u00e9veloppement durable, appuy\u00e9e au plan scientifique, par la folle id\u00e9e d\u2019un r\u00e9chauffement climatique catastrophique pour et par l\u2019humanit\u00e9\u00a0; et au plan \u00e9conomique, par le carbocentrisme pr\u00f4nant la taxe carbone. C\u2019est une lubie qui impute toute modification d\u2019un climat toujours changeant, aux variations d\u2019un gaz tr\u00e8s rare dans l\u2019atmosph\u00e8re (0,04\u00a0% en volume) le CO2, affubl\u00e9 pour l\u2019occasion du titre de gaz \u00e0 effet de serre.<\/p>\n<p>L\u2019\u00e9v\u00e9nement eccl\u00e9sial le plus important de ces derni\u00e8res ann\u00e9es n\u2019est s\u00fbrement pas que Bergoglio ait \u00e9t\u00e9 choisi comme pape mais bien que Ratzinger ait \u00e9t\u00e9 \u00e9cart\u00e9 de la sc\u00e8ne pour diverses raisons, dont la gestion des scandales financiers couverts par son pr\u00e9d\u00e9cesseur polonais JP2 et son ami \u00e9tatsunien Marchinkus. Beno\u00eet, \u00e9cart\u00e9, n\u2019en reste pas moins aux commandes. Plusieurs raisons peuvent \u00eatre avanc\u00e9es pour soutenir cette opinion.<\/p>\n<p>Lors de l\u2019\u00e9lection de Ratzinger, un vieux j\u00e9suite tenant de la th\u00e9ologie de la lib\u00e9ration \u00e9tait un concurrent s\u00e9rieux du futur pape. Il n\u2019y a jamais eu de j\u00e9suite \u00e0 cette fonction supr\u00eame de l\u2019\u00c9glise romaine car ce sont toujours les soldats du pontife, il jurent fid\u00e9lit\u00e9 au pape r\u00e9gnant, en entrant dans cet ordre et sont les seuls \u00e0 le faire. Si un j\u00e9suite devient monarque, c\u2019est comme un coup d\u2019\u00e9tat de type bonapartiste. Le j\u00e9suite Bergoglio fut donc suscit\u00e9 comme concurrent par les conservateurs. Il permit l\u2019\u00e9limination de son confr\u00e8re d\u00e8s le premier tour. Ensuite, au 3e tour il fit signe qu\u2019il ne voulait pas \u00eatre pape ce qui assura la majorit\u00e9 de 2\/3 \u00e0 Ratzinger au 4e tour, \u00e9lection obtenue tr\u00e8s rapidement \u00e0 la surprise g\u00e9n\u00e9rale et malgr\u00e9 la majorit\u00e9 des 2\/3 qui avait \u00e9t\u00e9 r\u00e9tablie.<\/p>\n<p>Pour Bergoglio, le pape vivant est le seul pape qui compte et le camouflage du paradis fiscal Vatican continue par l\u2019interm\u00e9diaire du conseiller financier sp\u00e9cial, fourni par les conservateurs, le cardinal Pell. Mais ce cardinal d\u2019Australie continue d\u2019\u00eatre conseiller du pape alors que l\u2019encyclique\u00a0<em>laudato si<\/em>\u00a0reprend toutes les positions qu\u2019il a pourfendues dans une conf\u00e9rence en 2011 \u00e0 Oxford son universit\u00e9 d\u2019origine, r\u00e9unie par l\u2019association GWPF (Global Warming Policy Foundation) fond\u00e9e autour de Lord Lawson par des scientifiques sceptiques de la responsabilit\u00e9 humaine dans le pr\u00e9tendu r\u00e9chauffement climatique du GICC de l\u2019ONU (Groupe Intergouvernemental sur le Changement Climatique). On peut la lire ici, traduite en fran\u00e7ais\u00a0:\u00a0<a class=\"spip_out\" href=\"http:\/\/www.skyfall.fr\/wp-content\/2011\/11\/cardinal-pell_-rca.pdf\" rel=\"external\">http:\/\/www.skyfall.fr\/wp-content\/2011\/11\/cardinal-pell_-rca.pdf<\/a><\/p>\n<p>Il y a manifestement contradiction fondamentale entre la lettre aux \u00e9v\u00eaques pr\u00e9tendument \u00e9crite par Fran\u00e7ois et les constats de l\u2019\u00e9minence grise Pell, qui n\u2019a pas de comp\u00e9tence financi\u00e8re connue mais tient un discours tr\u00e8s \u00e9clair\u00e9 sur la question climatique et l\u2019\u00e9cologie. Il faut savoir que cet homme a \u00e9t\u00e9 assez influent en Australie pour chasser la majorit\u00e9 verte, mettre Abbott au gouvernement f\u00e9d\u00e9ral, faire abolir la taxe carbone r\u00e9cemment mise en place et re-subventionner l\u2019extraction et l\u2019exportation du charbon, la source \u00e9nerg\u00e9tique fossile s\u00fbrement la moins on\u00e9reuse.<\/p>\n<p>Pell est un n\u00e9o-thomiste, ceux qui ont anim\u00e9 au d\u00e9but du 20e si\u00e8cle le mouvement moderniste dans l\u2019\u00c9glise auquel a particip\u00e9 Turmel. Il rappelle la position de Thomas d\u2019Aquin\u00a0:\u00a0<em>si en mati\u00e8re de doctrine sacr\u00e9e la raison n\u2019est pas efficace, cependant, il est rationnel d\u2019accepter l\u2019autorit\u00e9 d\u2019un argument bas\u00e9 sur la raison humaine, mais cela s\u2019applique seulement faute de n\u2019importe quel cas rationnel contraire.<\/em>\u00a0C\u2019est une d\u00e9fense de la v\u00e9rit\u00e9 scientifique, comprenant toujours une part qui sera demain, erreur.<\/p>\n<p>Les r\u00e9actions dans le monde scientifique catholique ont \u00e9t\u00e9 violentes, surtout en Europe. La plus significative est probablement celle de Pierre Gosselin qui tient le site, \u00ab\u00a0notrickszone\u00a0\u00bb o\u00f9 il traduit en anglais les articles scientifiques en allemand de chercheurs \u00e9minents et sceptiques de l\u2019influence humaine sur le climat. D\u00e8s le mois de janvier 2015, prenant au pied de la lettre des d\u00e9clarations papales au Br\u00e9sil et \u00e0 Manille, il lance un br\u00fblot contre le Vatican.<\/p>\n<p><em>Le pape embrasse des faux proph\u00e8tes de malheur \u2013 C\u2019est pourquoi je me dissocie du Vatican et de l\u2019\u00c9glise\u00a0:\u00a0<\/em><a class=\"spip_out\" href=\"http:\/\/notrickszone.com\/2015\/01\/04\/pope-embraces-false-prophets-of-doom-why-im-disassociating-myself-from-the-vatican-and-church\/\" rel=\"external\"><em>http:\/\/notrickszone.com\/2015\/01\/04\/pope-embraces-false-prophets-of-doom-why-im-disassociating-myself-from-the-vatican-and-church\/<\/em><\/a><\/p>\n<p><em>Je suis catholique et ce dimanche, j\u2019annonce que je me suis dissoci\u00e9 du Vatican et de son pape. J\u2019exhorte les autres catholiques sceptiques \u00e0 envisager de faire de m\u00eame. Ce n\u2019est pas une d\u00e9cision que j\u2019ai prise \u00e0 la l\u00e9g\u00e8re.<\/em><\/p>\n<p><em>Je vais me retirer de l\u2019\u00c9glise d\u2019Allemagne (imp\u00f4t d\u2019\u00c9glise) et ne participerai plus aux services \u00e0 l\u2019avenir. Avec leur derni\u00e8re encyclique en projet ils montrent qu\u2019ils ont chang\u00e9 pour un retour au Moyen Age aux temps de l\u2019obscurantisme, des sorci\u00e8res, des superstitions et des indulgences m\u00e9di\u00e9vales. Pire encore, ils souscrivent ouvertement aux th\u00e9ories \u00e0 la noix de fin du monde.<\/em><\/p>\n<p>Et il illustre ces propos par une petite photo iconoclaste, fa\u00e7on r\u00e9volte des soldats du 17e mettant la crosse en l\u2019air, ici c\u2019est la croix en thermom\u00e8tre.<\/p>\n<p><img loading=\"lazy\" decoding=\"async\" class=\" wp-image-33 aligncenter\" src=\"https:\/\/blog.fnlp.fr\/wp-content\/uploads\/2020\/01\/croix.jpg\" alt=\"\" width=\"243\" height=\"343\" \/><\/p>\n<div>\n<p>Chez nous, le journal La Croix fait la propagande vaticano-gouvernementale en propageant des attaques perfides contre Pell m\u00eal\u00e9 peut-\u00eatre \u00e0 des scandales financiers immobiliers ou de protection de p\u00e9dophiles en Australie. De plus, il pr\u00e9sente favorablement le d\u00e9sinvestissement catholique dans les industries polluantes comme les mines de charbon. Le journal catholique participe, avec la grande presse, Le Monde, Lib\u00e9ration etc, \u00e0 la promotion de l\u2019action de N. Hulot sur l\u2019encyclique.<\/p>\n<p>Pire, une campagne de presse \u00e9crite, t\u00e9l\u00e9visuelle et radiophonique massive, incluant le magazine La Recherche, monte en \u00e9pingle une bagarre \u00e0 l\u2019int\u00e9rieur de l\u2019Acad\u00e9mie des Sciences (AS) autour d\u2019un communiqu\u00e9 officiel consensuel \u00e9tablissant comme fait scientifique la responsabilit\u00e9 humaine dans un r\u00e9chauffement climatique par effet de serre pour pr\u00e9parer la COP 21 de d\u00e9cembre prochain \u00e0 Paris. Un groupe d\u2019acad\u00e9miciens autour de Courtillot et All\u00e8gre demande \u00e0 ce que leur position contradictoire soit jointe, ce que refuse avec l\u2019appui de la presse une soi disant majorit\u00e9. Un ancien pr\u00e9sident de l\u2019acad\u00e9mie pr\u00e9f\u00e8re la suppression de tout communiqu\u00e9 si la position de la minorit\u00e9 devait \u00eatre publi\u00e9e. Ce qui me para\u00eet un comble pour une controverse scientifique\u00a0!<\/p>\n<p>Mais la minorit\u00e9 a \u00e9t\u00e9 \u00e9lue et comprend la majorit\u00e9 du bureau, le pr\u00e9sident et 2 secr\u00e9taires perp\u00e9tuels sur 3 et au moins un directeur de section. L\u2019AS fran\u00e7aise est la seule des grandes acad\u00e9mies du monde \u00e0 avoir gard\u00e9 le sens de la mesure dans l\u2019affaire climatique. Le lobby des mod\u00e9lisateurs, inf\u00e9od\u00e9 \u00e0 Greenpeace et au WWF, est tr\u00e8s influent. Il convient ici de rappeler la conclusion des physiciens allemands critiques de l\u2019effet de serre, Gerlich et Tscheuschner\u00a0:\u00a0<em>D\u00e9duire des catastrophes climatiques de ces jeux d\u2019ordinateur et terrifier l\u2019humanit\u00e9 est un crime.<\/em><\/p>\n<p>L\u2019\u00c9glise romaine, semble s\u2019\u00eatre convertie \u00e0 une d\u00e9mocratie et un socialisme de pacotille, th\u00e9ologie de la lib\u00e9ration oblige. Elle demeure bien s\u00fbr une th\u00e9ocratie, une monarchie absolue et un important paradis fiscal. Son virage vers l\u2019\u00e9colo-\u00e9thique pour tenter d\u2019enrayer, dans les pays d\u00e9velopp\u00e9s et \u00e9mergents, la progression des catholiques zombies, pourrait \u00eatre son dernier avatar. Les plus conservateurs qui dominent encore la curie le savent car ils connaissent la puissance de la raison et de la science pour d\u00e9chiffrer le monde physique dans lequel nous vivons.<\/p>\n<p>La roche Tarp\u00e9ienne est proche du Capitole et si nous entrons, comme les climatologues des ann\u00e9es 70 et 80 l\u2019avaient pr\u00e9vu, dans une p\u00e9riode froide importante correspondant \u00e0 un minimum solaire d\u2019une trentaine d\u2019ann\u00e9es, il va y avoir des morts en grand nombre. Fran\u00e7ois les avait pr\u00e9venu au retour de Manille<\/p>\n<p><em>Dieu pardonne toujours, nous, les hommes, pardonnons parfois, mais la nature ne pardonne jamais.<\/em><\/p>\n<p>Sous entendu, vous m\u2019imposez une politique que je r\u00e9prouve mais il va faire froid et vous aurez eu tort et serez balay\u00e9s. Je m\u2019en souviendrai.<\/p>\n<\/div>\n","protected":false},"excerpt":{"rendered":"<div class=\"mh-excerpt\"><p>par Michel Le Normand Libre penseur 35 L\u2019Id\u00e9e Libre consacre son\u00a0 num\u00e9ro de juin 2015 \u00e0 l\u2019argent des \u00c9glises et donc de la principale, l\u2019\u00e9conomie <a class=\"mh-excerpt-more\" href=\"https:\/\/blog.fnlp.fr\/?p=32\" title=\"Du rififi au Vatican et \u2026 \u00e0 l\u2019Acad\u00e9mie des sciences\">[&#8230;]<\/a><\/p>\n<\/div>","protected":false},"author":1,"featured_media":62,"comment_status":"closed","ping_status":"closed","sticky":false,"template":"","format":"standard","meta":{"footnotes":""},"categories":[6,18,19],"tags":[],"class_list":["post-32","post","type-post","status-publish","format-standard","has-post-thumbnail","hentry","category-anticlericalisme","category-michel-le-normand","category-sciences"],"_links":{"self":[{"href":"https:\/\/blog.fnlp.fr\/index.php?rest_route=\/wp\/v2\/posts\/32","targetHints":{"allow":["GET"]}}],"collection":[{"href":"https:\/\/blog.fnlp.fr\/index.php?rest_route=\/wp\/v2\/posts"}],"about":[{"href":"https:\/\/blog.fnlp.fr\/index.php?rest_route=\/wp\/v2\/types\/post"}],"author":[{"embeddable":true,"href":"https:\/\/blog.fnlp.fr\/index.php?rest_route=\/wp\/v2\/users\/1"}],"replies":[{"embeddable":true,"href":"https:\/\/blog.fnlp.fr\/index.php?rest_route=%2Fwp%2Fv2%2Fcomments&post=32"}],"version-history":[{"count":3,"href":"https:\/\/blog.fnlp.fr\/index.php?rest_route=\/wp\/v2\/posts\/32\/revisions"}],"predecessor-version":[{"id":63,"href":"https:\/\/blog.fnlp.fr\/index.php?rest_route=\/wp\/v2\/posts\/32\/revisions\/63"}],"wp:featuredmedia":[{"embeddable":true,"href":"https:\/\/blog.fnlp.fr\/index.php?rest_route=\/wp\/v2\/media\/62"}],"wp:attachment":[{"href":"https:\/\/blog.fnlp.fr\/index.php?rest_route=%2Fwp%2Fv2%2Fmedia&parent=32"}],"wp:term":[{"taxonomy":"category","embeddable":true,"href":"https:\/\/blog.fnlp.fr\/index.php?rest_route=%2Fwp%2Fv2%2Fcategories&post=32"},{"taxonomy":"post_tag","embeddable":true,"href":"https:\/\/blog.fnlp.fr\/index.php?rest_route=%2Fwp%2Fv2%2Ftags&post=32"}],"curies":[{"name":"wp","href":"https:\/\/api.w.org\/{rel}","templated":true}]}}