{"id":336,"date":"2013-10-31T09:36:42","date_gmt":"2013-10-31T08:36:42","guid":{"rendered":"https:\/\/blog.fnlp.fr\/?p=336"},"modified":"2020-01-12T09:39:33","modified_gmt":"2020-01-12T08:39:33","slug":"arsenic-et-vieilles-ficelles-n2","status":"publish","type":"post","link":"https:\/\/blog.fnlp.fr\/?p=336","title":{"rendered":"Arsenic et vieilles ficelles n\u00b02"},"content":{"rendered":"<div class=\"texte\">\n<h4><img loading=\"lazy\" decoding=\"async\" class=\"size-full wp-image-52 alignleft\" src=\"https:\/\/blog.fnlp.fr\/wp-content\/uploads\/2017\/10\/29346274347_15990a2431_q.jpg\" alt=\"\" width=\"150\" height=\"150\" \/>par Christian Eyschen<\/h4>\n<h3 class=\"spip\">Les jours se suivent et parfois se ressemblent.<\/h3>\n<p>Il est visible que l\u2019activit\u00e9 de la Libre Pens\u00e9e semble d\u00e9ranger un certain nombre de gens. Son combat pour la d\u00e9fense effective de la loi de 1905 et pour ne pas lui faire dire ce qu\u2019elle ne dit pas, ainsi que son action pour l\u2019abrogation de la loi Debr\u00e9 et pour que l\u2019arbre (de la <i>\u00ab\u00a0la\u00efcit\u00e9\u00a0\u00bb<\/i>) ne cache pas la for\u00eat de subventions publiques \u00e0 l\u2019enseignement catholique\u00a0; tout cela n\u2019est visiblement pas du go\u00fbt de tout le monde.<\/p>\n<p>Ainsi, nous faisons l\u2019objet de commentaires, non plus de la part des journaux \u00e0 grande diffusion qui, volontairement, semblent nous n\u00e9gliger, mais de publications marginales dans lesquelles des r\u00e9dacteurs, sens\u00e9s \u00eatre inform\u00e9s, publient des informations suppos\u00e9es quasi-secr\u00e8tes qui n\u2019ont pour objectif que le discr\u00e9dit ou plus exactement discr\u00e9diter les membres et militants de notre association, quels que soient leur origine et engagement et, pour ce faire, le mieux n\u2019est-il pas de salir les plus anciens.<\/p>\n<p>Et c\u2019est bien normal. C\u2019est, en quelque sorte, l\u2019hommage du vice \u00e0 la vertu.<\/p>\n<p>Dans la s\u00e9rie <i>\u00ab\u00a0On nous veut du bien\u00a0\u00bb<\/i>, le d\u00e9nomm\u00e9 <strong>Jean-Mo\u00efse Braitberg<\/strong> vient de commettre un article dans la revue <strong> <i>Franc-ma\u00e7onnerie Magazine<\/i> <\/strong> N\u00b027 sous le titre racoleur\u00a0:\u00a0<i>\u00ab\u00a0Quand les trotskystes frappaient \u00e0 la porte du temple\u00a0\u00bb<\/i>. Chacun a les fantasmes qu\u2019il peut.<\/p>\n<p>Reprenant une fiche de police \u00e9tablie par le sieur <strong>Christophe Bourseiller<\/strong> sur <i>\u00ab\u00a0l\u2019infiltration trotskyste\u00a0\u00bb<\/i>, JM.B, l\u2019enrichit d\u2019une nouvelle infiltration, celle dans la <strong>Libre Pens\u00e9e<\/strong>, sans doute pour faire plus actuel. Rappelons la m\u00e9thode de Bourseiller\u00a0: d\u00e9couper des articles parus n\u2019importe o\u00f9, les collectionner, les reproduire sans aucune v\u00e9rification et les ressortir plus tard comme <i>\u00ab\u00a0preuves irr\u00e9futables\u00a0\u00bb<\/i>.<\/p>\n<p>Et c\u2019est ainsi qu\u2019un mensonge ou une contrev\u00e9rit\u00e9 r\u00e9p\u00e9t\u00e9s en boucle deviennent un scoop et une v\u00e9rit\u00e9. <strong>Goebbels<\/strong> avait invent\u00e9 le proc\u00e9d\u00e9 et il sert beaucoup depuis.<\/p>\n<p>Rappelons aussi l\u2019instrumentalisation des \u00e9l\u00e9ments de langage. Quand un gaulliste, un centriste, un socialiste bon teint (c\u2019est-\u00e0-dire ralli\u00e9 \u00e0 l\u2019\u00e9conomie de march\u00e9 et aux bienfaits de la Banque mondiale, du FMI et de l\u2019Union europ\u00e9enne) rejoint un syndicat, une association, il adh\u00e8re.<\/p>\n<p>L\u2019anarchiste, lui, noyaute. Le communiste tire les ficelles. Le franc-ma\u00e7on manipule. Et le trotskyste s\u2019infiltre. Dans cet article, il y a les calomnies habituelles contre <strong>Pierre Lambert<\/strong>, ce qui a valu \u00e0 certains les joies du tribunal. C\u2019est donc le retour, l\u00e0 aussi, de vieilles ficelles us\u00e9es jusqu\u2019\u00e0 la corde.<\/p>\n<p>Mais quelle mouche a donc piqu\u00e9 Jean-Mo\u00efse Braitberg\u00a0?<\/p>\n<p>Dans le num\u00e9ro 23 de <strong> <i>FM-Magazine<\/i> <\/strong> de mars 2013, \u00e9tait publi\u00e9 un remarquable article <strong>d\u2019Henri Pena-Ruiz<\/strong> qui rendait hommage \u00e0 la <strong>Libre Pens\u00e9e<\/strong>. Visiblement, cela n\u2019a pas plu \u00e0 tout le monde.<\/p>\n<p>Aussi, dans le num\u00e9ro 26, JM.B change de braquet. Il y traite du sujet <strong> <i>\u00ab\u00a0L\u2019\u00c9glise et la Franc-ma\u00e7onnerie, histoire d\u2019un malentendu\u00a0\u00bb<\/i> <\/strong>. Fallait oser\u00a0! Un malentendu\u00a0? Quand la <strong>Grande Loge de France<\/strong> <i>\u00ab\u00a0n\u2019assigne aucune limite \u00e0 la recherche de la v\u00e9rit\u00e9\u00a0\u00bb<\/i>, quand le <strong>Grand Orient de France<\/strong> stipule dans l\u2019Article 1er de sa Constitution\u00a0:\u00a0<i>\u00ab\u00a0La Franc-ma\u00e7onnerie.. a pour principe la tol\u00e9rance mutuelle, le respect des autres et de soi-m\u00eame, la libert\u00e9 absolue de conscience. Consid\u00e9rant les conceptions m\u00e9taphysiques comme \u00e9tant du domaine exclusif de l\u2019appr\u00e9ciation individuelle de ses membres, elle se refuse \u00e0 toute affirmation dogmatique\u00a0\u00bb<\/i>, on est aux antipodes des principes dogmatiques de l\u2019\u00c9glise catholique qui est fond\u00e9e sur la <i>\u00ab\u00a0V\u00e9rit\u00e9 r\u00e9v\u00e9l\u00e9e\u00a0\u00bb<\/i>.<\/p>\n<p>On a un peu de tristesse \u00e0 dire \u00e0 JM.B que chercher la v\u00e9rit\u00e9 n\u2019a rien \u00e0 voir avec r\u00e9citer la v\u00e9rit\u00e9 r\u00e9v\u00e9l\u00e9e. Il ne s\u2019agit donc pas d\u2019un malentendu, mais d\u2019une contradiction absolue et irr\u00e9m\u00e9diable. La Franc-ma\u00e7onnerie, c\u2019est <i>\u00ab\u00a0Je pense, donc je suis\u00a0\u00bb<\/i>, l\u2019\u00c9glise catholique, c\u2019est <i>\u00ab\u00a0Je pense, donc tu suis\u00a0\u00bb<\/i>. Bien entendu, nous parlons de l\u2019\u00c9glise catholique comme institution et non des catholiques comme individus, qui peuvent \u00eatre Franc-ma\u00e7ons sans probl\u00e8me.<\/p>\n<p>Il y quelque p\u00e9danterie \u00e0 pr\u00e9tendre r\u00e9gler plus de deux si\u00e8cles de conflits intenses en \u00ab\u00a0d\u00e9couvrant\u00a0\u00bb que tout cela n\u2019est qu\u2019un malentendu. Le <strong>Grand Orient de France<\/strong> a \u00e9t\u00e9 fond\u00e9 en 1773. La Franc-ma\u00e7onnerie a \u00e9t\u00e9 condamn\u00e9e par le Vatican d\u00e8s le d\u00e9but et personne ne s\u2019\u00e9tait aper\u00e7u qu\u2019il y avait erreur sur la personne\u00a0? On se croirait revenu dans <strong> <i>Les 5 derni\u00e8res minutes<\/i> <\/strong> avec l\u2019inspecteur Bourrel\u00a0:\u00a0<i>\u00ab\u00a0Mais, bon sang, mais c\u2019est bien s\u00fbr\u00a0!\u00a0\u00bb<\/i><\/p>\n<p>Avec la p\u00e9danterie, il y a toujours le m\u00e9pris. JM.B \u00e9crit ainsi\u00a0<i>\u00ab\u00a0Subsistent de nombreuses loges anim\u00e9es d\u2019un esprit anticl\u00e9rical d\u2019un autre temps, certaines m\u00eame terminant leurs travaux par le cri, aussi archa\u00efque que ridicule de \u00ab\u00a0A bas la calotte\u00a0!\u00a0\u00bb\u00a0\u00bb]<\/i><\/p>\n<p>Visiblement, il n\u2019y a pas que les anticl\u00e9ricaux qui sont d\u2019un autre temps. On a connu la <strong>Premi\u00e8re Alliance<\/strong> (Yahv\u00e9 avec le peuple juif), puis la <strong>Deuxi\u00e8me Alliance<\/strong> (Dieu avec les chr\u00e9tiens). Jean-Mo\u00efse Braitberg se prend pour le proph\u00e8te de la <strong>Troisi\u00e8me Alliance<\/strong>, celle du Vatican et de la Franc-ma\u00e7onnerie. Quelle modestie\u00a0! Et quel archa\u00efsme\u00a0!<\/p>\n<p>Voulant sans doute effacer les compliments \u00e0 la Libre Pens\u00e9e et, peut \u00eatre aussi, des fr\u00e9quentations <i>\u00ab\u00a0douteuses\u00a0\u00bb<\/i> dans sa jeunesse, Jean-Mo\u00efse Braitberg emprunte le long chemin de la r\u00e9demption. Qu\u2019il sache qu\u2019il lui sera toujours demand\u00e9 plus dans la contrition.<\/p>\n<p>Il n\u2019est pas s\u00fbr que la r\u00e9compense sera de ce monde. A m\u00e9contenter tout le monde, tour \u00e0 tour, sa revue risque d\u2019en p\u00e2tir. <strong>Charles P\u00e9guy<\/strong> avait dit que pour r\u00e9ussir, une revue devait m\u00e9contenter au moins un tiers de ses lecteurs, mais jamais le m\u00eame. JM.B est en train de m\u00e9contenter tous ses lecteurs.<\/p>\n<p>Jupiter rend fous, ceux qu\u2019il veut perdre.<\/p>\n<h3 class=\"spip\">A bas la Calotte\u00a0! A bas toutes les calottes\u00a0!<\/h3>\n<\/div>\n","protected":false},"excerpt":{"rendered":"<div class=\"mh-excerpt\"><p>par Christian Eyschen Les jours se suivent et parfois se ressemblent. Il est visible que l\u2019activit\u00e9 de la Libre Pens\u00e9e semble d\u00e9ranger un certain nombre <a class=\"mh-excerpt-more\" href=\"https:\/\/blog.fnlp.fr\/?p=336\" title=\"Arsenic et vieilles ficelles n\u00b02\">[&#8230;]<\/a><\/p>\n<\/div>","protected":false},"author":1,"featured_media":334,"comment_status":"closed","ping_status":"closed","sticky":false,"template":"","format":"standard","meta":{"footnotes":""},"categories":[14,15],"tags":[],"class_list":["post-336","post","type-post","status-publish","format-standard","has-post-thumbnail","hentry","category-christian-eyschen","category-les-ennemis-de-la-libre-pensee"],"_links":{"self":[{"href":"https:\/\/blog.fnlp.fr\/index.php?rest_route=\/wp\/v2\/posts\/336","targetHints":{"allow":["GET"]}}],"collection":[{"href":"https:\/\/blog.fnlp.fr\/index.php?rest_route=\/wp\/v2\/posts"}],"about":[{"href":"https:\/\/blog.fnlp.fr\/index.php?rest_route=\/wp\/v2\/types\/post"}],"author":[{"embeddable":true,"href":"https:\/\/blog.fnlp.fr\/index.php?rest_route=\/wp\/v2\/users\/1"}],"replies":[{"embeddable":true,"href":"https:\/\/blog.fnlp.fr\/index.php?rest_route=%2Fwp%2Fv2%2Fcomments&post=336"}],"version-history":[{"count":1,"href":"https:\/\/blog.fnlp.fr\/index.php?rest_route=\/wp\/v2\/posts\/336\/revisions"}],"predecessor-version":[{"id":337,"href":"https:\/\/blog.fnlp.fr\/index.php?rest_route=\/wp\/v2\/posts\/336\/revisions\/337"}],"wp:featuredmedia":[{"embeddable":true,"href":"https:\/\/blog.fnlp.fr\/index.php?rest_route=\/wp\/v2\/media\/334"}],"wp:attachment":[{"href":"https:\/\/blog.fnlp.fr\/index.php?rest_route=%2Fwp%2Fv2%2Fmedia&parent=336"}],"wp:term":[{"taxonomy":"category","embeddable":true,"href":"https:\/\/blog.fnlp.fr\/index.php?rest_route=%2Fwp%2Fv2%2Fcategories&post=336"},{"taxonomy":"post_tag","embeddable":true,"href":"https:\/\/blog.fnlp.fr\/index.php?rest_route=%2Fwp%2Fv2%2Ftags&post=336"}],"curies":[{"name":"wp","href":"https:\/\/api.w.org\/{rel}","templated":true}]}}