{"id":342,"date":"2014-02-20T09:47:44","date_gmt":"2014-02-20T08:47:44","guid":{"rendered":"https:\/\/blog.fnlp.fr\/?p=342"},"modified":"2020-01-12T09:53:03","modified_gmt":"2020-01-12T08:53:03","slug":"reflexions-philosophiques-et-politiques-sur-le-temps-qui-passe-et-un-monde-qui-meurt","status":"publish","type":"post","link":"https:\/\/blog.fnlp.fr\/?p=342","title":{"rendered":"R\u00e9flexions philosophiques et politiques sur le temps qui passe et un monde qui meurt"},"content":{"rendered":"<div class=\"chapo\">\n<h4><img loading=\"lazy\" decoding=\"async\" class=\"size-full wp-image-52 alignleft\" src=\"https:\/\/blog.fnlp.fr\/wp-content\/uploads\/2017\/10\/29346274347_15990a2431_q.jpg\" alt=\"\" width=\"150\" height=\"150\" \/>par Christian Eyschen<\/h4>\n<blockquote><p>Ce vieux monde sent l\u2019inqui\u00e9tude et l\u2019agitation et il sent toujours la poudre. Moins cela va, moins cela va et plus les cercles dirigeants agitent des hochets pour amuser le bon peuple. Jamais la formule <i>\u00ab\u00a0les jeux et le cirque\u00a0\u00bb<\/i> n\u2019aura \u00e9t\u00e9 autant d\u2019actualit\u00e9.<br class=\"manualbr\" \/>Dans un pays en crise avec des millions de ch\u00f4meurs, une perte du pouvoir d\u2019achat pour des millions de personnes, une crise sociale sans pr\u00e9c\u00e9dent, il faut bien trouver un d\u00e9rivatif, car pour tous les gens<i> \u00ab\u00a0importants\u00a0\u00bb<\/i>, il ne saurait \u00eatre question de s\u2019attaquer \u00e0 la racine du probl\u00e8me\u00a0: le syst\u00e8me capitaliste qui conduit l\u2019Humanit\u00e9 \u00e0 la ruine et la mis\u00e8re.<br class=\"manualbr\" \/>Donc, on va amuser la galerie, le pouvoir, tous les pouvoirs vont amuser le bon peuple. On va donc faire du <i>\u00ab\u00a0soci\u00e9tal\u00a0\u00bb<\/i> pour d\u00e9tourner la soci\u00e9t\u00e9 des v\u00e9ritables questions et enjeux. Ce faisant, une emprise totalitaire se met doucement en place.<\/p><\/blockquote>\n<\/div>\n<div class=\"texte\">\n<h3 class=\"spip\">La part des libert\u00e9s d\u00e9mocratiques ne cesse de se r\u00e9duire<\/h3>\n<p>L\u2019instrumentalisation de la question de l\u2019Islam et de ses suppos\u00e9s cons\u00e9quences (Burqa, Voile islamique, etc..) n\u2019a qu\u2019une seule cons\u00e9quence, pour ne pas dire un seul objet. L\u2019Etat doit dire ce qui est bon et ce qui n\u2019est pas acceptable. C\u2019est la police des consciences qui se met en place.<\/p>\n<p>La question de l\u2019enseignement de la morale dite <i>\u00ab\u00a0la\u00efque\u00a0\u00bb<\/i> rel\u00e8ve de ce processus. Il ne saurait y avoir de morale <i>\u00ab\u00a0la\u00efque\u00a0\u00bb<\/i>, car il n\u2019existe pas de morale <i>\u00ab\u00a0religieuse\u00a0\u00bb<\/i>. Il n\u2019y a qu\u2019une morale humaine. La morale qu\u2019appelle de ses v\u0153ux le gouvernement est une morale d\u2019Etat qui entend s\u2019inscrire dans le maintien de l\u2019ordre social. En rang par deux, je ne veux voir qu\u2019une seule t\u00eate\u00a0!<\/p>\n<p>L\u2019\u00c9tat (que l\u2019on confond all\u00e9grement avec la R\u00e9publique, ce qui n\u2019est pas la m\u00eame chose. L\u2019Etat est malheureusement une r\u00e9alit\u00e9, alors que la R\u00e9publique est toujours un devenir) devient l\u2019arbitre des \u00e9l\u00e9gances. Il est l\u2019arbitre supr\u00eame. On voit ainsi de soi-disant <i>\u00ab\u00a0libertaires\u00a0\u00bb<\/i>, <i>\u00ab\u00a0r\u00e9volutionnaires\u00a0\u00bb<\/i>, <i>\u00ab\u00a0d\u00e9mocrates\u00a0\u00bb<\/i>, <i>\u00ab\u00a0r\u00e9publicains\u00a0\u00bb<\/i>, <i>\u00ab\u00a0la\u00efques\u00a0\u00bb<\/i> se faire les chantres de la r\u00e9pression et de rappel \u00e0 la loi pour r\u00e9primer tout ce qui d\u00e9passe et qui ne pla\u00eet pas.<\/p>\n<p>Chacun confond son d\u00e9sir personnel, son opinion et ses choix avec la R\u00e9publique. Si j\u2019aime, tout le monde doit aimer. Si je d\u00e9teste, tout le monde doit d\u00e9tester. C\u2019est une conception o\u00f9 l\u2019on confond all\u00e8grement l\u2019opinion de quelques-uns avec l\u2019int\u00e9r\u00eat g\u00e9n\u00e9ral.<\/p>\n<p>C\u2019est, il faut le dire, une conception fasciste, totalitaire. C\u2019est assimiler le Un dans le Tout. Il n\u2019y a plus de place pour l\u2019individu, la libert\u00e9 individuelle, la libert\u00e9 de conscience. L\u2019individu est somm\u00e9 de se soumettre \u00e0 la communaut\u00e9.<\/p>\n<p>On peut d\u2019ailleurs mettre <i>\u00ab\u00a0communaut\u00e9\u00a0\u00bb<\/i> au pluriel, ce n\u2019est que mieux pour l\u2019aventure totalitaire. C\u2019est le mod\u00e8le anglo-saxon, qui sait ce qu\u2019est de gouverner un empire colonial de communaut\u00e9s. C\u2019est diviser pour r\u00e9gner.<\/p>\n<h3 class=\"spip\">Les apprentis totalitaires<\/h3>\n<p>Certains se sentent investis d\u2019une mission divine. Ils n\u2019ont pas \u00e9t\u00e9 \u00e0 Reims, mais ils sont oints quand m\u00eame. Tels des chevaliers blancs, ils enfourchent leurs fiers destriers pour bouter le Maure hors des fronti\u00e8res. Comme tout crois\u00e9, ils sont des assassins d\u2019une part de l\u2019Humanit\u00e9.<\/p>\n<p>Les <strong>grandes lois de libert\u00e9s la\u00efques (1881, 1882, 1886, 1905)<\/strong> sont bas\u00e9es sur un principe intangible. Il y a deux domaines\u00a0: la sph\u00e8re publique et la sph\u00e8re priv\u00e9e. Autant il est juste et n\u00e9cessaire d\u2019interdire toute forme d\u2019expression religieuse dans la sph\u00e8re publique, car il y a une obligation de neutralit\u00e9 de la R\u00e9publique et de ses agents (fonctionnaires), autant le corollaire est d\u2019\u00e9tendre au maximum la sph\u00e8re priv\u00e9e, car c\u2019est une garantie de l\u2019exercice r\u00e9el des libert\u00e9s d\u00e9mocratiques qui ne peut exister que dans la sph\u00e8re priv\u00e9e, l\u00e0 o\u00f9 toutes les opinions sont libres et concurrentes.<\/p>\n<p>La sph\u00e8re priv\u00e9e n\u2019\u00e9tant pas, bien s\u00fbr, la sph\u00e8re marchande. N\u2019en d\u00e9plaise aux Philistins de tous poils qui se chargeront de me faire ce proc\u00e8s. Elle est la sph\u00e8re, \u00e0 la fois de l\u2019intime, et aussi du collectif qui permet l\u2019expression de toutes les opinions. C\u2019est un constat d\u00e9solant, mais l\u2019espace o\u00f9 les libert\u00e9s d\u00e9mocratiques s\u2019exercent ne cesse de se r\u00e9duire. C\u2019est ce qui explique notre prise de position fondamentale sur l\u2019affaire Baby-Loup qui, pour nous, est une affaire totalitaire par essence.<\/p>\n<p>Certains aussi, pour conforter leurs errements, en viennent \u00e0 inventer litt\u00e9ralement des <i>\u00ab\u00a0cat\u00e9gories politiques\u00a0\u00bb <\/i> qui n\u2019existent que dans leur imagination. C\u2019est ainsi que pour ces fumeux funestes, il y aurait entre la sph\u00e8re publique et la sph\u00e8re priv\u00e9e, un espace public voire <i>\u00ab\u00a0social\u00a0\u00bb <\/i> dont on ne sait ni o\u00f9 il commence, ni o\u00f9 il finit, ce qui est la d\u00e9finition m\u00eame de la notion d\u2019espace.<\/p>\n<p>Par contre, ce que l\u2019on a bien compris dans cette r\u00eaverie, c\u2019est que la sph\u00e8re priv\u00e9e est r\u00e9duite \u00e0 une peau de chagrin. Les m\u00eames en sont m\u00eame \u00e0 d\u00e9lirer pour exiger que les nounous dans leur appartement priv\u00e9 respectent la la\u00efcit\u00e9, il ne doit y avoir aucun signe d\u2019appartenance religieuse quand on garde des b\u00e9b\u00e9s chez soi.<\/p>\n<h3 class=\"spip\">De plus en plus, nous sommes dans un Etat policier<\/h3>\n<p>Ceux qui ne cessent, au nom de leurs opinions qu\u2019ils \u00e9rigent en v\u00e9rit\u00e9s r\u00e9v\u00e9l\u00e9es, d\u2019exiger que la<i> \u00ab\u00a0la\u00efcit\u00e9\u00a0\u00bb <\/i> s\u2019applique en tous lieux, ne font que r\u00e9duire sans cesse la place de la sph\u00e8re priv\u00e9e par rapport \u00e0 la sph\u00e8re publique et ainsi porter atteinte au fondement m\u00eame de la <strong>loi de S\u00e9paration des Eglises et de l\u2019Etat du 9 d\u00e9cembre 1905.<\/strong><\/p>\n<p>Ils sont des apprentis-sorciers, des apprentis totalitaires. Pour faire triompher leurs opinions, ils appellent l\u2019Etat \u00e0 r\u00e9primer, \u00e0 interdire sans cesse. Toute la lutte des r\u00e9volutionnaires authentiques a toujours \u00e9t\u00e9 d\u2019amoindrir la puissance r\u00e9pressive de l\u2019Etat pour permettre \u00e0 la lutte de classe de jouer son r\u00f4le et de faire jouer la <i>\u00ab\u00a0d\u00e9rive des continents\u00a0\u00bb<\/i>. Il est particuli\u00e8rement affligeant de voir certains <i>\u00ab\u00a0libertaires\u00a0\u00bb<\/i> se faire les chantres z\u00e9l\u00e9s de cette op\u00e9ration par pur d\u00e9lire d\u2019\u00eatre <i>\u00ab\u00a0anti-rouges\u00a0\u00bb<\/i>.<\/p>\n<p>Plus la sph\u00e8re <i>\u00ab\u00a0publique\u00a0\u00bb<\/i>, o\u00f9 s\u2019applique logiquement et n\u00e9cessairement les interdictions, est grande, moins il y aura de libert\u00e9s d\u00e9mocratiques. Vouloir \u00e9tendre les imp\u00e9ratifs d\u2019interdiction est un acte liberticide, car cela r\u00e9duit le champ o\u00f9 s\u2019appliquent les libert\u00e9s d\u00e9mocratiques fondamentales.<\/p>\n<p>Nous nous situons toujours dans la pens\u00e9e de Rosa Luxembourg\u00a0:\u00a0<i>\u00ab\u00a0La libert\u00e9, c\u2019est toujours la libert\u00e9 de celui qui pense autrement\u00a0\u00bb.<\/i> \u00catre un d\u00e9mocrate impose de respecter ce principe. \u00catre un totalitaire conduit toujours \u00e0 l\u2019ignorer.<\/p>\n<h3 class=\"spip\">La question de l\u2019affaire Valls\/Dieudonn\u00e9, une op\u00e9ration totalitaire \u00e0 deux bouts<\/h3>\n<p>Cette affaire aura montr\u00e9 l\u2019\u00e9troite collusion d\u2019int\u00e9r\u00eats entre les deux protagonistes qui se sont mutuellement confort\u00e9s dans ce <i>\u00ab\u00a0conflit\u00a0\u00bb<\/i>. Il ne saurait \u00eatre question pour la Libre Pens\u00e9e de cautionner l\u2019op\u00e9ration de <i>\u00ab\u00a0maintien de l\u2019ordre\u00a0\u00bb<\/i> du Ministre de l\u2019Int\u00e9rieur. Nous sommes, libres penseurs, contre toute forme du<i> \u00ab\u00a0maintien de l\u2019ordre\u00a0\u00bb<\/i>, fusse-t-il public et <i>\u00ab\u00a0r\u00e9publicain<\/i>\u00a0\u00bb, car il ne s\u2019agit que du maintien de l\u2019oppression sociale et de l\u2019ordre capitaliste, soutenu par les b\u00e9quilles des religions.<\/p>\n<p>Ce qu\u2019a fait Manuel Valls est liberticide au premier chef. Il a fait interdire, en amont, un spectacle avant qu\u2019il ne se tienne. C\u2019est le p\u00e9ch\u00e9 d\u2019intention que m\u00eame l\u2019Eglise catholique refuse, et pour cause. Cela conduirait des millions et des millions de personnes au b\u00fbcher. Avant m\u00eame que le propos soit \u00e9nonc\u00e9, avant m\u00eame que l\u2019acte soit fait, il est interdit. C\u2019est le principe de l\u2019autodaf\u00e9 \u00e9rig\u00e9 en loi <i>\u00ab\u00a0r\u00e9publicaine\u00a0\u00bb<\/i>.<\/p>\n<p>Par ailleurs, c\u2019est un doigt dans l\u2019engrenage de la mise en place d\u2019un d\u00e9lit de blasph\u00e8me <i>\u00ab\u00a0\u00e0 la fran\u00e7aise\u00a0\u00bb<\/i> qui n\u2019ose pas dire son nom. Pour toutes ces raisons, la F\u00e9d\u00e9ration nationale de la Libre Pens\u00e9e ne peut que condamner les agissements liberticides du Ministre de l\u2019Int\u00e9rieur.<\/p>\n<p>Pour autant, faut-il <i>\u00ab\u00a0absoudre\u00a0\u00bb<\/i> Dieudonn\u00e9 de ses propos naus\u00e9abons au nom de la libert\u00e9 d\u2019expression\u00a0? Ces propos sont \u00e0 vomir. En faisant venir Robert Faurisson sur sa sc\u00e8ne, tout \u00e9tait dit. J\u2019ai combattu personnellement ce naziphile. Je connais ses th\u00e8ses. Elles visent \u00e0 nier le g\u00e9nocide de millions de juifs. Si on nie le g\u00e9nocide de millions de juifs, alors le nazisme est un totalitarisme comme un autre. La sp\u00e9cificit\u00e9 du nazisme, et sa r\u00e9probation universelle, c\u2019est bien le g\u00e9nocide des juifs pendant la Deuxi\u00e8me guerre mondiale.<\/p>\n<p>Nier le g\u00e9nocide, c\u2019est banaliser le nazisme\u00a0! Et cela n\u2019est pas acceptable pour la Libre Pens\u00e9e. C\u2019est l\u2019antinomie de son ADN.<\/p>\n<p>C\u2019est aussi pourquoi la F\u00e9d\u00e9ration nationale de la Libre Pens\u00e9e ne s\u2019est nullement sentie investie d\u2019une mission <i>\u00ab\u00a0divine\u00a0\u00bb<\/i> pour s\u2019exprimer derechef. Pour une fois, nous \u00e9tions d\u2019accord\u00a0:<i>\u00a0\u00ab\u00a0Il fallait laisser du temps au temps\u00a0\u00bb.<\/i> Et tout cela s\u2019est effondr\u00e9 comme une pauvre baudruche. Le sort en \u00e9tait jet\u00e9. Que les <i>\u00ab\u00a0investis de mission\u00a0\u00bb<\/i> ne se trompent pas, il y aura d\u2019autres <i>\u00ab\u00a0coups m\u00e9diatiques\u00a0\u00bb<\/i> aussi vite sortis qu\u2019oubli\u00e9s, nourrissant les deux bouts du totalitarisme.<\/p>\n<h3 class=\"spip\">Mariage pour tous, PMA, GPA et IVG<\/h3>\n<p>La Libre Pens\u00e9e est profond\u00e9ment pour l\u2019Egalit\u00e9 des droits pour tous. C\u2019est ce qui a motiv\u00e9 notre prise de position r\u00e9solue de soutien au mariage pour tous. Quel l\u00e9gitimit\u00e9 aurait, en effet, la Libre Pens\u00e9e pour dire <i>\u00ab\u00a0un couple, c\u2019est comme ceci, une famille, c\u2019est comme cela\u00a0\u00bb<\/i>\u00a0? Pour la Libre Pens\u00e9e, l\u2019amour est universel, il n\u2019a pas \u00e0 \u00eatre quantifi\u00e9, cat\u00e9goris\u00e9, uniformis\u00e9. Si des \u00eatres s\u2019aiment, ils doivent pouvoir s\u2019unir et vivre ensemble sous la forme qu\u2019ils d\u00e9sirent.<\/p>\n<p>Les libres penseurs seraient plut\u00f4t pour l\u2019union libre plus que pour le mariage qui est un contrat civil, voire commercial (Code Napol\u00e9on). Mais si nous sommes pour la libert\u00e9 absolue de conscience, nous devons admettre que d\u2019autres peuvent avoir d\u2019autres d\u00e9sirs. Si la possibilit\u00e9 du mariage existe donc, elle doit \u00eatre ouverte \u00e0 tous. Sinon, il n\u2019y a pas d\u2019\u00e9galit\u00e9 en droit.<\/p>\n<p>En cons\u00e9quence, \u00e0 partir du moment o\u00f9 il y a union, il doit y avoir possibilit\u00e9 de filiation (les enfants). Encore que, ce n\u2019est pas le seul sch\u00e9ma possible, les c\u00e9libataires doivent avoir aussi la possibilit\u00e9 d\u2019avoir des enfants, au nom m\u00eame du principe d\u2019\u00e9galit\u00e9.<\/p>\n<p>Les couples de femmes doivent pouvoir avoir des enfants, beaucoup l\u2019admettent aujourd\u2019hui par le recours \u00e0 la PMA. D\u00e8s lors, pourquoi refuser le m\u00eame droit aux couples d\u2019hommes par la GPA\u00a0? Cela serait une rupture de l\u2019Egalit\u00e9 en droit. Les cris offusqu\u00e9s sur le commerce des ventres ne sont dignes en r\u00e9alit\u00e9 que du caf\u00e9 du commerce. On peut parfaitement faire une l\u00e9gislation qui interdit toute marchandisation des corps.<\/p>\n<p>On me r\u00e9torquera in\u00e9vitablement, oui, mais cela se fera \u00e0 l\u2019\u00e9tranger o\u00f9 c\u2019est abominable. L\u2019argument tombe de lui-m\u00eame\u00a0: d\u2019ores et d\u00e9j\u00e0 des couples r\u00e9sidant en France ont recours \u00e0 la gestation pour autrui dans les pays qui l\u2019autorisent, parfois \u00e0 titre on\u00e9reux. Les enfants qui naissent pourtant l\u00e9galement ne sont pas reconnus \u00e0 l\u2019\u00e9tat-civil fran\u00e7ais.<\/p>\n<p>La gestation pour autrui soul\u00e8ve au fond les m\u00eames questions, clairement r\u00e9solues, que les dons d\u2019organes qui sont anonymes et gratuits en France. Faut-il donc interdire l\u2019avanc\u00e9e de la GPA en France parce qu\u2019ailleurs, c\u2019est la barbarie\u00a0? Faut-il se priver de nouveaux droits sociaux en France, au motif qu\u2019ils n\u2019existent pas ailleurs\u00a0? Le progr\u00e8s n\u2019avance jamais d\u2019un m\u00eame front, mais passe toujours pas des interstices. Les syndicalistes authentiques ne devraient pas \u00eatre les seuls \u00e0 comprendre cela.<\/p>\n<p>Le mariage pour tous, sans la PMA et la GPA n\u2019est qu\u2019une demi-mesure. Il ouvre une possibilit\u00e9, il ne r\u00e8gle pas les probl\u00e8mes. Il est indispensable d\u2019aller jusqu\u2019au bout du raisonnement pour aller jusqu\u2019au bout de l\u2019Egalit\u00e9 en droit pour toutes les citoyennes et tous les citoyens. On voit clairement que ce n\u2019est pas le chemin choisi par Fran\u00e7ois Hollande apr\u00e8s les pantomimes sur la loi sur la Famille.<\/p>\n<p>Il est ind\u00e9niable que le droit \u00e0 l\u2019IVG subit une offensive dure de la part du Vatican et des religions monoth\u00e9istes dans le monde. C\u2019est ce qu\u2019a exprim\u00e9 la <strong>d\u00e9claration commune de la Libre Pens\u00e9e de France, d\u2019Europa La\u00efca et de l\u2019Union des Ath\u00e9es et des Libres Penseurs d\u2019Espagne<\/strong>. Nous avions analys\u00e9, lors de notre Congr\u00e8s national de 2012 que l\u2019Eglise catholique \u00e9tait redescendue dans l\u2019ar\u00e8ne politique. Cette offensive le d\u00e9montre clairement.<\/p>\n<p>Pour autant, nous sommes en droit de nous interroger. Alors qu\u2019une formule de la loi Veil \u00e9tait profond\u00e9ment tomb\u00e9e en d\u00e9su\u00e9tude (sur l\u2019\u00e9tat de d\u00e9tresse) et qu\u2019elle n\u2019\u00e9tait jamais appliqu\u00e9e, pourquoi la majorit\u00e9 gouvernementale (qui conna\u00eet la situation de l\u2019opinion publique) a cru devoir agiter un chiffon rouge pour modifier la formule\u00a0? Cela a permis \u00e0 la r\u00e9action et au tr\u00e9fonds de la r\u00e9action cl\u00e9ricale de se mobiliser et de faire du buzz.<\/p>\n<p>Quant au fond, il est juste de constater que dans toute l\u2019Europe le droit \u00e0 l\u2019IVG est profond\u00e9ment menac\u00e9 par la sainte-alliance des clerg\u00e9s et de la r\u00e9action et qu\u2019il faut combattre ce retour \u00e0 l\u2019obscurantisme. A qui va-t-on faire croire que c\u2019est le cas en France\u00a0? Le vrai danger en France ne r\u00e9side-t-il pas dans la politique continue des gouvernements successifs de droite et de gauche qui m\u00e8nent des politiques d\u2019aust\u00e9rit\u00e9 contre la S\u00e9curit\u00e9 Sociale qui conduisent \u00e0 la fermeture d\u2019un nombre croissant de centres m\u00e9dicaux qui pratiquent l\u2019IVG\u00a0? Et qui conduisent \u00e0 la diminution r\u00e9elle de ce droit\u00a0?<\/p>\n<p>D\u00e8s lors, d\u00e9noncer le gouvernement en Espagne n\u2019est-ce pas absoudre le gouvernement fran\u00e7ais de ses responsabilit\u00e9s\u00a0? Que l\u2019on ne compte pas sur la F\u00e9d\u00e9ration nationale de la Libre Pens\u00e9e pour participer \u00e0 cette mascarade. D\u00e9fendre le droit \u00e0 l\u2019IVG, oui, totalement, mais pas avec le bandeau sur les yeux.<br class=\"autobr\" \/>Des mascarades, les vocif\u00e9rations sur la \u00ab\u00a0<i>\u00a0th\u00e9orie du genre\u00a0\u00bb<\/i> contre l\u2019Ecole R\u00e9publicaine est un pas de plus dans la volont\u00e9 de destruction de celle-ci. C\u2019est le chiffon rouge complotiste sans cesse agit\u00e9. Il n\u2019y pas de th\u00e9orie du genre. L\u00e0 aussi qui peut croire les inepties en la mati\u00e8re, qui peut penser que l\u2019\u00e9cole va d\u00e9terminer le <i>\u00ab\u00a0choix de son sexe\u00a0\u00bb<\/i>. Le genre, cela n\u2019existe que dans la t\u00eate de certains. La r\u00e9cente sortie de Cop\u00e9 sur le livre <i> <strong>\u00ab\u00a0Tous \u00e0 poil\u00a0\u00bb <\/strong> <\/i> est une manipulation suppl\u00e9mentaire \u00e0 la veille des \u00e9lections, ils n\u2019ont m\u00eame plus de programme, si ce n\u2019est la calomnie, la b\u00eatise et la barbarie.<\/p>\n<h3 class=\"spip\">Comprendre le monde r\u00e9el<\/h3>\n<p>Depuis la prise de position de l\u2019archev\u00eaque de Paris sur la pri\u00e8re du 15 ao\u00fbt 2012, l\u2019Eglise catholique est rentr\u00e9e dans la m\u00eal\u00e9e. Nous avons analys\u00e9 que c\u2019\u00e9tait une des cons\u00e9quences de la lutte entre les \u00c9tats-Unis et le Vatican. Il ne saurait y avoir deux crocodiles dans le m\u00eame marigot. Ces deux imp\u00e9rialismes ont des int\u00e9r\u00eats communs, pas toujours convergents, parfois contradictoires, d\u2019o\u00f9 leurs luttes.<\/p>\n<p>Depuis, le pav\u00e9 parisien r\u00e9sonne des bruits de bottes \u00e0 clous. Des manifestations ont lieu permettant \u00e0 toute la racaille r\u00e9actionnaire et cl\u00e9ricale de d\u00e9filer au pas de l\u2019oie. Nostalgie quand tu nous tiens&#8230; La Libre Pens\u00e9e ne rentrera pas dans le d\u00e9bat sur le d\u00e9compte du nombre des manifestants. Il y a du monde et c\u2019est vrai. Mais est-ce le vrai probl\u00e8me\u00a0? La r\u00e9action cl\u00e9ricale se mobilise et alors\u00a0?<br class=\"autobr\" \/>Que p\u00e8se-t-elle vraiment\u00a0? Si c\u2019est \u00e0 l\u2019aune des capitulations de Fran\u00e7ois Hollande (Pacte \u00e9conomique avec les patrons, refus de la r\u00e9habilitation collective des Fusill\u00e9s pour l\u2019exemple, op\u00e9rations ext\u00e9rieures en Afrique, etc\u2026 ), oui, sans doute.<\/p>\n<p>Mais on nous permettra de reprendre la formule de Charles Maurras sur la diff\u00e9rence entre le pays l\u00e9gal et le pays r\u00e9el. C\u2019est de circonstance.<br class=\"autobr\" \/>Les manifestations <i>\u00ab\u00a0pour tous\u00a0\u00bb<\/i>, les <i>\u00ab\u00a0jours de la col\u00e8re\u00a0\u00bb,<\/i> les \u00ab\u00a0<i>\u00a0d\u00e9gage Hollande\u00a0\u00bb<\/i>, les <i>\u00ab\u00a0retraits de la col\u00e8re\u00a0\u00bb<\/i>, c\u2019est une image du pass\u00e9, c\u2019est le refus de la modernit\u00e9. Ce n\u2019est pas le pays r\u00e9el.<\/p>\n<p>Il y a toujours eu deux France, et c\u2019est bien. Cela s\u2019appelle la lutte des classes et j\u2019en suis partisan. Je n\u2019ai jamais \u00e9t\u00e9 un partisan de l\u2019union nationale, de l\u2019union sacr\u00e9e. Je suis pour le choc, la confrontation. Du chaos na\u00eet l\u2019ordre.<\/p>\n<p>La racaille qui d\u00e9file, c\u2019est un vieux monde qui ne veut pas mourir et qui va mourir pourtant. C\u2019est la France d\u2019Ancien-R\u00e9gime qui se fait une frayeur. C\u2019est le r\u00e9sidu des royalistes, bonapartistes, cl\u00e9ricaux, r\u00e9actionnaires, antidreyfusards qui se rassemble dans un ultime sursaut. On est litt\u00e9ralement \u00e9pouvant\u00e9, et parfois mort de rire, quand on entend les imb\u00e9cilit\u00e9s qui se professent. C\u2019est le ban et l\u2019arri\u00e8re ban de la b\u00eatise humaine qui d\u00e9file. Capituler devant ces ci-devant n\u2019est vraiment pas glorieux.<\/p>\n<p>Ils crient, ils protestent, ils d\u00e9clament, et pourtant ils sont morts, finis, Kaput \u2026<\/p>\n<p>Pour faire bonne mesure, on ajoutera quelques actions antis\u00e9mites et antima\u00e7onniques pour faire parler de soi. Cela fait partie du <i>\u00ab\u00a0package\u00a0\u00bb<\/i> normal. Le gouvernement n\u2019a plus que cela pour essayer de se vendre. Il veut nous rejouer le 6 f\u00e9vrier, le 9 f\u00e9vrier et le 12 f\u00e9vrier 1934 \u00e0 profusion.<\/p>\n<p>Alors bien \u00e9videment, les laudateurs, les thurif\u00e9raires, les concussionnaires, les pr\u00e9varicateurs, les subsidiaires du r\u00e9gime vont nous crier \u00e0 la mont\u00e9e des Ligues, au fascisme, \u00e0 l\u2019hitl\u00e9risme. Ils n\u2019ont plus que cela pour se justifier. Mais on a d\u00e9j\u00e0 vu le film et on a quitt\u00e9 la salle depuis longtemps.<\/p>\n<h3 class=\"spip\">Oui mais\u2026<\/h3>\n<p>On n\u2019est pas en 1934. La situation politique n\u2019est pas la m\u00eame. Si, sur le plan politique, il n\u2019y a gu\u00e8re d\u2019issue, au sein m\u00eame de la classe ouvri\u00e8re, la v\u00e9ritable r\u00e9sistance s\u2019organise, notamment sur le plan syndical. Un front de la col\u00e8re se constitue. Ce gouvernement n\u2019arrivera pas \u00e0 faire ce que n\u2018a pu faire le pr\u00e9c\u00e8dent. <br class=\"autobr\" \/>Le vrai danger, ce ne sont pas les ersatz du <i>\u00ab\u00a0fascisme\u00a0\u00bb<\/i>, c\u2019est le totalitarisme bien r\u00e9el de la Tro\u00efka, de la Banque Mondiale, du FMI, de l\u2019Union europ\u00e9enne, de l\u2019Europe vaticane. Les fascistes s\u2018agitent, la Tro\u00efka agit. C\u2019est toute la diff\u00e9rence et c\u2019est tout le probl\u00e8me sur lequel il faut agir.<\/p>\n<p>Comment ne pas constater aussi que la plupart des acteurs de la <i>\u00ab\u00a0gauche\u00a0\u00bb<\/i>, de la droite, du centre, et m\u00eame des extr\u00eames ont \u00e9t\u00e9 nourris au biberon de la doctrine sociale de l\u2019Eglise catholique. L\u2019Eglise qui a ses hommes et ses femmes dans tous les camps. Et malgr\u00e9 tout, ils n\u2019arrivent pas \u00e0 faire tourner la roue de l\u2019Histoire \u00e0 l\u2019envers.<\/p>\n<p>Les lois de l\u2019Histoire sont plus fortes que les appareils. Et oui, Charles, tu avais raison, pour une fois\u00a0: pays l\u00e9gal, pays r\u00e9el.<\/p>\n<\/div>\n","protected":false},"excerpt":{"rendered":"<div class=\"mh-excerpt\"><p>par Christian Eyschen Ce vieux monde sent l\u2019inqui\u00e9tude et l\u2019agitation et il sent toujours la poudre. Moins cela va, moins cela va et plus les <a class=\"mh-excerpt-more\" href=\"https:\/\/blog.fnlp.fr\/?p=342\" title=\"R\u00e9flexions philosophiques et politiques sur le temps qui passe et un monde qui meurt\">[&#8230;]<\/a><\/p>\n<\/div>","protected":false},"author":1,"featured_media":343,"comment_status":"closed","ping_status":"closed","sticky":false,"template":"","format":"standard","meta":{"footnotes":""},"categories":[14,29,10],"tags":[],"class_list":["post-342","post","type-post","status-publish","format-standard","has-post-thumbnail","hentry","category-christian-eyschen","category-democratie-et-republique","category-liberte-dexpression"],"_links":{"self":[{"href":"https:\/\/blog.fnlp.fr\/index.php?rest_route=\/wp\/v2\/posts\/342","targetHints":{"allow":["GET"]}}],"collection":[{"href":"https:\/\/blog.fnlp.fr\/index.php?rest_route=\/wp\/v2\/posts"}],"about":[{"href":"https:\/\/blog.fnlp.fr\/index.php?rest_route=\/wp\/v2\/types\/post"}],"author":[{"embeddable":true,"href":"https:\/\/blog.fnlp.fr\/index.php?rest_route=\/wp\/v2\/users\/1"}],"replies":[{"embeddable":true,"href":"https:\/\/blog.fnlp.fr\/index.php?rest_route=%2Fwp%2Fv2%2Fcomments&post=342"}],"version-history":[{"count":1,"href":"https:\/\/blog.fnlp.fr\/index.php?rest_route=\/wp\/v2\/posts\/342\/revisions"}],"predecessor-version":[{"id":344,"href":"https:\/\/blog.fnlp.fr\/index.php?rest_route=\/wp\/v2\/posts\/342\/revisions\/344"}],"wp:featuredmedia":[{"embeddable":true,"href":"https:\/\/blog.fnlp.fr\/index.php?rest_route=\/wp\/v2\/media\/343"}],"wp:attachment":[{"href":"https:\/\/blog.fnlp.fr\/index.php?rest_route=%2Fwp%2Fv2%2Fmedia&parent=342"}],"wp:term":[{"taxonomy":"category","embeddable":true,"href":"https:\/\/blog.fnlp.fr\/index.php?rest_route=%2Fwp%2Fv2%2Fcategories&post=342"},{"taxonomy":"post_tag","embeddable":true,"href":"https:\/\/blog.fnlp.fr\/index.php?rest_route=%2Fwp%2Fv2%2Ftags&post=342"}],"curies":[{"name":"wp","href":"https:\/\/api.w.org\/{rel}","templated":true}]}}