{"id":345,"date":"2014-05-21T09:54:22","date_gmt":"2014-05-21T07:54:22","guid":{"rendered":"https:\/\/blog.fnlp.fr\/?p=345"},"modified":"2020-01-12T10:05:45","modified_gmt":"2020-01-12T09:05:45","slug":"affaire-kerviel","status":"publish","type":"post","link":"https:\/\/blog.fnlp.fr\/?p=345","title":{"rendered":"Affaire Kerviel"},"content":{"rendered":"<div class=\"chapo\">\n<h4><img loading=\"lazy\" decoding=\"async\" class=\"size-full wp-image-346 alignleft\" src=\"https:\/\/blog.fnlp.fr\/wp-content\/uploads\/2020\/01\/44282626551_d62de4317d_q.jpg\" alt=\"\" width=\"150\" height=\"150\" \/>par Henri Huile<\/h4>\n<p>Depuis quelques temps, une op\u00e9ration m\u00e9diatique a pris l\u2019ampleur habituelle pour ce genre d\u2019affaire : on nous submerge de pseudo informations pour nous dicter ce que nous devons penser.<\/p>\n<\/div>\n<div class=\"texte\">\n<h3 class=\"spip\"><strong>Un bref rappel des \u00e9pisodes pr\u00e9c\u00e9dents\u00a0:<\/strong><\/h3>\n<p><strong>J\u00e9r\u00f4me Kerviel<\/strong> \u00e9tait <i>\u00ab\u00a0trader\u00a0\u00bb<\/i> (sp\u00e9culateur en bourse) \u00e0 la Soci\u00e9t\u00e9 G\u00e9n\u00e9rale. En janvier 2008, il a \u00e9t\u00e9, accus\u00e9 d\u2019avoir pris des positions sp\u00e9culatives de dizaines de milliards d\u2019euros sur des march\u00e9s \u00e0 risque.<\/p>\n<p>A la suite de man\u0153uvres diverses et hasardeuses, couvertes par environ 900 faux en \u00e9criture nous dit-on, aux environs de 5 milliards d\u2019euros sont partis en fum\u00e9e. La Soci\u00e9t\u00e9 G\u00e9n\u00e9rale a b\u00e9n\u00e9fici\u00e9 d\u2019une d\u00e9duction d\u2019imp\u00f4t de 1,7 milliard d\u2019euros.<span class=\"spip_note_ref\">\u00a0[<a id=\"nh1\" class=\"spip_note\" title=\"http:\/\/www.bfmtv.com\/actualite\/laffaire-jerome-kerviel\/\" href=\"http:\/\/old.fnlp.fr\/spip.php?article1042#nb1\" rel=\"footnote\">1<\/a>]<\/span><\/p>\n<p>En premi\u00e8re instance (2010) comme en appel (2012), Kerviel a \u00e9t\u00e9 condamn\u00e9 \u00e0 cinq ans de prison dont trois fermes.<span class=\"spip_note_ref\">\u00a0[<a id=\"nh2\" class=\"spip_note\" title=\"Idem\" href=\"http:\/\/old.fnlp.fr\/spip.php?article1042#nb2\" rel=\"footnote\">2<\/a>]<\/span><\/p>\n<p>Le po\u00e9tique de la chose r\u00e9side en ceci\u00a0: les dirigeants de la banque affirment n\u2019avoir pas \u00e9t\u00e9 au courant des prises de positions risqu\u00e9es, \u00e0 hauteur de 50 milliards d\u2019euros, tout de m\u00eame.<\/p>\n<h3 class=\"spip\"><strong>Randonn\u00e9e et eau b\u00e9nite.<\/strong><\/h3>\n<p>Le 5 mars 2014, Kerviel a entam\u00e9 <i>\u00ab\u00a0<\/i><i>un p\u00e8lerinage e<\/i><i>ntre Rome et Paris\u00a0\u00bb<\/i>, une <i>\u00ab\u00a0<\/i><i>marche contre la tyrannie des march\u00e9s\u00a0\u00bb<\/i>. Ceci apr\u00e8s avoir rencontr\u00e9 le pape Fran\u00e7ois, le 19 f\u00e9vrier au Vatican.<span class=\"spip_note_ref\">\u00a0[<a id=\"nh3\" class=\"spip_note\" title=\"http:\/\/www.rtl.fr\/actualites\/info\/article\/jerome-kerviel-rentre-de-rome-a-pi\u00a0(...)\" href=\"http:\/\/old.fnlp.fr\/spip.php?article1042#nb3\" rel=\"footnote\">3<\/a>]<\/span><\/p>\n<p>Il arrive \u00e0 Menton le 19 mai, o\u00f9 il est appr\u00e9hend\u00e9. Le p\u00e9riple aura \u00e9t\u00e9 ponctu\u00e9 d\u2019une s\u00e9rie de coups m\u00e9diatiques\u00a0: <i>\u00ab\u00a0je reste en Italie\u00a0\u00bb<\/i>, <i>\u00ab\u00a0je rentre en France\u00a0\u00bb<\/i>, <i>\u00ab\u00a0je ne rentre plus\u00a0\u00bb<\/i>, <i>\u00ab\u00a0je rentre quand m\u00eame\u00a0\u00bb<\/i>. Le tout \u00e0 grand renfort de cam\u00e9ras, de conf\u00e9rences de presse, d\u2019envoy\u00e9s sp\u00e9ciaux.<\/p>\n<p>A chaque fois, sur la photo, aux c\u00f4t\u00e9s de Kerviel il y a le p\u00e8re Gourrier qui joue le r\u00f4le du p\u00e8lerin inspir\u00e9. Ce matin, les cam\u00e9ras le filment dans la pose du pr\u00eatre en pri\u00e8re, seul mais rempli d\u2019esp\u00e9rance, debout au milieu de la route. Face cam\u00e9ra.<\/p>\n<p><strong>Patrice Gourrier<\/strong>, pr\u00eatre \u00e0 Poitiers, est cofondateur de l\u2019association Talitha Koum\u00a0:\u00a0\u00ab\u00a0une association loi 1901, lou\u00e9e et recommand\u00e9e selon le code de droit canon\u00a0\u00bb<span class=\"spip_note_ref\">\u00a0[<a id=\"nh4\" class=\"spip_note\" title=\"http:\/\/www.talithakoum.asso.fr\/\" href=\"http:\/\/old.fnlp.fr\/spip.php?article1042#nb4\" rel=\"footnote\">4<\/a>]<\/span>. Il fait partie \u00e9galement des animateurs r\u00e9guliers de l\u2019\u00e9mission \u00ab\u00a0Les grandes gueules\u00a0\u00bb sur RMC.<\/p>\n<h3 class=\"spip\"><strong>A quoi joue l\u2019\u00c9glise catholique\u00a0?<\/strong><\/h3>\n<p>De Rome \u00e0 Menton, le cur\u00e9 des Grandes Gueules se fait filmer \u00e0 c\u00f4t\u00e9 d\u2019un panneau d\u00e9non\u00e7ant <i>\u00ab\u00a0la dictature de\u00a0l\u2019\u00e9conomie sans visage et sans but v\u00e9ritablement humain\u00a0\u00bb<\/i>.<\/p>\n<p>C\u2019est un des aspects de la campagne d\u2019enfumage qui pr\u00e9sente le pape actuel comme <i>\u00ab\u00a0le pape des pauvres\u00a0\u00bb<\/i>.<\/p>\n<p>L\u2019\u00e9glise, devenu minoritaire dans bien des pays consid\u00e9r\u00e9s comme ses bastions traditionnels, cherche \u00e0 reconqu\u00e9rir des parts de march\u00e9. Tout l\u2019art de la man\u0153uvre consistant \u00e0 d\u00e9noncer les pratiques les plus criantes, critiquer le manque d\u2019humanit\u00e9 (tout \u00e0 fait r\u00e9el par ailleurs) des sp\u00e9culateurs et des banquiers\u00a0; Mais sans remettre en cause la chose elle-m\u00eame\u00a0: l\u2019insupportable d\u00e9sordre \u00e9conomique et social que cr\u00e9e le syst\u00e8me capitaliste en crise de d\u00e9liquescence.<\/p>\n<p>Se donner l\u2019air d\u2019\u00eatre ce que l\u2019on n\u2019est pas, implique de recourir \u00e0 un vocabulaire ambigu. Il s\u2019agit de d\u00e9voyer le sens des mots, d\u2019agiter des chim\u00e8res\u00a0: \u00e9conomie sociale de march\u00e9, lib\u00e9ralisme humaniste &#8230;<\/p>\n<p>Ainsi dans le Journal <strong>La Croix<\/strong> du 2 mai 2104, le <strong>Cardinal Marx<\/strong>, un des hommes de confiance du Pape\u00a0:<\/p>\n<blockquote class=\"spip\"><p>\u00ab\u00a0<strong>Question<\/strong>\u00a0: L\u2019Europe d\u00e9fend un mod\u00e8le \u00e9conomique, l\u2019\u00e9conomie sociale de march\u00e9. A-t-il encore un avenir\u00a0?<\/p>\n<p><strong>Cardinal Marx<\/strong>\u00a0: Il faut le d\u00e9fendre contre l\u2019\u00e9conomie casino. On ne peut accepter un syst\u00e8me o\u00f9 le capital est au centre de la soci\u00e9t\u00e9. Ce sont les hommes qui doivent \u00eatre au centre. Pour garantir un tel syst\u00e8me, il faut des institutions (&#8230;)<\/p>\n<p><strong>Question<\/strong>\u00a0: Existe-t-il un bien commun europ\u00e9en\u00a0?<\/p>\n<p><strong>Cardinal Marx<\/strong>\u00a0:\u00a0Le bien commun, dans la doctrine sociale de l\u2019\u00c9glise, a deux aspects\u00a0: des institutions qui garantissent que tout le monde, tous les groupes, peut trouver le chemin pour son \u00e9panouissement\u00a0; et puis un contenu, les droits de l\u2019homme, la dignit\u00e9 humaine, la famille. Il faut bien comprendre que notre bien commun est ins\u00e9parablement li\u00e9 \u00e0 celui de l\u2019Europe.\u00a0\u00bb<\/p>\n<p><i>Traduction<\/i>\u00a0: <i>pour que les hommes et non plus le Capital soit au centre, il faudrait s\u2019en remettre aux institutions de l\u2019Union europ\u00e9enne.<\/i><\/p>\n<p>&nbsp;<\/p><\/blockquote>\n<p><i> <\/i>Mgr Rey, \u00e9v\u00eaque de Toulon-Fr\u00e9jus, est encore plus direct\u00a0: <i>\u00ab\u00a0<\/i><i>Alors qu\u2019on d\u00e9c\u00e8le dans l\u2019opinion publique, \u00e0 la fois une vraie d\u00e9ception et une certaine d\u00e9fiance vis-\u00e0-vis de l\u2019action politique, comme chr\u00e9tiens et citoyens, nous avons l\u2019obligation morale de r\u00e9habiliter la politique au sens noble du terme, et nous avons le devoir de participer aux \u00e9lections.\u00a0\u00bb<\/i><span class=\"spip_note_ref\">\u00a0[<a id=\"nh5\" class=\"spip_note\" title=\"A l\u2019approche des \u00e9lections municipales et europ\u00e9ennes, Lettre de Monseigneur\u00a0(...)\" href=\"http:\/\/old.fnlp.fr\/spip.php?article1042#nb5\" rel=\"footnote\">5<\/a>]<\/span><\/p>\n<p>Pour conclure sur la vraie nature de l\u2019op\u00e9ration, citons des extraits (d\u00e9j\u00e0 publi\u00e9s en leur temps par La Raison) d\u2019un article de <strong>Mgr Lacrampe<\/strong>\u00a0: <i>\u00ab\u00a0L\u2019\u00c9glise ne peut demeurer \u00e0 l\u2019\u00e9cart quand l\u2019homme souffre et doute. Ce contexte nous conduit \u00e0 poursuivre une r\u00e9flexion sur ce que l\u2019\u00c9glise peut et doit apporter \u00e0 celui qui souffre dans sa vie personnelle, au sein de sa famille, dans son milieu professionnel, (\u2026)\u00a0\u00bb<\/i><\/p>\n<h4 class=\"spip\">La question se pose de savoir comment le faire.<\/h4>\n<p>1. Rejoindre celles et ceux qui ont en charge le Bien Commun et les soutenir spirituellement dans leur charge (\u2026) L\u2019\u00c9glise doit manifester sa pr\u00e9sence aupr\u00e8s de ceux qui combattent pour le Bien Commun &#8230;<\/p>\n<p>2. Au niveau de nos communaut\u00e9s chr\u00e9tiennes, de nos mouvements d\u2019\u00c9glise, favoriser des rencontres qui permettent d\u2019\u00e9clairer les choix des entreprises \u2026<\/p>\n<p>3. Tendre la main \u00e0 ceux qui souffrent en les accompagnant et en les aidant \u00e0 garder l\u2019esp\u00e9rance\u00a0: l\u2019\u00c9glise se doit d\u2019apporter le soutien spirituel mais aussi concret aux organisations caritatives, confessionnelles ou non, qui cr\u00e9ent des actions innovantes, assistent et accompagnent les personnes qui p\u00e2tissent le plus de la crise.\u00a0\u00bb<span class=\"spip_note_ref\">\u00a0[<a id=\"nh6\" class=\"spip_note\" title=\"La Croix, le 10 novembre 2008\" href=\"http:\/\/old.fnlp.fr\/spip.php?article1042#nb6\" rel=\"footnote\">6<\/a>]<\/span><\/p>\n<blockquote class=\"spip\">\n<h4 class=\"spip\">En clair et en r\u00e9sum\u00e9\u00a0:<\/h4>\n<p><img loading=\"lazy\" decoding=\"async\" class=\"puce\" src=\"http:\/\/old.fnlp.fr\/squelettes-dist\/puce.gif\" alt=\"-\" width=\"8\" height=\"11\" \/>\u00a0Soutenir les patrons, les banquiers, les gouvernants car ils ont en charge\u00a0le bien commun,<\/p>\n<p><img loading=\"lazy\" decoding=\"async\" class=\"puce\" src=\"http:\/\/old.fnlp.fr\/squelettes-dist\/puce.gif\" alt=\"-\" width=\"8\" height=\"11\" \/>\u00a0participer \u00e0 organiser le pr\u00e9tendu \u00ab\u00a0dialogue social\u00a0\u00bb pour faire admettre aux salari\u00e9s et leurs syndicats les d\u00e9cisions des patrons, des banquiers et des gouvernements,<\/p>\n<p><img loading=\"lazy\" decoding=\"async\" class=\"puce\" src=\"http:\/\/old.fnlp.fr\/squelettes-dist\/puce.gif\" alt=\"-\" width=\"8\" height=\"11\" \/>\u00a0Faire l\u2019aum\u00f4ne aux plus pauvres,<\/p>\n<p>Tel est le contenu r\u00e9el du battage m\u00e9diatique orchestr\u00e9 depuis le Vatican sur \u00ab\u00a0les buts v\u00e9ritablement humains de l\u2019\u00e9conomie\u00a0\u00bb afin, esp\u00e8rent-ils, que dure le syst\u00e8me et en son sein la place de l\u2019Eglise.<\/p><\/blockquote>\n<\/div>\n","protected":false},"excerpt":{"rendered":"<div class=\"mh-excerpt\"><p>par Henri Huile Depuis quelques temps, une op\u00e9ration m\u00e9diatique a pris l\u2019ampleur habituelle pour ce genre d\u2019affaire : on nous submerge de pseudo informations pour <a class=\"mh-excerpt-more\" href=\"https:\/\/blog.fnlp.fr\/?p=345\" title=\"Affaire Kerviel\">[&#8230;]<\/a><\/p>\n<\/div>","protected":false},"author":1,"featured_media":347,"comment_status":"closed","ping_status":"closed","sticky":false,"template":"","format":"standard","meta":{"footnotes":""},"categories":[42,6,41,10],"tags":[],"class_list":["post-345","post","type-post","status-publish","format-standard","has-post-thumbnail","hentry","category-anticapitalisme","category-anticlericalisme","category-henri-huile","category-liberte-dexpression"],"_links":{"self":[{"href":"https:\/\/blog.fnlp.fr\/index.php?rest_route=\/wp\/v2\/posts\/345","targetHints":{"allow":["GET"]}}],"collection":[{"href":"https:\/\/blog.fnlp.fr\/index.php?rest_route=\/wp\/v2\/posts"}],"about":[{"href":"https:\/\/blog.fnlp.fr\/index.php?rest_route=\/wp\/v2\/types\/post"}],"author":[{"embeddable":true,"href":"https:\/\/blog.fnlp.fr\/index.php?rest_route=\/wp\/v2\/users\/1"}],"replies":[{"embeddable":true,"href":"https:\/\/blog.fnlp.fr\/index.php?rest_route=%2Fwp%2Fv2%2Fcomments&post=345"}],"version-history":[{"count":2,"href":"https:\/\/blog.fnlp.fr\/index.php?rest_route=\/wp\/v2\/posts\/345\/revisions"}],"predecessor-version":[{"id":349,"href":"https:\/\/blog.fnlp.fr\/index.php?rest_route=\/wp\/v2\/posts\/345\/revisions\/349"}],"wp:featuredmedia":[{"embeddable":true,"href":"https:\/\/blog.fnlp.fr\/index.php?rest_route=\/wp\/v2\/media\/347"}],"wp:attachment":[{"href":"https:\/\/blog.fnlp.fr\/index.php?rest_route=%2Fwp%2Fv2%2Fmedia&parent=345"}],"wp:term":[{"taxonomy":"category","embeddable":true,"href":"https:\/\/blog.fnlp.fr\/index.php?rest_route=%2Fwp%2Fv2%2Fcategories&post=345"},{"taxonomy":"post_tag","embeddable":true,"href":"https:\/\/blog.fnlp.fr\/index.php?rest_route=%2Fwp%2Fv2%2Ftags&post=345"}],"curies":[{"name":"wp","href":"https:\/\/api.w.org\/{rel}","templated":true}]}}