{"id":370,"date":"2014-11-25T10:34:30","date_gmt":"2014-11-25T09:34:30","guid":{"rendered":"https:\/\/blog.fnlp.fr\/?p=370"},"modified":"2020-01-12T10:40:06","modified_gmt":"2020-01-12T09:40:06","slug":"paris-terre-de-mission","status":"publish","type":"post","link":"https:\/\/blog.fnlp.fr\/?p=370","title":{"rendered":"Paris, terre de mission ?"},"content":{"rendered":"<div class=\"texte\">\n<h4><img loading=\"lazy\" decoding=\"async\" class=\"size-full wp-image-270 alignleft\" src=\"https:\/\/blog.fnlp.fr\/wp-content\/uploads\/2020\/01\/44233839892_eb570e89cf_q.jpg\" alt=\"\" width=\"150\" height=\"150\" \/>par Jean-Marc SCHIAPPA<\/h4>\n<blockquote><p>Dans <i>Le Monde <\/i>des 22-23 novembre, on peut lire une curieuse et importante information sous le titre \u00ab\u00a0<em>Les catholiques de Paris dans la rue pour \u00ab\u00a0t\u00e9moigner\u00a0\u00bb de leur foi. Contes dans un bar, chorale itin\u00e9rante, spectacles\u2026\u00a0<\/em>\u00bb Ce titre n\u2019est pas secondaire, nous le verrons\u00a0; il est pr\u00e9cis\u00e9 \u00ab\u00a0<em>Jusqu\u2019\u00e0 No\u00ebl, plus de 500 animations auront lieu dans la capitale. Les catholiques de Paris s\u2019appr\u00eatent \u00e0 descendre dans la rue. Non pour revendiquer ou contester, mais pour t\u00e9moigner de leur foi. Le dioc\u00e8se de la capitale les invite en effet \u00e0 profiter de la p\u00e9riode de No\u00ebl pour \u00ab\u00a0sortir de leurs \u00e9glises (\u2026), aller \u00e0 la rencontre de leurs contemporains\u00a0\u00bb\u2026.<\/em><\/p><\/blockquote>\n<p><i>\u00ab\u00a0Plus de 500 animations, visibles dans les rues, les caf\u00e9s ou sur les march\u00e9s, ou bien plus priv\u00e9es entre amis ou voisins.\u00a0\u00bb<\/i> Les initiatives priv\u00e9es ne nous concernent pas, tant qu\u2019elles sont entre adultes consentants. Les rencontres dans les caf\u00e9s ne nous concernent pas, elles sont sous le contr\u00f4le du tenancier et de la police (tu parles\u00a0! quand on a sous la main des gens qui croient que l\u2019on peut changer l\u2019eau en vin, on va leur faire payer la carafe d\u2019eau gratuite au prix du Dom P\u00e9rignon\u00a0!). Les initiatives publiques non plus, l\u2019\u00c9glise catholique a le droit, comme tout un chacun, de manifester (m\u00eame si une manifestation syndicale de cheminots a \u00e9t\u00e9 interdite ce printemps, par exemple)\u00a0; cela est pr\u00e9vu dans la Loi de 1905.<\/p>\n<p>Question\u00a0: nous interrogeons la Pr\u00e9fecture de Police de Paris\u00a0; ces autorisations de manifester ont-elles \u00e9t\u00e9 demand\u00e9es\u00a0? Question subsidiaire\u00a0: la Maire de Paris qui se dit la\u00efque a-t-elle interrog\u00e9 la Pr\u00e9fecture de Police, comme elle en a le droit et le pouvoir\u00a0? Tiens, encore une question\u00a0: la Mairie finance-t-elle l\u2019op\u00e9ration\u00a0? Nous poserons ces questions aux concern\u00e9s.<\/p>\n<p>On lit encore\u00a0: \u00ab\u00a0Cette initiative est souhait\u00e9e de longue date par le cardinal Andr\u00e9 Vingt-Trois, archev\u00eaque de Paris. Elle co\u00efncide opportun\u00e9ment avec l\u2019appel r\u00e9p\u00e9t\u00e9 du pape Fran\u00e7ois \u00e0 son \u00c9glise pour qu\u2019elle <i>\u00ab\u00a0sorte de son propre confort et <\/i>[ait] <i>le courage de rejoindre toutes les p\u00e9riph\u00e9ries qui ont besoin de la lumi\u00e8re de l\u2019Evangile\u00a0\u00bb<\/i>. La presse ne doute de rien, elle veut nous faire croire \u00e0 un hasard, c\u2019est \u00ab\u00a0opportun\u00e9ment\u00a0\u00bb que cela se passe\u00a0!<\/p>\n<p>Le journal <i>Le Monde <\/i>poursuit \u00ab\u00a0<em>Au cours du mois de d\u00e9cembre, les habitants de cette paroisse pourront \u00e9couter un conte de No\u00ebl dans certains caf\u00e9s, croiser sur leur chemin, \u00e0 l\u2019heure de pointe, une chorale itin\u00e9rante en buvant un chocolat chaud, assister au spectacle d\u2019un \u00ab\u00a0clown du Bon Dieu\u00a0\u00bb pour <\/em><i>\u00ab\u00a0<\/i>parler autrement de la venue de J\u00e9sus-Christ sur notre terre<i>\u00a0\u00bb \u00ab\u00a0L\u2019id\u00e9e, c\u2019est de t\u00e9moigner, plus que de faire du pros\u00e9lytisme\u00a0\u00bb<\/i>, explique le cur\u00e9 de la paroisse, le p\u00e8re Philippe Marsset\u00a0\u00bb. Donc, il s\u2019agit aussi de faire du pros\u00e9lytisme \u2026<\/p>\n<p><i>\u00ab\u00a0La pr\u00e9paration de cette offre religieuse d\u2019un type particulier pousse les catholiques \u00e0 \u00ab\u00a0\u00eatre en mission urbaine\u00a0\u00bb, selon la formule du p\u00e8re Bruno Lefevre-Pontalis qui, de l\u2019archev\u00each\u00e9, o\u00f9 il est vicaire g\u00e9n\u00e9ral, a supervis\u00e9 la pr\u00e9paration de l\u2019\u00e9v\u00e9nement.\u00a0\u00bb<\/i> Le vocabulaire est loin d\u2019\u00eatre secondaire\u00a0: depuis Matthieu, certainement le plus int\u00e9ressant des Evang\u00e9listes, la <i>\u00ab\u00a0mission\u00a0\u00bb<\/i> consiste \u00e0 porter la parole du Christ l\u00e0 o\u00f9 elle n\u2019est pas connue. En utilisant ce terme de <i>\u00ab\u00a0mission\u00a0\u00bb<\/i>, l\u2019\u00c9glise confirme qu\u2019elle est en perte de vitesse, loin de ce qui nous est annonc\u00e9 officiellement dans les m\u00e9dia.<\/p>\n<p>Poursuivons la lecture du journal \u00ab\u00a0<i>\u00ab\u00a0Beaucoup de catholiques sont complex\u00e9s de ne pas savoir parler de leur foi. Ils ont soif <\/i>(d\u2019o\u00f9 l\u2019id\u00e9e d\u2019aller dans les bistrots\u00a0? ndlr) <i>de pouvoir mieux exprimer ce qu\u2019ils sont et ce qu\u2019ils croient\u00a0\u00bb<\/i>, rel\u00e8ve M.\u00a0Marsset. Bruno Lefevre-Pontalis entrevoit une \u00e9volution dans l\u2019expression des catholiques dans l\u2019espace public\u00a0: <i>\u00ab\u00a0Les nouvelles g\u00e9n\u00e9rations sont peut-\u00eatre moins nombreuses, <\/i>(tiens, on nous dit partout que la jeunesse se pr\u00e9cipite dans les \u00c9glises\u00a0; or, de l\u2019avis m\u00eame d\u2019un de ses responsables, il s\u2019agit de l\u2019inverse\u00a0: ils sont \u00ab\u00a0moins nombreux\u00a0\u00bb) <i>mais elles sortent de la culture du complexe, de l\u2019enfouissement. Les jeunes sont pr\u00eats \u00e0 t\u00e9moigner qu\u2019ils sont chr\u00e9tiens. Ils ont compris que la foi n\u2019est pas exclusivement de l\u2019ordre priv\u00e9.\u00a0\u00bb<\/i><\/p>\n<p>Il s\u2019agit bien de ce que la Libre Pens\u00e9e a analys\u00e9 depuis quelques ann\u00e9es\u00a0: l\u2019\u00c9glise est descendue dans l\u2019ar\u00e8ne politique, avec la hardiesse du taureau\u2026<\/p>\n<\/div>\n","protected":false},"excerpt":{"rendered":"<div class=\"mh-excerpt\"><p>par Jean-Marc SCHIAPPA Dans Le Monde des 22-23 novembre, on peut lire une curieuse et importante information sous le titre \u00ab\u00a0Les catholiques de Paris dans <a class=\"mh-excerpt-more\" href=\"https:\/\/blog.fnlp.fr\/?p=370\" title=\"Paris, terre de mission ?\">[&#8230;]<\/a><\/p>\n<\/div>","protected":false},"author":1,"featured_media":371,"comment_status":"closed","ping_status":"closed","sticky":false,"template":"","format":"standard","meta":{"footnotes":""},"categories":[6,25],"tags":[],"class_list":["post-370","post","type-post","status-publish","format-standard","has-post-thumbnail","hentry","category-anticlericalisme","category-jean-marc-schiappa"],"_links":{"self":[{"href":"https:\/\/blog.fnlp.fr\/index.php?rest_route=\/wp\/v2\/posts\/370","targetHints":{"allow":["GET"]}}],"collection":[{"href":"https:\/\/blog.fnlp.fr\/index.php?rest_route=\/wp\/v2\/posts"}],"about":[{"href":"https:\/\/blog.fnlp.fr\/index.php?rest_route=\/wp\/v2\/types\/post"}],"author":[{"embeddable":true,"href":"https:\/\/blog.fnlp.fr\/index.php?rest_route=\/wp\/v2\/users\/1"}],"replies":[{"embeddable":true,"href":"https:\/\/blog.fnlp.fr\/index.php?rest_route=%2Fwp%2Fv2%2Fcomments&post=370"}],"version-history":[{"count":1,"href":"https:\/\/blog.fnlp.fr\/index.php?rest_route=\/wp\/v2\/posts\/370\/revisions"}],"predecessor-version":[{"id":372,"href":"https:\/\/blog.fnlp.fr\/index.php?rest_route=\/wp\/v2\/posts\/370\/revisions\/372"}],"wp:featuredmedia":[{"embeddable":true,"href":"https:\/\/blog.fnlp.fr\/index.php?rest_route=\/wp\/v2\/media\/371"}],"wp:attachment":[{"href":"https:\/\/blog.fnlp.fr\/index.php?rest_route=%2Fwp%2Fv2%2Fmedia&parent=370"}],"wp:term":[{"taxonomy":"category","embeddable":true,"href":"https:\/\/blog.fnlp.fr\/index.php?rest_route=%2Fwp%2Fv2%2Fcategories&post=370"},{"taxonomy":"post_tag","embeddable":true,"href":"https:\/\/blog.fnlp.fr\/index.php?rest_route=%2Fwp%2Fv2%2Ftags&post=370"}],"curies":[{"name":"wp","href":"https:\/\/api.w.org\/{rel}","templated":true}]}}