{"id":38,"date":"2015-05-12T12:46:34","date_gmt":"2015-05-12T10:46:34","guid":{"rendered":"https:\/\/blog.fnlp.fr\/?p=38"},"modified":"2020-01-06T20:07:35","modified_gmt":"2020-01-06T19:07:35","slug":"la-cathosphere-senerve","status":"publish","type":"post","link":"https:\/\/blog.fnlp.fr\/?p=38","title":{"rendered":"La cathosph\u00e8re s\u2019\u00e9nerve"},"content":{"rendered":"<h5><img loading=\"lazy\" decoding=\"async\" class=\"size-full wp-image-52 alignleft\" src=\"https:\/\/blog.fnlp.fr\/wp-content\/uploads\/2017\/10\/29346274347_15990a2431_q.jpg\" alt=\"\" width=\"150\" height=\"150\" \/>par Christian Eyschen<\/h5>\n<div class=\"art-postcontent art-postcontent-0 clearfix\">\n<div class=\"art-content-layout\">\n<div class=\"art-content-layout-row\">\n<div class=\"art-layout-cell layout-item-0\">\n<div class=\"chapo\">\n<p>Ran\u00e7on de la gloire et hommage du vice \u00e0 la vertu, sans doute, les \u00e9nerv\u00e9s du clavier \u00e0 l\u2019eau b\u00e9nite s\u2019en prennent de plus en plus \u00e0 la Libre Pens\u00e9e. A la pointe de leur crucifix enrag\u00e9\u00a0: les actions des libres penseurs \u00e0 propos des cr\u00e8ches chr\u00e9tiennes dans les b\u00e2timents publics, la statue de la Vierge \u00e0 Publier (74), la statue Jean-Paul II \u00e0 Plo\u00ebrmel (56) et le communiqu\u00e9 sur la charia catholique.<\/p>\n<\/div>\n<div class=\"texte\">\n<p>Voici le genre de prose que nous recevons sur notre site\u00a0:\u00a0\u00ab\u00a0<em>Je vous souhaite tout le mal qui puisse exister et prie Dieu qu\u2019il vienne vous chercher et nous d\u00e9barrasser de vous. N\u2019h\u00e9sitez pas \u00e0 m\u2019appeler, si je ne suis pas \u00e0 l\u2019\u00e9glise pour supplier le Bon Dieu de vous renvoyer pr\u00e8s de vos anc\u00eatres<\/em>\u00a0\u00bb. L\u00e0, on est dans le gentil. On en a eu d\u2019autres carr\u00e9ment scatologiques, haineux, insultants, le plus souvent dans un fran\u00e7ais plus qu\u2019approximatif, ce qui relativise fortement les formulations du genre\u00a0:\u00a0\u00ab\u00a0<em>Vous n\u2019\u00eates pas de chez nous<\/em>\u00a0\u00bb. Car si on est fran\u00e7ais, on est, bien s\u00fbr, catholique. Ce qu\u2019on appelle, sans doute, des d\u00e9mocrates.<\/p>\n<p>Bien \u00e9videmment, vouloir d\u00e9fendre la loi de 1905 et, Oh\u00a0! Damnation, \u00eatre libre penseur, sont bien les preuves que nous ne sommes que des supp\u00f4ts de l\u2019\u00e9tranger, qui sournoisement tapis dans l\u2019ombre des synagogues de Satan (entendez les Temples ma\u00e7onniques), veulent s\u2019en prendre \u00e0 la \u00ab\u00a0<em>France \u00e9ternelle, chr\u00e9tienne<\/em>\u00a0\u00bb mOssieur\u00a0!<\/p>\n<p>Dans le genre d\u00e9jant\u00e9, la couronne d\u2019\u00e9pines revient incontestablement aux nazillons bretonnant (on devrait plut\u00f4t dire chevrotant) qui montent au\u00a0<strong>Golgotha<\/strong>\u00a0pour venger la statue de Jean-Paul II \u00e0 Plo\u00ebrmel. Il faut dire qu\u2019avec une si belle \u0153uvre d\u2019art offert, par un maffieux russe en hommage \u00e0 un vendeur d\u2019opium du peuple, on est dans le grandiose. Il est vrai que dans la circonstance, on est plus dans le Borgia que dans le Michel \u2013Ange.<\/p>\n<h3><strong>Ils ont le bras tendu, nous les bras nous en tombent<\/strong><\/h3>\n<p>Ces nostalgiques du Gwenn-ha-du, fa\u00e7on croix gamm\u00e9e, nous \u00e9merveillent\u00a0:\u00a0<em>\u00ab\u00a0Le Tribunal administratif de Rennes, saisi par la F\u00e9d\u00e9ration du Morbihan de l\u2019association d\u2019extr\u00eame-gauche jacobine\u00a0<\/em>\u00ab\u00a0La Libre Pens\u00e9e\u00a0\u00bb\u00a0<em>vient de d\u00e9clarer ostentatoire la statue du Pape Jean-Paul 2, inaugur\u00e9e en 2006 sur une place de Plo\u00ebrmel. Elle devra donc \u00eatre retir\u00e9e du champ public si les recours &#8211; men\u00e9s notamment par le maire de Pl\u00f6ermel &#8211; \u00e9chouent.<\/em><\/p>\n<p><em>Il serait inadmissible qu\u2019une association archi-minoritaire &#8211; dont les id\u00e9es fanatiques ne repr\u00e9sentent qu\u2019elle m\u00eame en Bretagne &#8211; parvienne \u00e0 ces fins et cela m\u00eame avec l\u2019aval d\u2019un Tribunal administratif. Le catholicisme est un des \u00e9l\u00e9ments fondateurs de la Bretagne, et Jean-Paul II a \u00e9t\u00e9 important pour les Bretonnes et les Bretons. Tous ont encore en t\u00eate sa venue \u00e0 Saint-Anne d\u2019Auray en 1996 devant une foule immense de fid\u00e8les.<\/em><\/p>\n<p><em>Les Bretonnes et les Bretons doivent r\u00e9agir pour prot\u00e9ger une statue qui fait partie de leur patrimoine religieux, Breton et Europ\u00e9en.\u00a0Si aujourd\u2019hui, l\u2019Etat fait enlever la statue d\u2019un Pape tant aim\u00e9 des Bretons, demain, seront-ce nos calvaires que des associations voudront faire d\u00e9truire\u00a0?<\/em><\/p>\n<p><em>Par la r\u00e9sistance pacifique, nous appelons chacun \u00e0 veiller sur la statue de Jean-Paul 2, \u00e0 former une chaine continue pour prot\u00e9ger notre h\u00e9ritage, qu\u2019aucun groupuscule fanatique ni aucun Tribunal administratif d\u2019Etat ne pourra enlever. C\u2019est de notre devoir de m\u00e9moire dont il s\u2019agit. De notre pass\u00e9, mais aussi de notre avenir, \u00e0 l\u2019heure o\u00f9 la religion catholique est pers\u00e9cut\u00e9e, malmen\u00e9e sur de nombreux territoires de la plan\u00e8te. N\u2019ayez pas peur\u00a0! N\u2019ayons plus peur\u00a0! D\u00e9fendons notre Pape Jean-Paul II et le patrimoine Breton.\u00a0<\/em>Signez la p\u00e9tition pour le maintien de la statue. Participez \u00e0 la r\u00e9sistance bretonne\u00a0!\u00a0<strong>Le collectif\u00a0<\/strong><strong>\u00ab\u00a0Touche pas \u00e0 mon Pape\u00a0\u00bb\u00a0\u00bb<\/strong><\/p>\n<h3><strong>Ne m\u2019appelez plus jamais France<\/strong><\/h3>\n<p>Au passage, vous remarquerez la formulation \u00ab\u00a0<em>Breton et europ\u00e9en<\/em>\u00a0\u00bb, mais surtout pas fran\u00e7ais. Et c\u2019est nous qui sommes le \u00ab\u00a0<em>parti de l\u2019\u00e9tranger<\/em>\u00a0\u00bb\u00a0! Cela rappelle les plaques min\u00e9ralogiques dans les Etats du Sud des USA, o\u00f9 les nostalgiques de l\u2019esclavage \u00e9crivaient\u00a0:\u00a0\u00ab\u00a0<em>Am\u00e9ricains, par force\u00a0; Sudistes, par c\u0153ur<\/em>\u00a0\u00bb.<\/p>\n<p>Il arrive que le goupillon tremblant et trop \u00e9nerv\u00e9, habit\u00e9 sans doute par l\u2019esprit de saint-Michel terrassant le dragon, d\u00e9rape sur le clavier de l\u2019ordinateur. C\u2019est ainsi, qu\u2019au moment des cr\u00e8ches chr\u00e9tiennes, un \u00ab\u00a0<em>fran\u00e7ais<\/em>\u00a0\u00bb (sans doute \u00e9tait-il \u00ab\u00a0<em>bon<\/em>\u00a0\u00bb comme en 1942, quand il \u00e9crivait \u00e0 la\u00a0<strong>Kommandantur<\/strong>) nous a envoy\u00e9, par m\u00e9garde, une circulaire \u00e9lectronique du Parti chr\u00e9tien-d\u00e9mocrate de\u00a0<strong>Christine Boutin<\/strong>\u00a0incitant ses ouailles \u00e0 faire des mails en quantit\u00e9 pour attaquer la Libre Pens\u00e9e.<\/p>\n<p>C\u2019est ainsi que nous avons re\u00e7u des brouettes de mails sur le m\u00eame mod\u00e8le\u00a0: \u00ab\u00a0<em>Je suis ath\u00e9e, mais je d\u00e9fends le patrimoine chr\u00e9tien et nos Eglises<\/em>\u00a0\u00bb. Sans doute une bonne s\u0153ur communiste encore \u00e9gar\u00e9e. \u00ab\u00a0<em>J\u2019ai un bon ami juif<\/em>\u00a0\u00bb (Hitler en avait un aussi), voire pour les plus audacieux qui ne reculent devant rien\u00a0: \u00ab\u00a0<em>J\u2019ai des amis musulmans qui sont contre vous et pour la d\u00e9fense du christianisme<\/em>\u00a0\u00bb. On y croit. D\u2019autres, moins aimables, nous accusaient de pratiques sodomites avec les musulmans qui veulent d\u00e9truire \u00ab\u00a0<em>notre belle France de toujours<\/em>\u00a0\u00bb. Sans doute, sont-ce des adeptes apolog\u00e9tiques de la parabole de la paille et de la poutre\u00a0? Chacun voit midi \u00e0 sa porte.<\/p>\n<h3><strong>Tous ceux-l\u00e0 font, bien s\u00fbr, d\u2019excellents fran\u00e7ais<\/strong><\/h3>\n<p>Et pourtant, comme disait\u00a0<strong>Galil\u00e9e<\/strong>, \u00ab\u00a0<em>Elle tourne<\/em>\u00a0\u00bb. Nous conseillons \u00e0 tout ce petit monde de prendre des forces, la Libre Pens\u00e9e n\u2019a pas l\u2019intention de renoncer \u00e0 la d\u00e9fense de la la\u00efcit\u00e9. Qu\u2019on se le tienne pour dit, ici et ailleurs.<\/p>\n<\/div>\n<\/div>\n<\/div>\n<\/div>\n<\/div>\n","protected":false},"excerpt":{"rendered":"<div class=\"mh-excerpt\"><p>par Christian Eyschen Ran\u00e7on de la gloire et hommage du vice \u00e0 la vertu, sans doute, les \u00e9nerv\u00e9s du clavier \u00e0 l\u2019eau b\u00e9nite s\u2019en prennent <a class=\"mh-excerpt-more\" href=\"https:\/\/blog.fnlp.fr\/?p=38\" title=\"La cathosph\u00e8re s\u2019\u00e9nerve\">[&#8230;]<\/a><\/p>\n<\/div>","protected":false},"author":1,"featured_media":71,"comment_status":"closed","ping_status":"closed","sticky":false,"template":"","format":"standard","meta":{"footnotes":""},"categories":[6,14,15],"tags":[],"class_list":["post-38","post","type-post","status-publish","format-standard","has-post-thumbnail","hentry","category-anticlericalisme","category-christian-eyschen","category-les-ennemis-de-la-libre-pensee"],"_links":{"self":[{"href":"https:\/\/blog.fnlp.fr\/index.php?rest_route=\/wp\/v2\/posts\/38","targetHints":{"allow":["GET"]}}],"collection":[{"href":"https:\/\/blog.fnlp.fr\/index.php?rest_route=\/wp\/v2\/posts"}],"about":[{"href":"https:\/\/blog.fnlp.fr\/index.php?rest_route=\/wp\/v2\/types\/post"}],"author":[{"embeddable":true,"href":"https:\/\/blog.fnlp.fr\/index.php?rest_route=\/wp\/v2\/users\/1"}],"replies":[{"embeddable":true,"href":"https:\/\/blog.fnlp.fr\/index.php?rest_route=%2Fwp%2Fv2%2Fcomments&post=38"}],"version-history":[{"count":4,"href":"https:\/\/blog.fnlp.fr\/index.php?rest_route=\/wp\/v2\/posts\/38\/revisions"}],"predecessor-version":[{"id":70,"href":"https:\/\/blog.fnlp.fr\/index.php?rest_route=\/wp\/v2\/posts\/38\/revisions\/70"}],"wp:featuredmedia":[{"embeddable":true,"href":"https:\/\/blog.fnlp.fr\/index.php?rest_route=\/wp\/v2\/media\/71"}],"wp:attachment":[{"href":"https:\/\/blog.fnlp.fr\/index.php?rest_route=%2Fwp%2Fv2%2Fmedia&parent=38"}],"wp:term":[{"taxonomy":"category","embeddable":true,"href":"https:\/\/blog.fnlp.fr\/index.php?rest_route=%2Fwp%2Fv2%2Fcategories&post=38"},{"taxonomy":"post_tag","embeddable":true,"href":"https:\/\/blog.fnlp.fr\/index.php?rest_route=%2Fwp%2Fv2%2Ftags&post=38"}],"curies":[{"name":"wp","href":"https:\/\/api.w.org\/{rel}","templated":true}]}}