{"id":422,"date":"2004-05-14T00:18:16","date_gmt":"2004-05-13T22:18:16","guid":{"rendered":"https:\/\/blog.fnlp.fr\/?p=422"},"modified":"2020-01-14T11:05:18","modified_gmt":"2020-01-14T10:05:18","slug":"dans-les-pas-de-saint-louis","status":"publish","type":"post","link":"https:\/\/blog.fnlp.fr\/?p=422","title":{"rendered":"Dans les pas de Saint-Louis"},"content":{"rendered":"<div class=\"texte\">\n<p class=\"spip\">\u00ab\u00a0<em>Europe inanim\u00e9e avez-vous donc une \u00e2me\u00a0?<\/em>\u00a0\u00bb Cette qu\u00eate quasi-d\u00e9sesp\u00e9r\u00e9e poursuivie par tous ceux qui voudraient bien que l\u2019aigreur cynique de la loi du march\u00e9 soit quelque peu adoucie par une cuiller de miel salvatrice et r\u00e9demptrice, va-t-elle enfin \u00eatre men\u00e9e \u00e0 bien\u00a0? Le proc\u00e8s de Robert Schuman, p\u00e8re fondateur de l\u2019Union Europ\u00e9enne, sera clos le 29 mai. Le proc\u00e8s\u00a0? Robert Schuman, \u00e0 l\u2019instar de Jupp\u00e9, aurait-il \u00e9t\u00e9 rattrap\u00e9, post mortem, par la justice r\u00e9publicaine\u00a0? Vous n\u2019y \u00eates pas du tout\u00a0: le proc\u00e8s dont il est question est le proc\u00e8s dioc\u00e9sain dans le but d\u2019acc\u00e9der \u00e0 la b\u00e9atification.<\/p>\n<p class=\"spip\">Bienheureux Robert !\u2026 la b\u00e9atification, c\u2019est le premier pas vers la sanctification. A d\u00e9faut de pouvoir obtenir la reconnaissance des racines chr\u00e9tiennes de l\u2019Europe dans le pr\u00e9ambule de la Constitution, la proclamer \u0153uvre divine en usant du symbole fort de la canonisation d\u2019un de ses fondateurs, serait du plus bel effet. On sait combien la sanctification de Louis IX a servi pendant des si\u00e8cles la couronne de la monarchie absolue de droit divin et fait les choux gras de l\u2019\u00c9glise catholique apostolique et romaine.<\/p>\n<p class=\"spip\">Mais il y a un hic. M\u00eame pour une b\u00e9atification , il faut avoir au moins accompli un miracle. Qu\u2019est-ce que les \u0153uvres de Robert valent sur ce plan\u00a0? C\u2019est ce que le tribunal dioc\u00e9sain devra mettre en balance\u00a0[<a id=\"nh1\" class=\"spip_note\" title=\"[1] Je sais, je sais \u2026 mais si je ne vous la sers pas, vous allez \u00eatre (...)\" href=\"http:\/\/geraldcusin.free.fr\/spip.php?article11#nb1\" name=\"nh1\">1<\/a>] . Qu\u2019\u00e0 cela ne tienne\u00a0! le Vatican a toujours quelque chose au magasin des accessoires. Inaugurant une maison \u00ab\u00a0Robert Schuman\u00a0\u00bb en Moselle, le 9 mai dernier, le cardinal Poupard \u2013 qui ne passe pas pour un \u00e9cervel\u00e9 \u2013 a estim\u00e9 que\u00a0: <em>\u00ab\u00a0la cr\u00e9ation de l\u2019Europe \u00e9tait un miracle, qui pourrait \u00eatre pris en compte dans la b\u00e9atification \u00e9ventuelle de l\u2019homme politique fran\u00e7ais.\u00a0\u00bb<\/em> La bonne de Robert Schuman, qui certes n\u2019est plus tr\u00e8s jeune \u00e0 l\u2019heure actuelle a indiqu\u00e9, quant \u00e0 elle, qu\u2019elle avait \u00e9t\u00e9 le t\u00e9moin oculaire d\u2019un v\u00e9ritable autre miracle r\u00e9alis\u00e9 par Robert le b\u00e9ni\u00a0: <em>\u00ab\u00a0Un matin au petit d\u00e9jeuner, a-t-elle pr\u00e9cis\u00e9 d\u2019une voix toute emprunte d\u2019une sainte \u00e9motion, Monsieur Robert, il a fait tomber sa tartine sur le tapis d\u2019Aubusson, \u2026 Et bien, elle a atterri avec le c\u00f4t\u00e9 confiture DESSUS\u00a0!<\/em>\u00a0\u00bb\u2026 \u00ab<em>\u00a0All\u00e9luia\u00a0! All\u00e9luia\u00a0!<\/em>\u00a0\u00bb, s\u2019est \u00e9cri\u00e9 Mgr Poupard\u00a0!, et il a promis que ce miracle serait tr\u00e8s s\u00e9rieusement \u00e9tudi\u00e9 lors du proc\u00e8s en canonisation, en vue de la sanctification totale.<\/p>\n<p class=\"spip\">Prions donc, et esp\u00e9rons.<\/p>\n<h3 class=\"spip\">L\u2019hostie, \u00e7a ne se bouffe pas\u00a0!, \u00e7a se mange\u00a0!<\/h3>\n<p class=\"spip\">Et pas \u00e0 tous les r\u00e2teliers, s\u2019il vous pla\u00eet\u00a0!<\/p>\n<p class=\"spip\">Excusez-moi du terme, mais c\u2019est le bordel dans les \u00e9glise romaines du monde entier. La chienlit cons\u00e9cutive \u00e0 Vatican II, a produit des ondes de choc dont l\u2019ampleur a boulevers\u00e9 la liturgie et le d\u00e9roulement des offices. D\u00e9j\u00e0, avec l\u2019ami Brassens, nous convenions volontiers que sans le latin, la messe nous emmerdait, mais l\u00e0 les bornes, au-del\u00e0 desquelles il n\u2019y a plus de limites, sont d\u00e9pass\u00e9es. \u00ab\u00a0<em>La Sainte-Messe est devenue folle\u00a0!<\/em>\u00a0\u00bb se plaint la tr\u00e8s officielle Congr\u00e9gation pour le culte divin et la discipline des sacrements. Et on la comprend. Dans un document d\u2019une vingtaine de pages, intitul\u00e9 Instructions sur certaines choses \u00e0 observer concernant la tr\u00e8s sainte Eucharistie, cette respectable institution qui si\u00e8ge au Vatican, en liaison \u00e9troite avec la Congr\u00e9gation pour la doctrine de la foi (ex-Inquisition), s\u2019\u00e9l\u00e8ve contre \u00ab<em>\u00a0les abus m\u00eame tr\u00e8s graves contre la nature de la liturgie et des sacrements<\/em>\u00a0\u00bb \u2026 \u00ab\u00a0<em>Dans certains lieux<\/em>\u00a0\u00bb ajoute-t-elle, \u00ab\u00a0<em>le fait de commettre des abus dans le domaine liturgique est m\u00eame devenu un usage habituel.<\/em>\u00a0\u00bb Diantre\u00a0!, on s\u2019inqui\u00e8te\u00a0: de quoi s\u2019agit-il\u00a0? Je vous le livre en vrac. Il semblerait que chacun fasse ce qu\u2019il veut, quand il veut, o\u00f9 il veut concernant les rites et les c\u00e9r\u00e9monie sacr\u00e9es\u00a0: c\u00e9l\u00e9brations de la messe avec des confessions non catholiques\u00a0; communion accord\u00e9e \u00e0 des non catholiques, voir des sans religion\u00a0; messe dite par des personnes non ordonn\u00e9es, y compris (on en tremble)\u2026 des femmes\u00a0!\u00a0; messe dite dans des endroits pas catholiques, voire au cours de d\u00eeners spectacles, suppression de formules rituelles indispensables, ou ajout de textes profanes\u00a0; messe r\u00e9cit\u00e9e dans le d\u00e9sordre\u00a0; utilisation de pain non r\u00e9glementaire pour l\u2019hostie, voire de la farine pas fra\u00eeche, voire en y int\u00e9grant d\u2019autres ingr\u00e9dients (je peux vous dire d\u2019ores et d\u00e9j\u00e0 que l\u2019hostie aux herbes de Provence ou go\u00fbt salami, c\u2019est fini)\u00a0; et prise dans des conditions, je ne vous raconte pas\u00a0: dans la main, tremp\u00e9e dans le calice, par poign\u00e9es, par morceaux, en la faisant passer \u00e0 son voisin \u2026 A ce sujet, la Congr\u00e9gation rappelle que \u00ab\u00a0<em>tout fid\u00e8le a toujours le droit de recevoir la sainte communion (\u2026) dans la bouche<\/em>\u00a0\u00bb (de pr\u00e9f\u00e9rence \u00e0 tout autre orifice, \u00e9videmment), mais il faut v\u00e9rifier \u00ab\u00a0<em>qu\u2019il ne la garde pas par de vers lui \u00e0 des fins sacril\u00e8ges.<\/em>\u00a0\u00bb\u00a0: On ne peut plus faire confiance \u00e0 personne de nos jours.<\/p>\n<p class=\"spip\">Comme je le disais plus haut\u00a0: c\u2019est le bordel\u00a0! Et je ne vous parle pas des \u00ab\u00a0<em>graviosa delicta<\/em>\u00a0[<a id=\"nh2\" class=\"spip_note\" title=\"[2] Ce sont les fautes les plus graves qui doivent \u00eatre instruites et (...)\" href=\"http:\/\/geraldcusin.free.fr\/spip.php?article11#nb2\" name=\"nh2\">2<\/a>]\u00a0\u00bb, du genre, j\u2019ai utilis\u00e9 trop de vin pour le transmuter en sang du Christ, et je ne trouve rien de mieux que de balancer le petit J\u00e9sus dans l\u2019\u00e9vier (pardon, la piscine) de la sacristie, avec les eaux us\u00e9es\u00a0! Bravo\u00a0! Donc, place \u00e0 l\u2019ordre, il est temps. On commence donc par rappeler que seul l\u2019\u00e9v\u00eaque a la charge \u00ab<em>\u00a0d\u2019\u00e9difier son troupeau dans la v\u00e9rit\u00e9 et la saintet\u00e9.<\/em>\u00a0\u00bb Les la\u00efcs (\u00ef-c, ceux-l\u00e0) doivent rester \u00e0 leur place\u00a0: \u00ab\u00a0<em>Toutes les exp\u00e9rimentations liturgiques doivent cesser.<\/em>\u00a0\u00bb<\/p>\n<p class=\"spip\">N\u2019emp\u00eache. C\u2019est la troisi\u00e8me fois que le Vatican rappelle les pr\u00eatres et les fid\u00e8les \u00e0 l\u2019ordre\u00a0: en 1970, en 1988 et en 2004. C\u2019est dire s\u2019il est \u00e9cout\u00e9 par le troupeau\u00a0! On aurait pu s\u2019attendre qu\u2019en ce domaine, au moins, il serait plus ob\u00e9i qu\u2019en mati\u00e8re de morale sexuelle\u00a0: Mais je t\u2019en fiche\u00a0!\u2026 Je me demande si les dirigeants de l\u2019U.E. ont mis\u00e9 sur le bon cheval. Ont-ils raison d\u2019accorder leur confiance \u00e0 ce machin moli-mola, qui ne sera pas plus capable de canaliser les foules montant \u00e0 l\u2019assaut du lib\u00e9ralisme europ\u00e9en, qu\u2019elle n\u2019est capable de se faire ob\u00e9ir par un cur\u00e9 de campagne\u00a0?<\/p>\n<p class=\"spip\">A m\u00e9diter.<\/p>\n<\/div>\n<div class=\"notes\">\n<h2>Notes<\/h2>\n<p class=\"spip_note\">[<a class=\"spip_note\" title=\"info notes 1\" href=\"http:\/\/geraldcusin.free.fr\/spip.php?article11#nh1\" name=\"nb1\">1<\/a>] Je sais, je sais \u2026 mais si je ne vous la sers pas, vous allez \u00eatre d\u00e9\u00e7u<\/p>\n<p class=\"spip_note\">[<a class=\"spip_note\" title=\"info notes 2\" href=\"http:\/\/geraldcusin.free.fr\/spip.php?article11#nh2\" name=\"nb2\">2<\/a>] Ce sont les fautes les plus graves qui doivent \u00eatre instruites et \u00e9ventuellement absoutes uniquement pas l\u2019Inquisition.<\/p>\n<\/div>\n","protected":false},"excerpt":{"rendered":"<div class=\"mh-excerpt\"><p>\u00ab\u00a0Europe inanim\u00e9e avez-vous donc une \u00e2me\u00a0?\u00a0\u00bb Cette qu\u00eate quasi-d\u00e9sesp\u00e9r\u00e9e poursuivie par tous ceux qui voudraient bien que l\u2019aigreur cynique de la loi du march\u00e9 soit <a class=\"mh-excerpt-more\" href=\"https:\/\/blog.fnlp.fr\/?p=422\" title=\"Dans les pas de Saint-Louis\">[&#8230;]<\/a><\/p>\n<\/div>","protected":false},"author":1,"featured_media":425,"comment_status":"closed","ping_status":"closed","sticky":false,"template":"","format":"standard","meta":{"footnotes":""},"categories":[4,48,21,9,24,8],"tags":[],"class_list":["post-422","post","type-post","status-publish","format-standard","has-post-thumbnail","hentry","category-antidogmatisme","category-en-direct-du-xxie-siecle","category-gerald-cusin","category-humour","category-obscurantisme","category-politique"],"_links":{"self":[{"href":"https:\/\/blog.fnlp.fr\/index.php?rest_route=\/wp\/v2\/posts\/422","targetHints":{"allow":["GET"]}}],"collection":[{"href":"https:\/\/blog.fnlp.fr\/index.php?rest_route=\/wp\/v2\/posts"}],"about":[{"href":"https:\/\/blog.fnlp.fr\/index.php?rest_route=\/wp\/v2\/types\/post"}],"author":[{"embeddable":true,"href":"https:\/\/blog.fnlp.fr\/index.php?rest_route=\/wp\/v2\/users\/1"}],"replies":[{"embeddable":true,"href":"https:\/\/blog.fnlp.fr\/index.php?rest_route=%2Fwp%2Fv2%2Fcomments&post=422"}],"version-history":[{"count":3,"href":"https:\/\/blog.fnlp.fr\/index.php?rest_route=\/wp\/v2\/posts\/422\/revisions"}],"predecessor-version":[{"id":426,"href":"https:\/\/blog.fnlp.fr\/index.php?rest_route=\/wp\/v2\/posts\/422\/revisions\/426"}],"wp:featuredmedia":[{"embeddable":true,"href":"https:\/\/blog.fnlp.fr\/index.php?rest_route=\/wp\/v2\/media\/425"}],"wp:attachment":[{"href":"https:\/\/blog.fnlp.fr\/index.php?rest_route=%2Fwp%2Fv2%2Fmedia&parent=422"}],"wp:term":[{"taxonomy":"category","embeddable":true,"href":"https:\/\/blog.fnlp.fr\/index.php?rest_route=%2Fwp%2Fv2%2Fcategories&post=422"},{"taxonomy":"post_tag","embeddable":true,"href":"https:\/\/blog.fnlp.fr\/index.php?rest_route=%2Fwp%2Fv2%2Ftags&post=422"}],"curies":[{"name":"wp","href":"https:\/\/api.w.org\/{rel}","templated":true}]}}