{"id":432,"date":"2004-06-14T00:34:56","date_gmt":"2004-06-13T22:34:56","guid":{"rendered":"https:\/\/blog.fnlp.fr\/?p=432"},"modified":"2020-01-14T11:04:49","modified_gmt":"2020-01-14T10:04:49","slug":"ce-qui-me-chagrine-chez-les-croyants-cest-leur-manque-de-foi","status":"publish","type":"post","link":"https:\/\/blog.fnlp.fr\/?p=432","title":{"rendered":"Ce qui me chagrine, chez les croyants, c&rsquo;est leur manque de foi"},"content":{"rendered":"<div class=\"texte\">\n<p class=\"spip\">Lorsque vous lirez cet article, Jean Paul II sera revenu de Lourdes. Le pr\u00e9sident Chirac l\u2019aura accueilli en compl\u00e8te contradiction avec la loi de S\u00e9paration de 1905, en utilisant la vieille ruse du \u00ab\u00a0<em>Chef d\u2019\u00c9tat <\/em>\u00bb. Que cet \u00c9tat bafoue la d\u00e9mocratie au point qu\u2019il ne remplisse aucune des conditions lui permettant d\u2019int\u00e9grer l\u2019Union europ\u00e9enne, m\u00eame dans le cadre d\u2019une Constitution (en voie de ratification) compl\u00e8tement antid\u00e9mocratique, ne semble pas causer de probl\u00e8mes de conscience au repr\u00e9sentant officiel de la R\u00e9publique. Peut-\u00eatre esp\u00e8re-t-il ainsi conjurer le mauvais sort qui s\u2019acharne sur lui et sur sa majorit\u00e9 \u00e0 chaque nouvelle \u00e9lection ? L\u2019eau de la grotte permettrait-elle d\u2019\u00e9viter le \u00ab non \u00bb au r\u00e9f\u00e9rendum de l\u2019ann\u00e9e prochaine ? Ce serait le premier miracle de Lourdes du XXI\u00e8me si\u00e8cle. On est d\u00e9j\u00e0 en 2004, et on serait dans la moyenne : 25 miracles au XIX\u00e8me si\u00e8cle, 42 au XX\u00e8me, il ne faudrait pas trop tarder pour \u00eatre dans les temps de passage. Sinon, il va falloir bourrer, et ce n\u2019est jamais bon. Un qui ne croit pas aux miracles, en tous les cas, c\u2019est le pape lui-m\u00eame : on assure dans les milieux proches qu\u2019il s\u2019y rend en simple p\u00e8lerin, mais n\u2019esp\u00e8re pas une gu\u00e9rison de ses propres maux. C\u2019est un peu comme si votre vendeur de voiture habituel roulait lui-m\u00eame dans un v\u00e9hicule d\u2019une marque concurrente.<\/p>\n<p class=\"spip\">Son arriv\u00e9e \u00e0 la mi-ao\u00fbt ne satisfait pas tout le monde, loin de l\u00e0. C\u2019est le cas des commer\u00e7ants de la bonne ville des Hautes-Pyr\u00e9n\u00e9es. \u00ab\u00a0<em>Chaque ann\u00e9e, au 15 ao\u00fbt, nous sommes complets, car c\u2019est le p\u00e8lerinage national. On aurait pr\u00e9f\u00e9r\u00e9 que Jean Paul II vienne en p\u00e9riode creuse pour doper notre activit\u00e9<\/em>,\u00a0\u00bb se plaint un h\u00f4telier dans la rubrique \u00ab<em>\u00a0Vivre mieux\u00a0<\/em>\u00bb (\u00a0?!) du Parisien du 15 juillet. Le pape \u00e9coutera-t-il les conseils de (cul)b\u00e9ni fut\u00e9\u00a0? On en doute. Tout est pr\u00eat nous affirme le site des \u00e9v\u00eaques de France. D\u2019autres se pr\u00e9parent, d\u2019ailleurs\u00a0: Un \u00e9leveur de Madiran fait des pieds et des mains pour que son vin soit servi lors de la c\u00e9l\u00e9bration du 15 ao\u00fbt\u00a0: \u00ab\u00a0J<em>e veux faire d\u00e9couvrir [au pape] la qualit\u00e9 et l\u2019originalit\u00e9 de notre terroir tout en profitant de la pr\u00e9sence de centaines de journalistes pour promouvoir nos crus\u2026<\/em>\u00a0\u00bb\u00a0: Il para\u00eet que cette initiative a plu \u00e0 l\u2019\u00e9v\u00eaque du dioc\u00e8se Jacques Perrier (C\u2019est fou, non\u00a0?)<\/p>\n<p class=\"spip\">J\u2019esp\u00e8re que la nouvelle loi en cours de vote sur les propos anti-femmes prononc\u00e9s par des \u00e9trangers ne sera pas encore en vigueur au mois d\u2019ao\u00fbt. A bien relire les \u00e9critures dont les chr\u00e9tiens se r\u00e9clament, et a fortiori le premier d\u2019entre eux, le ministre de l\u2019Int\u00e9rieur pourrait organiser un charter pour l\u2019homme en blanc. C\u2019est sans doute la raison pour laquelle le maire de Bart\u00e8s (ville dans laquelle Bernadette a pass\u00e9 une partie de son enfance), vient d\u2019\u00e9lever le pape au rang de citoyen d\u2019honneur. On n\u2019est jamais trop prudent, et il vaut mieux avoir toujours deux fers au feu. Une messe, \u00e7a va, trois messes, bonjour les d\u00e9g\u00e2ts\u00a0!<\/p>\n<p class=\"spip\">La palme des croyants qui n\u2019y croient pas revient cependant aux pr\u00eatres catholiques de Croatie. Ils ont protest\u00e9 derni\u00e8rement contre un projet de loi visant \u00e0 l\u2019interdiction totale de la consommation d\u2019alcool pour les conducteurs. Le motif est donn\u00e9 par le p\u00e8re Zivko Kustic dans un quotidien de Zagreb\u00a0: \u00ab<em>\u00a0La police ne doit pas traiter les pr\u00eatres comme des conducteurs ordinaires. D\u2019une certaine mani\u00e8re, les pr\u00eatres doivent \u00eatre exempt\u00e9s. Souvent, nous c\u00e9l\u00e9brons trois messes par jour dans trois villages diff\u00e9rents, et nous sommes oblig\u00e9s de nous d\u00e9placer en voiture. Pendant les c\u00e9r\u00e9monies, nous buvons une certaine quantit\u00e9 de vin.\u00a0<\/em>\u00bb Un autre pr\u00eatre ajoute\u00a0: \u00ab<em>\u00a0Si la nouvelle loi est strictement respect\u00e9e, il n\u2019est pas exclu de voir la moiti\u00e9 du clerg\u00e9 derri\u00e8re les barreaux.<\/em>\u00a0\u00bb Et un troisi\u00e8me, jaloux, pr\u00e9cise\u00a0: \u00ab\u00a0<em>Seuls les \u00e9v\u00eaques seront en mesure de respecter la loi, car ils disposent d\u2019un chauffeur.<\/em>\u00a0\u00bb<\/p>\n<p class=\"spip\">Hommes de peu de foi que ces pr\u00eatres croates. Et la transsubstantiation\u00a0? Qu\u2019est-ce que vous en faites de la transsubstantiation\u00a0? du pipi de chat\u00a0? Ignorez-vous que le vin consacr\u00e9 devient le sang de votre Seigneur\u00a0? Pas symboliquement, r\u00e9ellement\u00a0! Du vin de messe consacr\u00e9, vous pouvez en boire tout votre saoul, aucun danger pour que l\u2019alcotest prenne des couleurs illicites. Tout juste pourra-t-on constater une certaine aura luminescente cons\u00e9cutive aux essences miraculeuses produites par le breuvage divin, mais aucune loi ne l\u2019interdit jusqu\u2019\u00e0 pr\u00e9sent. Sankt-P\u00f6lten, ou les d\u00e9lices du s\u00e9minaire<\/p>\n<p class=\"spip\">Au risque de me faire taxer d\u2019anticl\u00e9rical primaire \u2013 ce qui ne saurait \u00eatre le cas \u2013 je doit avouer que je ne me lasse jamais des histoires salaces de cur\u00e9s. La derni\u00e8re nous vient d\u2019Autriche. Je relatais il y a peu les exploits de l\u2019ancien archev\u00eaque de Vienne Hermann Groer, accus\u00e9 d\u2019abus sexuel par ses anciens \u00e9l\u00e8ves et que Rome prot\u00e9gea longtemps avant de jeter le gant et d\u2019obliger le fr\u00e9tillant cardinal \u00e0 se retirer dans un clo\u00eetre. Le p\u00e9tard a \u00e9clat\u00e9 cette fois-ci dans le s\u00e9minaire de Sankt-P\u00f6lten, \u00e0 l\u2019ouest de Vienne. On y a d\u00e9couvert plus de 10.000 images pornographiques et p\u00e9dophiles dans les ordinateurs de plusieurs pr\u00eatres. C\u2019\u00e9tait sans doute pour \u00e9tudier de mani\u00e8re attentive les m\u00e9faits du diable. Le magazine viennois <em>Profil<\/em> a publi\u00e9 des photos o\u00f9 l\u2019on voit le directeur du s\u00e9minaire toucher la braguette d\u2019un de ses \u00e9tudiants \u2013 un faux geste, rien de plus \u2013 , pendant que le directeur adjoint embrassait \u00e0 bouche que veux-tu un jeune s\u00e9minariste. N\u2019y voyez aucun mal\u00a0!, d\u2019ailleurs, l\u2019\u00e9v\u00eaque Kurt Krenn a tout clarifi\u00e9\u00a0: \u00ab\u00a0<em>Cette affaire a \u00e9t\u00e9 mont\u00e9e en \u00e9pingle, c\u2019\u00e9tait la f\u00eate de No\u00ebl. A la fin ils se sont donn\u00e9 le baiser de No\u00ebl. Cela n\u2019a rien \u00e0 voir avec l\u2019homosexualit\u00e9. Il a m\u00eame tenu \u00e0 pr\u00e9ciser que \u00ab\u00a0le droit canon ne sanctionne pas le baiser avec la langue.<\/em>\u00a0\u00bbCela me rappelle l\u2019histoire du cur\u00e9 qui d\u00e9clare\u00a0: \u00ab\u00a0<em>Je me promenais sur la route lorsque j\u2019ai vu un malheureux crapaud tout malade. Je l\u2019ai pris dans mes bras et je l\u2019ai ramen\u00e9 au presbyt\u00e8re. Je l\u2019ai mis dans mon lit pour le r\u00e9chauffer, et je lui ai donn\u00e9 un baiser de paix pour le rassurer. C\u2019est alors qu\u2019il s\u2019est transform\u00e9 en un jeune et beau gar\u00e7on \u2026 et c\u2019est comme \u00e7a que tout \u00e0 commenc\u00e9, Monsieur le Pr\u00e9sident.\u00a0<\/em>\u00bb<\/p>\n<p class=\"spip\">Il para\u00eetrait m\u00eame que le directeur (d\u00e9missionnaire depuis) aurait mari\u00e9 deux s\u00e9minaristes homosexuels \u2026 A\u00efe ma m\u00e8re\u00a0! On ajoute enfin, que de nombreuses f\u00eates nocturnes jusqu\u2019\u00e0 des pas d\u2019heures, et copieusement arros\u00e9es y \u00e9taient \u00e9galement organis\u00e9es. Si c\u2019est \u00e7a la vie que les moines font\u00a0! je me ferai moine avec ma Janneton, comme disait la chanson bien connue<\/p>\n<p class=\"spip\">Il semblerait que le Vatican se h\u00e2te de faire le m\u00e9nage. D\u2019autant plus qu\u2019il en va de l\u2019autorit\u00e9 morale du cardinal autrichien Sch\u00f6nborn, souvent cit\u00e9 comme \u00ab\u00a0papabile\u00a0\u00bb pour succ\u00e9der \u00e0 Jean Paul II.<\/p>\n<p class=\"spip\">Comme je le disais , ce qui perd le monde d\u2019aujourd\u2019hui, voyez-vous, c\u2019est le recul de la foi et de la crainte de dieu, sans lesquelles il n\u2019y a pas de morale possible.<\/p>\n<\/div>\n","protected":false},"excerpt":{"rendered":"<div class=\"mh-excerpt\"><p>Lorsque vous lirez cet article, Jean Paul II sera revenu de Lourdes. Le pr\u00e9sident Chirac l\u2019aura accueilli en compl\u00e8te contradiction avec la loi de S\u00e9paration <a class=\"mh-excerpt-more\" href=\"https:\/\/blog.fnlp.fr\/?p=432\" title=\"Ce qui me chagrine, chez les croyants, c&rsquo;est leur manque de foi\">[&#8230;]<\/a><\/p>\n<\/div>","protected":false},"author":1,"featured_media":433,"comment_status":"closed","ping_status":"closed","sticky":false,"template":"","format":"standard","meta":{"footnotes":""},"categories":[6,4,48,21,9],"tags":[],"class_list":["post-432","post","type-post","status-publish","format-standard","has-post-thumbnail","hentry","category-anticlericalisme","category-antidogmatisme","category-en-direct-du-xxie-siecle","category-gerald-cusin","category-humour"],"_links":{"self":[{"href":"https:\/\/blog.fnlp.fr\/index.php?rest_route=\/wp\/v2\/posts\/432","targetHints":{"allow":["GET"]}}],"collection":[{"href":"https:\/\/blog.fnlp.fr\/index.php?rest_route=\/wp\/v2\/posts"}],"about":[{"href":"https:\/\/blog.fnlp.fr\/index.php?rest_route=\/wp\/v2\/types\/post"}],"author":[{"embeddable":true,"href":"https:\/\/blog.fnlp.fr\/index.php?rest_route=\/wp\/v2\/users\/1"}],"replies":[{"embeddable":true,"href":"https:\/\/blog.fnlp.fr\/index.php?rest_route=%2Fwp%2Fv2%2Fcomments&post=432"}],"version-history":[{"count":1,"href":"https:\/\/blog.fnlp.fr\/index.php?rest_route=\/wp\/v2\/posts\/432\/revisions"}],"predecessor-version":[{"id":434,"href":"https:\/\/blog.fnlp.fr\/index.php?rest_route=\/wp\/v2\/posts\/432\/revisions\/434"}],"wp:featuredmedia":[{"embeddable":true,"href":"https:\/\/blog.fnlp.fr\/index.php?rest_route=\/wp\/v2\/media\/433"}],"wp:attachment":[{"href":"https:\/\/blog.fnlp.fr\/index.php?rest_route=%2Fwp%2Fv2%2Fmedia&parent=432"}],"wp:term":[{"taxonomy":"category","embeddable":true,"href":"https:\/\/blog.fnlp.fr\/index.php?rest_route=%2Fwp%2Fv2%2Fcategories&post=432"},{"taxonomy":"post_tag","embeddable":true,"href":"https:\/\/blog.fnlp.fr\/index.php?rest_route=%2Fwp%2Fv2%2Ftags&post=432"}],"curies":[{"name":"wp","href":"https:\/\/api.w.org\/{rel}","templated":true}]}}