{"id":436,"date":"2004-09-14T00:45:22","date_gmt":"2004-09-13T22:45:22","guid":{"rendered":"https:\/\/blog.fnlp.fr\/?p=436"},"modified":"2020-01-14T11:04:40","modified_gmt":"2020-01-14T10:04:40","slug":"prier-ou-respirer-il-faut-choisir","status":"publish","type":"post","link":"https:\/\/blog.fnlp.fr\/?p=436","title":{"rendered":"Prier ou respirer, il faut choisir"},"content":{"rendered":"<div class=\"texte\">\n<p class=\"spip\">On ne nous \u00e9coute pas assez\u00a0: depuis le temps que nous d\u00e9clarions \u00e0 longueur de colonnes que fr\u00e9quenter les \u00e9glises \u00e9tait dangereux pour la sant\u00e9 et que la religion intoxiquait. Malheureusement nous n\u2019avions que trop raison d\u2019alerter le public\u00a0: Une \u00e9tude scientifique de l\u2019universit\u00e9 n\u00e9erlandaise de Maastricht (comme quoi, il ne faut d\u00e9sesp\u00e9rer de rien), nous apprend que les cierges et l\u2019encens dans les \u00e9glises peuvent \u00eatre dangereux et potentiellement canc\u00e9rig\u00e8nes\u00a0: \u00ab<em>\u00a0Apr\u00e8s avoir br\u00fbl\u00e9 des bougies pendant une journ\u00e9e, nous avons trouv\u00e9 vingt fois plus de particules que lors d\u2019un embouteillage sur la route\u00a0<\/em>\u00bb, a indiqu\u00e9 l\u2019auteur de l\u2019article Th\u00e9o de Kok , lequel ne nous dit pas s\u2019il avait allum\u00e9 ses bougies sur l\u2019autel de St-Christophe, patron des automobilistes. \u00ab<em>\u00a0Ce niveau \u00e9tait si incroyablement \u00e9lev\u00e9 que nous avons pens\u00e9 qu\u2019il fallait en faire un rapport public.<\/em>\u00a0\u00bb<\/p>\n<p class=\"spip\">Imaginez la sc\u00e8ne\u00a0:\u00ab\u00a0<em>Ch\u00e9ri, on va rester encore longtemps coinc\u00e9 sur l\u2019autoroute\u00a0?, je te rappelle que la c\u00e9r\u00e9monie \u00e9tait pr\u00e9vue \u00e0 11 heures\u00a0! <\/em><br \/>\n<em><img loading=\"lazy\" decoding=\"async\" src=\"http:\/\/geraldcusin.free.fr\/dist\/puce.gif\" alt=\"-\" width=\"8\" height=\"11\" \/>\u00a0Plains-toi\u00a0! Ta m\u00e8re, assise au premier rang au pied de l\u2019autel depuis une demi-heure, est en train de cracher ses poumons\u00a0! Ici au moins, on est tranquille\u00a0! Ouvre la fen\u00eatre, respire tranquillement ce bon oxyde de carbone et relaxe-toi\u00a0!\u00a0<\/em>\u00bb<\/p>\n<p class=\"spip\">Bref, l\u2019\u00e9glise de Maastricht contenait vingt fois plus de particules PM10 que la limite autoris\u00e9e par l\u2019Union europ\u00e9enne. De plus, on a \u00e9galement d\u00e9couvert des niveaux tr\u00e8s \u00e9lev\u00e9s d\u2019hydrocarbures aromatiques polycycliques carcinog\u00e8nes et des types inconnus de radicaux libres d\u00e9gag\u00e9s par la combustion des bougies et de l\u2019encens&#8230; Parents, soyez responsables\u00a0! N\u2019envoyez plus vos enfants au cat\u00e9\u00a0: outre que le cur\u00e9 n\u2019est pas forc\u00e9ment fiable sur certains points, vous pouvez voir revenir le mioche avec une tumeur canc\u00e9reuse en sus du traumatisme.<\/p>\n<p class=\"spip\">L\u2019archev\u00each\u00e9 de Paris, interrog\u00e9, a indiqu\u00e9 qu\u2019\u00e0 Notre-Dame, on avait r\u00e9solu le probl\u00e8me par un nouveau syst\u00e8me d\u2019a\u00e9ration. Nous, on veut bien, n\u2019emp\u00eache qu\u2019en appliquant le simple principe de pr\u00e9caution, on devrait fermer tous les b\u00e2timents \u00e0 usage cultuel jusqu\u2019\u00e0 nouvel ordre. Mettons pendant quelques dizaines d\u2019ann\u00e9es, le temps que la toxicit\u00e9 redescende \u00e0 des niveaux supportables comme ceux du p\u00e9riph\u00e9rique un vendredi soir vers 18 heures. Et c\u2019est pour la sant\u00e9 physique des paroissiens\u00a0: peut-\u00eatre que cette initiative de salubrit\u00e9 publique leur permettrait \u00e9galement de s\u2019a\u00e9rer l\u2019esprit. Ils feraient ainsi d\u2019une pierre deux coups.<\/p>\n<h3 class=\"spip\">Une campagne d\u2019information indispensable<\/h3>\n<p class=\"spip\">Une autre mesure prioritaire pourrait \u00eatre d\u2019\u00e9crire en tr\u00e8s gros sur les cierges que les croyants ach\u00e8tent pour remercier Saint-Troufignon de les avoir fait gagner au tierc\u00e9, (m\u00eame dans le d\u00e9sordre), \u00ab\u00a0<em>ATTENTION, BRULER UN CIERGE PEUT TUER\u00a0!<\/em>\u00a0\u00bb<\/p>\n<p class=\"spip\">Il faudrait \u00e9galement mettre en place un service de s\u00e9curit\u00e9\u00a0: \u00ab\u00a0<em>Non, Madame, vous ne pouvez pas br\u00fbler plus d\u2019un cierge tous les quinze jours, ce sont les mesures impos\u00e9es par Bruxelles, revenez \u00e0 la fin du mois, et n\u2019oubliez pas de faire tamponner votre carte de rationnement aupr\u00e8s du bedeau.<\/em><\/p>\n<p class=\"spip\"><em><img loading=\"lazy\" decoding=\"async\" src=\"http:\/\/geraldcusin.free.fr\/dist\/puce.gif\" alt=\"-\" width=\"8\" height=\"11\" \/>\u00a0Mais\u00a0!, c\u2019est pour demander \u00e0 la bonne vierge le retour de mon fils qui est parti en Cote d\u2019Ivoire\u00a0!<\/em><\/p>\n<p class=\"spip\"><em><img loading=\"lazy\" decoding=\"async\" src=\"http:\/\/geraldcusin.free.fr\/dist\/puce.gif\" alt=\"-\" width=\"8\" height=\"11\" \/>\u00a0Ah, Madame\u00a0! Ce n\u2019est pas une raison pour tuer les gens \u00e9galement ici, circulez\u00a0!\u00a0\u00bb<\/em><\/p>\n<p class=\"spip\">Sur les prie-dieu, on pourrait \u00e9galement graver\u00a0: \u00ab\u00a0<em>PRIER EST DANGEREUX POUR LA SANT\u00c9<\/em>\u00a0\u00bb<\/p>\n<p class=\"spip\">Il faudrait \u00e9galement infliger une taxe en faveur de la S\u00e9curit\u00e9 Sociale sur les b\u00e2tons d\u2019encens.<\/p>\n<p class=\"spip\">Les cathos pratiquants (heureusement pour l\u2019Assistance Publique, de moins en moins nombreux) devraient \u00e9galement voir leurs primes d\u2019assurance augmenter. Un peu de r\u00e9flexe citoyen, que diable\u00a0! En sortant des \u00e9glises, qui sait si ces particules hydromachinchoses de type inconnu, ne restent pas accroch\u00e9es aux paroissiens\u00a0? Les Vatalamesses sont-ils contagieux\u00a0? Ne font-ils pas de nous des \u00ab<em>\u00a0malgr\u00e9 nous<\/em>\u00a0\u00bb, des cathos passifs, en quelque sorte, comme il existe des fumeurs passifs\u00a0? Dans ces conditions ne faudrait-il pas envisager, \u00e0 d\u00e9faut de fermer les \u00e9difices, mesure pas toujours bien comprise, notamment par les gens \u00e0 courte vue et \u00e0 l\u2019esprit born\u00e9 comme il y en a tant dans ces genres d\u2019endroits, installer des sas de d\u00e9contamination, ou mieux, instaurer des mesures de quarantaine par d\u00e9cret pr\u00e9fectoral\u00a0? On pourrait aussi leur enlever leurs enfants et les confier \u00e0 la DASS dans le cadre d\u2019une vaste op\u00e9ration nationale \u00ab<em>\u00a0aide \u00e0 l\u2019enfance en danger.<\/em> \u00bb A d\u00e9faut, on pourrait au moins obliger ces gens-l\u00e0 \u00e0 se couvrir enti\u00e8rement d\u2019un drap noir et \u00e0 agiter une cr\u00e9celle lorsqu\u2019ils se d\u00e9placent sur la voie publique, afin que les gens sains puissent faire entrer en h\u00e2te leur prog\u00e9niture et se barricader chez eux en fermant portes et fen\u00eatres, les commer\u00e7ants pouvant \u00e9galement \u00eatre autoris\u00e9s \u00e0 baisser leur rideau de fer pour cette occasion. A la fin de la grand-messe, le tocsin pourrait exceptionnellement sonner \u00e0 toute vol\u00e9e pour que les rues soient d\u00e9sertes sur leur passage, le temps qu\u2019ils regagnent leur quartier r\u00e9serv\u00e9. Instaurer le couvre-feu pour ces cat\u00e9gories de population \u00e0 risque ne serait d\u2019ailleurs pas excessif\u00a0: Voil\u00e0 tout autant de mesures simples, s\u00fbres et co\u00fbtant peu d\u2019argent.<\/p>\n<p class=\"spip\">Les pouvoirs publics feraient mieux de se pencher l\u00e0-dessus avant que le scandale ne leur explose \u00e0 la t\u00eate, ou fasse l\u2019objet de campagnes de d\u00e9nigrement syst\u00e9matique dans une presse pas toujours aussi bien pensante que la n\u00f4tre, et toujours pr\u00eate \u00e0 se moquer de la religion, des croyants, \u00e0 exag\u00e9rer les choses d\u2019une mani\u00e8re grossi\u00e8re et outranci\u00e8re et \u00e0 bouffer du cur\u00e9 pour peu qu\u2019on lui en laisse l\u2019occasion.<\/p>\n<\/div>\n","protected":false},"excerpt":{"rendered":"<div class=\"mh-excerpt\"><p>On ne nous \u00e9coute pas assez\u00a0: depuis le temps que nous d\u00e9clarions \u00e0 longueur de colonnes que fr\u00e9quenter les \u00e9glises \u00e9tait dangereux pour la sant\u00e9 <a class=\"mh-excerpt-more\" href=\"https:\/\/blog.fnlp.fr\/?p=436\" title=\"Prier ou respirer, il faut choisir\">[&#8230;]<\/a><\/p>\n<\/div>","protected":false},"author":1,"featured_media":437,"comment_status":"closed","ping_status":"closed","sticky":false,"template":"","format":"standard","meta":{"footnotes":""},"categories":[6,4,48,21,9],"tags":[],"class_list":["post-436","post","type-post","status-publish","format-standard","has-post-thumbnail","hentry","category-anticlericalisme","category-antidogmatisme","category-en-direct-du-xxie-siecle","category-gerald-cusin","category-humour"],"_links":{"self":[{"href":"https:\/\/blog.fnlp.fr\/index.php?rest_route=\/wp\/v2\/posts\/436","targetHints":{"allow":["GET"]}}],"collection":[{"href":"https:\/\/blog.fnlp.fr\/index.php?rest_route=\/wp\/v2\/posts"}],"about":[{"href":"https:\/\/blog.fnlp.fr\/index.php?rest_route=\/wp\/v2\/types\/post"}],"author":[{"embeddable":true,"href":"https:\/\/blog.fnlp.fr\/index.php?rest_route=\/wp\/v2\/users\/1"}],"replies":[{"embeddable":true,"href":"https:\/\/blog.fnlp.fr\/index.php?rest_route=%2Fwp%2Fv2%2Fcomments&post=436"}],"version-history":[{"count":1,"href":"https:\/\/blog.fnlp.fr\/index.php?rest_route=\/wp\/v2\/posts\/436\/revisions"}],"predecessor-version":[{"id":438,"href":"https:\/\/blog.fnlp.fr\/index.php?rest_route=\/wp\/v2\/posts\/436\/revisions\/438"}],"wp:featuredmedia":[{"embeddable":true,"href":"https:\/\/blog.fnlp.fr\/index.php?rest_route=\/wp\/v2\/media\/437"}],"wp:attachment":[{"href":"https:\/\/blog.fnlp.fr\/index.php?rest_route=%2Fwp%2Fv2%2Fmedia&parent=436"}],"wp:term":[{"taxonomy":"category","embeddable":true,"href":"https:\/\/blog.fnlp.fr\/index.php?rest_route=%2Fwp%2Fv2%2Fcategories&post=436"},{"taxonomy":"post_tag","embeddable":true,"href":"https:\/\/blog.fnlp.fr\/index.php?rest_route=%2Fwp%2Fv2%2Ftags&post=436"}],"curies":[{"name":"wp","href":"https:\/\/api.w.org\/{rel}","templated":true}]}}