{"id":444,"date":"2005-01-14T11:16:23","date_gmt":"2005-01-14T10:16:23","guid":{"rendered":"https:\/\/blog.fnlp.fr\/?p=444"},"modified":"2020-01-14T11:21:37","modified_gmt":"2020-01-14T10:21:37","slug":"sur-la-prevention-cest-le-pape-qui-decide","status":"publish","type":"post","link":"https:\/\/blog.fnlp.fr\/?p=444","title":{"rendered":"Sur la pr\u00e9vention, c\u2019est le pape qui d\u00e9cide"},"content":{"rendered":"<div class=\"texte\">\n<p class=\"spip\"><i class=\"spip\">\u00ab\u00a0Pour le moment, nous devons penser \u00e0 l\u2019aide. Quand nous aurons r\u00e9solu ce probl\u00e8me, qui est une urgence pour 40 millions de personnes malades dans le monde, alors nous pourrons penser \u00e0 la pr\u00e9vention.\u00a0\u00bb<\/i> Le futur prix Nobel qui a formul\u00e9 cette \u00e2nerie s\u2019appelle Javier Lozano Barragan \u2013 cardinal de son \u00e9tat\u00a0-, il fait \u00e9galement pr\u00e9sident du Conseil pontifical pour la sant\u00e9. Le 14 d\u00e9cembre de l\u2019an pass\u00e9\u00a0[<a id=\"nh1\" class=\"spip_note\" title=\"[1] 2004\" href=\"http:\/\/geraldcusin.free.fr\/spip.php?article14#nb1\" name=\"nh1\">1<\/a>], le Vatican a demand\u00e9 \u00e0 tous les chr\u00e9tiens du monde de donner 5 \u20ac pour aider \u00e0 la lutte contre le Sida. Le Javier de la cr\u00eache a ajout\u00e9\u00a0: <i class=\"spip\">\u00ab\u00a0Sur la pr\u00e9vention, c\u2019est le pape qui d\u00e9cide\u00a0\u00bb.<\/i><\/p>\n<p class=\"spip\">Outre que sur ces 40 millions il y en a une bonne part qui sont directement de la responsabilit\u00e9 de l\u2019Eglise de Rome, c\u2019est un peu comme si on demandait \u00e0 l\u2019incendiaire d\u2019\u00e9teindre le feu, ou si on disait, \u00e0 propos de la circulation routi\u00e8re\u00a0: Commen\u00e7ons par enterrer les automobilistes qui chaquent jour meurent \u00e0 ce carrefour, et on verra ensuite \u00e0 mettre un panneau \u00ab\u00a0stop\u00a0\u00bb pour limiter les accidents.<\/p>\n<p class=\"spip\">Heureusement par ailleurs que les chr\u00e9tiens ne suivent pas la plupart des pr\u00e9ceptes imb\u00e9ciles accouch\u00e9s chaque jour par le (saint) Si\u00e8ge. C\u2019est dommage d\u2019ailleurs, moi je pense qu\u2019ils devraient y \u00eatre contraints, comme autrefois, sous peine d\u2019excommunication, voire de b\u00fbcher. La croyance ne devrait pas offrir que des avantages. Un peu plus de discipline et quelques exemples muscleraient ce tas de mous-mous. Bon. Je plaisante.<\/p>\n<p class=\"spip\">En plus, on sait que la majorit\u00e9 des chr\u00e9tiens &#8211; tendance Vatican \u2013 vivent en Am\u00e9rique du Sud. Dans des r\u00e9gions malheureusement assez largement ravag\u00e9es par cette maladie.En plus, 5 \u20ac l\u00e0-bas, \u00e7a doit repr\u00e9senter \u00e0 la louche une dizaine de jours de travail, soit 1\/3 d\u2019un salaire mensuel (quand on a un salaire). C\u2019est un peu comme si on demandait ici entre 200 et 300 \u20ac par personne touchant aux alentours du SMIC.<\/p>\n<p class=\"spip\">On se demande quelle conception de l\u2019aide ont les cardinaux bien portants\u00a0? Je ne dirais pas gros et gras pour ne pas tomber dans un anticl\u00e9ricalisme primaire qui n\u2019a pas lieu d\u2019\u00eatre dans ces colonnes et dont on ne manquerait pas de nous accuser s\u2019il prenait l\u2019envie brusque au clerg\u00e9 de s\u2019informer un peu en lisant <i class=\"spip\">la Raison<\/i>.<\/p>\n<p class=\"spip\"><i class=\"spip\">\u00ab\u00a0Sur la pr\u00e9vention, c\u2019est le pape qui d\u00e9cide.\u00a0\u00bb<\/i> Et de rajouter\u00a0: <i class=\"spip\">\u00ab\u00a0L\u2019utilisation du pr\u00e9servatif pour \u00e9viter la propagation du Sida n\u2019est pas acceptable, parce que l\u2019objectif est la lutte contre la fornication.\u00a0\u00bb<\/i><\/p>\n<p class=\"spip\">Fornication &#8230; fornication &#8230; voyons voir mon <i class=\"spip\">Petit Robert<\/i>\u00a0: \u00ab\u00a0<i class=\"spip\">du latin fornix, \u00ab\u00a0prostitu\u00e9e\u00a0\u00bb, les prostitu\u00e9es se tenant \u00e0 Rome dans des chambres vo\u00fbt\u00e9es (fornices \u00ab\u00a0vo\u00fbtes\u00a0\u00bb) pratiqu\u00e9es dans les murs des maisons<\/i> (ce n\u2019est qu\u2019\u00e0 Amsterdam qu\u2019on y a mis des vitrines.)\u00a0: <i class=\"spip\">la fornication, c\u2019est le p\u00e9ch\u00e9 de la chair, les relations charnelles entre deux personnes qui ne sont ni mari\u00e9es ni li\u00e9es par des voeux<\/i>.\u00a0\u00bb<\/p>\n<p class=\"spip\">A l\u2019origine, et avec Paul, l\u2019Eglise consid\u00e9rait d\u2019ailleurs le mariage comme un pis-aller, justement pour \u00e9viter la fornication. Il est bien connu que la prostitution et les relations hors mariage se d\u00e9veloppent \u00e0 cause du pr\u00e9servatif et que les enfants qui naissent porteurs de cette maladie doivent payer pour leurs parents. <i class=\"spip\">\u00ab\u00a0Nous le faisons pour d\u00e9fendre la vie\u00a0\u00bb<\/i>, conclut Barragan. Et c\u2019est pour \u00e7a qu\u2019on laisse augmenter le nombre de promis \u00e0 la mort. Mais tous ces gens qui cr\u00e8vent en Afrique et ailleurs, c\u2019est pain b\u00e9ni pour r\u00e9cup\u00e9rer des ouailles\u00a0: Diable, l\u2019angoisse de la mort qui arrive, attire le pr\u00eatre comme la charogne les mouches. C\u2019est toute la tradition chr\u00e9tienne qui est concentr\u00e9e l\u00e0\u00a0: le pech\u00e9 originel. Tout est dit. Et en plus \u00ab\u00a0passez la monnaie\u00a0!\u00a0\u00bb<\/p>\n<p class=\"spip\">Qu\u2019\u00e0 cela ne tienne, du moment que c\u2019est li\u00e9 \u00e0 la religion, on peut tout dire et son contraire\u00a0: les medias recueillent chacune de vos graves pens\u00e9es comme le sel de la terre. Imaginez un instant qu\u2019un ministre de la sant\u00e9 (ils sont aussi capables du pire, mais bref &#8230;) proclame\u00a0: \u00ab\u00a0pour le moment, nous devons penser \u00e0 l\u2019aide, puis quand on aura apport\u00e9 cette aide (\u00a0?) aux millions de personnes qui souffrent et dont le nombre ne cesse d\u2019augmenter, alors on verra \u00e0 se pr\u00e9occuper de la pr\u00e9vention &#8230;\u00a0\u00bb Je ne sais pas combien de temps il tiendrait. En tous les cas, il se ferait certainement bousculer. Mais l\u00e0 non\u00a0! Qui a dit \u00e7a\u00a0? Ah\u00a0! &#8230; un cardinal\u00a0! Ah bon\u00a0! Comme c\u2019est beau cette charit\u00e9\u00a0!<\/p>\n<p class=\"spip\">C\u2019est comme pour les homosexuels. Excusez moi ce rapprochement. N\u2019importe qui aurait d\u00e9clar\u00e9\u00a0: \u00ab\u00a0Les homosexuels ne peuvent pas int\u00e9grer telle ou telle profession, ou pratiquer telle ou telle activit\u00e9.\u00a0\u00bb, et c\u2019\u00e9tait imm\u00e9diatement la lev\u00e9e de boucliers, voire la poursuite judiciaire. Mais l\u00e0, non\u00a0!, Qui a dit \u00e7a\u00a0? Ah c\u2019est le Pape &#8230; pardon, Sa Saintet\u00e9\u00a0! &#8230;. Et oui, c\u2019est un probl\u00e8me douloureux, mais le pape agit avec une grande sagesse, n\u2019est-ce pas, il doit m\u00e9nager ses arri\u00e8res\u00a0!<\/p>\n<p class=\"spip\">Remarquez, moi \u00e7a m\u2019est assez \u00e9gal, apr\u00e8s tout. La crise des vocations, ce n\u2019est pas mon probl\u00e8me. Maintenant, si on interdit les femmes, les homosexuels (\u00e9videmment des deux sexes, mais pour les femmes, c\u2019est d\u00e9j\u00e0 la double peine), si on vire les p\u00e9dophiles, si on veut seulement accepter les hommes \u00ab\u00a0vrais de vrais\u00a0\u00bb, les dures, les tatou\u00e9s, ceux qui aiment les femmes mais qui refusent les relations sexuelles (quoique d\u2019apr\u00e8s ce qu\u2019on dit), on peut comprendre que \u00e7a ne se bouscule pas au portillon, et que ceux qui le franchissent ont d\u00e9j\u00e0 un coup dans le bonnet question rapports humains..<\/p>\n<p class=\"spip\">D\u00e9cidemment, les catholiques ne sont pas tr\u00e8s forts en ressources humaines. C\u2019est sans doute la seule raison qui a pouss\u00e9 le Conseil du Consistoire de l\u2019Eglise protestante de Gen\u00e8ve \u00e0 virer de ses responsabilit\u00e9s la responsable des ressources humaines de confession catholique qu\u2019il avait engag\u00e9. Les catholiques sont tellement mauvais dans leurs relations avec les autres, que m\u00eame les protestants n\u2019en veulent pas. L\u2019attribuer \u00e0 la seule cabale des pasteurs que cette personne devait g\u00e9rer serait pure mauvaise foi.<\/p>\n<p class=\"spip\">En marge des manifestations autour du centenaire de la loi de 1905, enfin, on apprend que Le 5 d\u00e9cembre 2005, la commission \u00ab\u00a0Justice et Paix\u00a0\u00bb de l\u2019Eglise catholique d\u2019Allemagne a d\u00e9nonc\u00e9 les restrictions de libert\u00e9 religieuse dans son propre pays et dans les Etats occidentaux, parce qu\u2019on veut r\u00e9duire le religieux au seul domaine priv\u00e9. La commission d\u00e9nonce notamment les restrictions de symboles religieux dans le domaine public. Entendez la campagne de retrait des crucifix dans les \u00e9difices publics. L\u2019Eglise retrouvant tout son pouvoir dans le domaine public\u00a0: l\u2019interdiction du pr\u00e9servatif, la qu\u00eate pour les mourants, la chasse aux homosexuels&#8230;\u00a0: \u00ab\u00a0Sur la pr\u00e9vention, comme sur le reste, c\u2019est le pape qui d\u00e9cide &#8230;\u00a0\u00bb<\/p>\n<\/div>\n<div class=\"notes\">\n<h2>Notes<\/h2>\n<p class=\"spip_note\">[<a class=\"spip_note\" title=\"info notes 1\" href=\"http:\/\/geraldcusin.free.fr\/spip.php?article14#nh1\" name=\"nb1\">1<\/a>] 2004<\/p>\n<\/div>\n","protected":false},"excerpt":{"rendered":"<div class=\"mh-excerpt\"><p>\u00ab\u00a0Pour le moment, nous devons penser \u00e0 l\u2019aide. Quand nous aurons r\u00e9solu ce probl\u00e8me, qui est une urgence pour 40 millions de personnes malades dans <a class=\"mh-excerpt-more\" href=\"https:\/\/blog.fnlp.fr\/?p=444\" title=\"Sur la pr\u00e9vention, c\u2019est le pape qui d\u00e9cide\">[&#8230;]<\/a><\/p>\n<\/div>","protected":false},"author":1,"featured_media":445,"comment_status":"closed","ping_status":"closed","sticky":false,"template":"","format":"standard","meta":{"footnotes":""},"categories":[6,4,48,21],"tags":[],"class_list":["post-444","post","type-post","status-publish","format-standard","has-post-thumbnail","hentry","category-anticlericalisme","category-antidogmatisme","category-en-direct-du-xxie-siecle","category-gerald-cusin"],"_links":{"self":[{"href":"https:\/\/blog.fnlp.fr\/index.php?rest_route=\/wp\/v2\/posts\/444","targetHints":{"allow":["GET"]}}],"collection":[{"href":"https:\/\/blog.fnlp.fr\/index.php?rest_route=\/wp\/v2\/posts"}],"about":[{"href":"https:\/\/blog.fnlp.fr\/index.php?rest_route=\/wp\/v2\/types\/post"}],"author":[{"embeddable":true,"href":"https:\/\/blog.fnlp.fr\/index.php?rest_route=\/wp\/v2\/users\/1"}],"replies":[{"embeddable":true,"href":"https:\/\/blog.fnlp.fr\/index.php?rest_route=%2Fwp%2Fv2%2Fcomments&post=444"}],"version-history":[{"count":1,"href":"https:\/\/blog.fnlp.fr\/index.php?rest_route=\/wp\/v2\/posts\/444\/revisions"}],"predecessor-version":[{"id":446,"href":"https:\/\/blog.fnlp.fr\/index.php?rest_route=\/wp\/v2\/posts\/444\/revisions\/446"}],"wp:featuredmedia":[{"embeddable":true,"href":"https:\/\/blog.fnlp.fr\/index.php?rest_route=\/wp\/v2\/media\/445"}],"wp:attachment":[{"href":"https:\/\/blog.fnlp.fr\/index.php?rest_route=%2Fwp%2Fv2%2Fmedia&parent=444"}],"wp:term":[{"taxonomy":"category","embeddable":true,"href":"https:\/\/blog.fnlp.fr\/index.php?rest_route=%2Fwp%2Fv2%2Fcategories&post=444"},{"taxonomy":"post_tag","embeddable":true,"href":"https:\/\/blog.fnlp.fr\/index.php?rest_route=%2Fwp%2Fv2%2Ftags&post=444"}],"curies":[{"name":"wp","href":"https:\/\/api.w.org\/{rel}","templated":true}]}}