{"id":450,"date":"2005-04-14T11:26:20","date_gmt":"2005-04-14T09:26:20","guid":{"rendered":"https:\/\/blog.fnlp.fr\/?p=450"},"modified":"2020-01-14T11:30:26","modified_gmt":"2020-01-14T10:30:26","slug":"un-nouveau-pape-est-appele-araignee","status":"publish","type":"post","link":"https:\/\/blog.fnlp.fr\/?p=450","title":{"rendered":"Un nouveau pape est appel\u00e9 araign\u00e9e"},"content":{"rendered":"<h3>Hagiographie<\/h3>\n<div class=\"texte\">\n<p class=\"spip\">C\u2019est l\u2019histoire d\u2019un ancien employ\u00e9 espagnol d\u2019une compagnie d\u2019assurance, Clemente Dominguez, n\u00e9 en 1946. Son nom ne vous dit probablement rien, mais cependant, je me dois de vous annoncer son d\u00e9c\u00e8s mardi 21 mars de cette ann\u00e9e\u00a0[<a id=\"nh1\" class=\"spip_note\" title=\"[1] 2005\" href=\"http:\/\/geraldcusin.free.fr\/spip.php?article16#nb1\" name=\"nh1\">1<\/a>]. Clemente Dominguez \u00e9tait pape, et il a r\u00e9gn\u00e9 sous le nom de Gr\u00e9goire XVII depuis 1978. apr\u00e8s avoir instaur\u00e9 un nouveau culte dans son petit village de El Palmar de Troya pr\u00e8s de S\u00e9ville.<\/p>\n<p class=\"spip\">C\u2019est en 1968 qu\u2019il re\u00e7ut les plaies du Christ,\u00a0 et ce stigmatis\u00e9 devint rapidement l\u2019objet d\u2019un culte qui attira des foules si nombreuses, que l\u2019\u00e9v\u00eaque de S\u00e9ville affirma que le village \u00e9tait devenu \u00ab<em>\u00a0la proie d\u2019une hyst\u00e9rie collective de type superstitieux.\u00a0<\/em>\u00bb Ce type d\u2019hyst\u00e9rie est \u00e0 distinguer sans aucune ambigu\u00eft\u00e9 des rassemblements rationnels du type Lourdes ou Fatima\u00a0: dans ces derniers, pas l\u2019ombre d\u2019une superstition, cela va sans dire.<\/p>\n<p class=\"spip\">A la suite d\u2019un accident de voiture, il perdit la vue. Un an apr\u00e8s, il fut ordonn\u00e9 \u00e9v\u00eaque par un archev\u00eaque ren\u00e9gat Mgr Ngo Dinh Thuc , pass\u00e9 du c\u00f4t\u00e9 obscur de la force. L\u2019ange blanc du Vatican ne l\u2019entendit pas de cette oreille, et il excommunia aussit\u00f4t ce faux \u00e9v\u00eaque, qui \u2013 ayant \u00e9t\u00e9 ordonn\u00e9 par un \u00e9v\u00eaque, m\u00eame ren\u00e9gat \u2013 restait, m\u00eame excommuni\u00e9, bel et bien \u00e9v\u00eaque catholique. C\u2019est pas simple les ordres surtout quand il y a le d\u00e9sordre. Dans la m\u00eame charrette, le Vatican excommunia l\u2019ensemble des fid\u00e8les qui suivaient le mauvais berger.<\/p>\n<p class=\"spip\">Mais, en 1978, Clemente Dominguez fit une rencontre qui joua un r\u00f4le d\u00e9cisif dans sa carri\u00e8re\u00a0: la Vierge lui apparut. Elle lui donna un ordre auquel il ne pouvait se soustraire\u00a0: \u00ab\u00a0Il faut d\u00e9noncer Vatican II\u00a0: proclame-toi pape \u00e0 la place du pape\u00a0!\u00a0\u00bb C\u2019est ce qu\u2019il fit.\u00a0 On ne refuse pas ce genre de mission quand elle vient du Seigneur ou de son \u00e9pouse. Devenu donc Gr\u00e9goire XVII (Napol\u00e9on XIV \u00e9tait d\u00e9j\u00e0 pris, et ce n\u2019est pas un pr\u00e9nom tr\u00e8s papal.), il r\u00e9alisa trois choses importantes et qui ont marqu\u00e9 l\u2019histoire\u00a0: D\u2019abord, il a canonis\u00e9 le dictateur Franco pour avoir d\u00e9fendu le catholicisme pendant la guerre civile. \u00c7a, m\u00eame \u00e0 Rome on n\u2019avait jamais os\u00e9. Il faut dire que c\u2019est autre chose qu\u2019un Stepinak croato-fascite de seconde zone, non\u00a0? Ensuite, sur sa lanc\u00e9e, il a excommuni\u00e9 Jean-Paul II. C\u2019est la raison pour laquelle le souverain du Vatican n\u2019aimait pas trop son coll\u00e8gue. On le comprend. Ce n\u2019est d\u2019ailleurs pas nouveau\u00a0: \u00e0 la grande \u00e9poque o\u00f9 il existait un pape \u00e0 Rome et un en Avignon, ils passaient leur temps \u00e0 s\u2019excommunier l\u2019un-l\u2019autre. Pour faire bonne mesure, d\u2019ailleurs, il a \u00e9galement excommuni\u00e9 toute la famille royale. Ce qui fait que le monarchie espagnole n\u2019est plus catholique. Les r\u00e9publicains devraient en profiter.<\/p>\n<p class=\"spip\">Sa v\u00e9ritable grande oeuvre, celle qui va perp\u00e9trer son souvenir, c\u2019est la fondation de son ordre religieux\u00a0: \u00ab\u00a0les carm\u00e9lites de la Sainte-Face\u00a0\u00bb Sans rigoler, cet ordre monastique compte des centaines de nonnes et de moines dont les biens s\u2019\u00e9l\u00e8vent selon les journaux espagnols \u00e0 90 millions d\u2019euros. Eh oui\u00a0! C\u2019est le triste exemple d\u2019une secte qui n\u2019a pas compl\u00e8tement r\u00e9ussie.<\/p>\n<h3 class=\"spip\">Un autre pape est appel\u00e9 \u00e0 r\u00e9gner (dans le plafond)<\/h3>\n<p class=\"spip\">Il ne faut pas confondre ce Gr\u00e9goire XVII l\u00e0, avec un autre Gr\u00e9goire XVII. Jean Gaston Tremblay, originaire du Canada, alias Jean Gr\u00e9goire de la Trinit\u00e9, \u00e9galement proclam\u00e9 pape par lui-m\u00eame et quelques uns de ses amis, poursuivit \u00e0 la fin des ann\u00e9e 90 par la s\u00fbret\u00e9 du Qu\u00e9bec pour une vingtaine d\u2019accusations\u00a0: attentats \u00e0 la pudeur, agressions sexuelles, grossi\u00e8re ind\u00e9cence et voie de fait contre cinq adolescents pensionnaires de son monast\u00e8re. Il fait partie de Ap\u00f4tres de l\u2019Amour infini fond\u00e9 dans les ann\u00e9es 50 par Michel Collin, un pr\u00eatre fran\u00e7ais d\u2019origine lilloise qui s\u2019\u00e9tait proclam\u00e9 \u00e9galement pape, sous le nom de Cl\u00e9ment XV suite \u00e0 des apparitions de la vierge (encore elle\u00a0! Dieu ne peut donc pas l\u2019obliger \u00e0 rester \u00e0 la maison au lieu d\u2019aller foutre le bordel partout\u00a0?) et qui lui aurait donn\u00e9s des \u00ab\u00a0messages non connus et gard\u00e9s secrets\u00a0\u00bb (c\u2019est dire si je ne vous en dirai pas plus\u00a0!)<\/p>\n<h3 class=\"spip\">Araign\u00e9e du soir, bonsoir<\/h3>\n<p class=\"spip\">Il para\u00eet qu\u2019il existe encore un troisi\u00e8me Gr\u00e9goire XVII. Pourquoi cet acharnement\u00a0? Il para\u00eet que c\u2019est le pape de la fin du monde, selon des proph\u00e9ties attribu\u00e9es \u00e0 Malachie\u00a0: la France donnera au monde un Grand Roi et un Grand Pape qui d\u00e9passeront les Monarques et les pontifes des plus beaux si\u00e8cles.. Ce pape descendant de Louis XVII r\u00e9formera l\u2019Eglise, rassemblera le troupeau dispers\u00e9 et s\u2019appellera, Gr\u00e9goire XVII. On comprend mieux maintenant pourquoi tout le monde veut s\u2019appeler comme \u00e7a.<\/p>\n<p class=\"spip\">\u00c9videmment, notre Gr\u00e9goire espagnol avait un handicap au d\u00e9part\u00a0: il \u00e9tait Espagnol et pas Fran\u00e7ais. Qu\u2019\u00e0 cela ne tienne\u00a0! Il a construit sa propre eschatologie\u00a0: il allait mourir crucifi\u00e9 \u00e0 J\u00e9rusalem, puis il ressusciterait sous le nom de Pierre II. Il a rat\u00e9 sa sortie, semble-t-il. Dommage, on avait failli y croire.<\/p>\n<p class=\"spip\">Si vous d\u00e9sirez vous-m\u00eames vous faire reconna\u00eetre comme pape sous le nom de Gr\u00e9goire XVII, \u00e9crivez au journal qui transmettra, afin que vous soyez inscrit dans la liste. Pas s\u00e9rieux, s\u2019abstenir, \u00e9videmment.<\/p>\n<\/div>\n<div class=\"notes\">\n<h2>Notes<\/h2>\n<p class=\"spip_note\">[<a class=\"spip_note\" title=\"info notes 1\" href=\"http:\/\/geraldcusin.free.fr\/spip.php?article16#nh1\" name=\"nb1\">1<\/a>] 2005<\/p>\n<\/div>\n","protected":false},"excerpt":{"rendered":"<div class=\"mh-excerpt\"><p>Hagiographie C\u2019est l\u2019histoire d\u2019un ancien employ\u00e9 espagnol d\u2019une compagnie d\u2019assurance, Clemente Dominguez, n\u00e9 en 1946. Son nom ne vous dit probablement rien, mais cependant, je <a class=\"mh-excerpt-more\" href=\"https:\/\/blog.fnlp.fr\/?p=450\" title=\"Un nouveau pape est appel\u00e9 araign\u00e9e\">[&#8230;]<\/a><\/p>\n<\/div>","protected":false},"author":1,"featured_media":451,"comment_status":"closed","ping_status":"closed","sticky":false,"template":"","format":"standard","meta":{"footnotes":""},"categories":[48,21,9,24],"tags":[],"class_list":["post-450","post","type-post","status-publish","format-standard","has-post-thumbnail","hentry","category-en-direct-du-xxie-siecle","category-gerald-cusin","category-humour","category-obscurantisme"],"_links":{"self":[{"href":"https:\/\/blog.fnlp.fr\/index.php?rest_route=\/wp\/v2\/posts\/450","targetHints":{"allow":["GET"]}}],"collection":[{"href":"https:\/\/blog.fnlp.fr\/index.php?rest_route=\/wp\/v2\/posts"}],"about":[{"href":"https:\/\/blog.fnlp.fr\/index.php?rest_route=\/wp\/v2\/types\/post"}],"author":[{"embeddable":true,"href":"https:\/\/blog.fnlp.fr\/index.php?rest_route=\/wp\/v2\/users\/1"}],"replies":[{"embeddable":true,"href":"https:\/\/blog.fnlp.fr\/index.php?rest_route=%2Fwp%2Fv2%2Fcomments&post=450"}],"version-history":[{"count":1,"href":"https:\/\/blog.fnlp.fr\/index.php?rest_route=\/wp\/v2\/posts\/450\/revisions"}],"predecessor-version":[{"id":452,"href":"https:\/\/blog.fnlp.fr\/index.php?rest_route=\/wp\/v2\/posts\/450\/revisions\/452"}],"wp:featuredmedia":[{"embeddable":true,"href":"https:\/\/blog.fnlp.fr\/index.php?rest_route=\/wp\/v2\/media\/451"}],"wp:attachment":[{"href":"https:\/\/blog.fnlp.fr\/index.php?rest_route=%2Fwp%2Fv2%2Fmedia&parent=450"}],"wp:term":[{"taxonomy":"category","embeddable":true,"href":"https:\/\/blog.fnlp.fr\/index.php?rest_route=%2Fwp%2Fv2%2Fcategories&post=450"},{"taxonomy":"post_tag","embeddable":true,"href":"https:\/\/blog.fnlp.fr\/index.php?rest_route=%2Fwp%2Fv2%2Ftags&post=450"}],"curies":[{"name":"wp","href":"https:\/\/api.w.org\/{rel}","templated":true}]}}