{"id":496,"date":"2008-11-15T15:13:58","date_gmt":"2008-11-15T14:13:58","guid":{"rendered":"https:\/\/blog.fnlp.fr\/?p=496"},"modified":"2020-01-15T15:45:41","modified_gmt":"2020-01-15T14:45:41","slug":"appel-a-temoin","status":"publish","type":"post","link":"https:\/\/blog.fnlp.fr\/?p=496","title":{"rendered":"Appel \u00e0 t\u00e9moin"},"content":{"rendered":"<div class=\"texte\">\n<p class=\"spip\">\u00c7a commence par un avis de recherche : si vous avez v\u00e9cu des exp\u00e9riences extraordinaires, inexplicables, sachez que quelqu\u2019un va maintenant prendre en charge votre t\u00e9moignage : l\u2019INREES, <i class=\"spip\">\u00ab\u00a0l\u2019institut de recherche sur les exp\u00e9riences extraordinaires\u00a0\u00bb<\/i>. Le but de cet institut vise, nous dit l\u2019AFP, <i class=\"spip\">\u00ab\u00a0\u00e0 rendre l\u00e9gitime et normale l\u2019\u00e9tude de (\u2026) ph\u00e9nom\u00e8nes [telles que] des \u00e9pisodes v\u00e9cus au seuil de la mort ou des rencontres avec des esprits\u00a0\u00bb<\/i>. Attention, tout cela s\u2019appuiera sur une d\u00e9marche <i class=\"spip\">\u00ab\u00a0scientifique\u00a0\u00bb<\/i> et <i class=\"spip\">\u00ab\u00a0s\u00e9rieuse\u00a0\u00bb<\/i>. Il s\u2019agira de \u00ab\u00a0<em>dissocier, dans un comportement ou un r\u00e9cit d\u2019exp\u00e9rience extraordinaire, ce qui est pathologique de ce qui ne l\u2019est pas\u00a0<\/em>\u00bb. Un autre but de cet institut sera de mettre \u00e0 disposition des cliniciens et professionnels de la sant\u00e9 mentale, un <i class=\"spip\">\u00ab\u00a0Manuel de description clinique des Exp\u00e9riences Extraordinaires, regroupant par cat\u00e9gorie la totalit\u00e9 des exp\u00e9riences extraordinaires r\u00e9pertori\u00e9es \u00e0 ce jour.\u00a0\u00bb<\/i><\/p>\n<p class=\"spip\">Bon, je veux bien. Mais \u00e7a ne convaincra personne, \u00e0 mon avis. Et comme la science en l\u2019\u00e9tat ne saurait avoir r\u00e9ponse \u00e0 tout, ni d\u00e9tenir la v\u00e9rit\u00e9 absolue, je ne vois pas tr\u00e8s bien o\u00f9 tout cela va nous mener. Tout ce qui ne pourra \u00eatre expliqu\u00e9 scientifiquement, retournera dans le domaine de la croyance et du religieux, et le renforcera\u2026 en partant du principe, \u00e9videmment, que les membres de l\u2019institut sont des gens de bonne foi et ind\u00e9pendants, ce qui n\u2019est pas toujours le cas dans certaines commissions charg\u00e9es d\u2019instruire sur les miracles et le paranormal.<\/p>\n<p class=\"spip\">Par contre, ils vont avoir du pain sur la planche et l\u2019institut ne va pas d\u00e9semplir. Par exemple, moi-m\u00eame, j\u2019ai v\u00e9cu plusieurs exp\u00e9riences extraordinaires\u00a0: Je ne parle pas de la tartine de confiture qui tombe du bon c\u00f4t\u00e9, non, \u00e7a c\u2019est banal, et sert juste \u00e0 prouver l\u2019existence infaillible de dieu. Non, non, je vous parle d\u2019une v\u00e9ritable exp\u00e9rience extraordinaire, partag\u00e9e d\u2019ailleurs par des millions de gens\u00a0: C\u2019\u00e9tait il y a longtemps, en mai 2005\u00a0: j\u2019ai entendu une voix qui m\u2019appelait \u00e0 me prononcer par referendum en faveur du trait\u00e9 europ\u00e9en. Comme la majorit\u00e9 de mes concitoyens, j\u2019avais cru malin de faire le contraire de ce que me disait la voix, et bien mon vote a \u00e9t\u00e9 consid\u00e9r\u00e9 comme nul\u00a0!&#8230; Je savais que vous n\u2019alliez pas me croire\u2026 Mais, attendez\u00a0!, plus fort encore\u00a0!, pour ne plus m\u2019importuner la voix a d\u00e9cid\u00e9 d\u00e9sormais de ne plus m\u2019interroger sur le sujet, et de se d\u00e9brouiller toute seule. Et bien, maintenant, il y a plein de gens qui r\u00e9clament qu\u2019on vote une deuxi\u00e8me fois\u2026 preuve qu\u2019eux, ils sont d\u2019accord pour dire que la premi\u00e8re fois c\u2019\u00e9tait pour de faux\u2026 parce que sinon, on serait oblig\u00e9 de croire qu\u2019ils veulent \u00eatre en d\u00e9mocratie et par contre coup cela signifierait que nos grands dirigeants n\u2019y sont pas trop favorables &#8230;. impensable\u00a0!<\/p>\n<p class=\"spip\">Si vous n\u2019appelez pas cela une exp\u00e9rience extraordinaire, voire limite, je ne sais pas ce qu\u2019il vous faut. L\u2019INREES va-t-il classer cela dans le pathologique\u00a0?&#8230; L\u2019avenir le dira.<\/p>\n<h3 class=\"spip\">Stockez vos hosties, elles vont valoir de l\u2019or\u00a0!<\/h3>\n<p class=\"spip\">Les cons\u00e9quences de la mondialisation \u2013 qu\u2019on le veuille ou non \u2013 se font sentir dans notre quotidien de tous les jours. Ainsi, on apprend de source sinon s\u00fbre, du moins eccl\u00e9siale, que l\u2019augmentation du prix du bl\u00e9 et de la farine va se r\u00e9percuter sur celui de l\u2019hostie.\u00a0: <i class=\"spip\">\u00ab\u00a0La farine n\u2019est pas donn\u00e9e, et l\u2019\u00e9lectricit\u00e9 ne tombe pas du ciel\u00a0! Alors, il va bien falloir que l\u2019on rel\u00e8ve nos prix\u00a0\u00bb<\/i>, se plaint, sans rire, la s\u0153ur Th\u00e9r\u00e8se du carmel de Lu\u00e7on, lequel fournit des hosties \u00e0 la chr\u00e9tient\u00e9 vend\u00e9enne depuis 1847, \u00ab\u00a0<i class=\"spip\">on ne peut pas faire gratis<\/i> (pro deo, \u00e9videmment). <i class=\"spip\">Il faut bien qu\u2019on gagne notre vie.<\/i>\u00a0\u00bb<\/p>\n<p class=\"spip\">Certains chiffres donnent le vertige \u2013 si ce n\u2019est l\u2019indigestion\u00a0: Ainsi, \u00e0 Lourdes, il est consomm\u00e9 annuellement 2.700.000 hosties, dans les ann\u00e9es ordinaires. Mais, lors de la derni\u00e8re visite papale, 2 millions d\u2019hosties avaient \u00e9t\u00e9 consomm\u00e9es rien que pendant la semaine de son passage (c\u2019est vous dire si on attend le Beno\u00eet en mai prochain\u00a0!).<\/p>\n<p class=\"spip\">Le prix restait stable gr\u00e2ce \u00e0 des n\u00e9gociations serr\u00e9es fond\u00e9es sur des achats de farine en grosse quantit\u00e9\u00a0: chez les carm\u00e9lites on s\u2019y entend aussi bien que chez Leclerc. Dans le dioc\u00e8se de Rouen, ces n\u00e9gociations sont men\u00e9es par \u00ab<em>\u00a0l\u2019\u0153uvre du bl\u00e9 eucharistique<\/em>\u00a0\u00bb\u2026 \u00e0 quel prix\u00a0?, en tous les cas hors du prix du march\u00e9, puisque c\u2019est sur la base d\u2019une entente entre le dioc\u00e8se et certains agriculteurs. Toujours est-il que le surplus d\u2019argent et de farine collect\u00e9 dans les paroisses est port\u00e9 en faveur de la formation des s\u00e9minaristes de deux dioc\u00e8ses\u00a0: c\u2019est vous dire si ces gens savent gagner leur pain.<\/p>\n<p class=\"spip\">Malgr\u00e9 tout, voil\u00e0 un march\u00e9 qui ne r\u00e9pond pas \u00e0 la loi de l\u2019offre et de la demande, vu le nombre de paroissiens qui fr\u00e9quentent les \u00e9glises aujourd\u2019hui. On nous annonce que le th\u00e9ophage de base n\u2019aura pas \u00e0 supporter cette augmentation. On devrait s\u2019en r\u00e9jouir pour eux \u2026 quoique \u2026 Il serait peut \u00eatre utile de leur rappeler, comme pour le reste, que si le corps du Christ n\u2019a pas de prix, il a quand m\u00eame un co\u00fbt.<\/p>\n<p class=\"spip\">Tout augmente. Et loin de nous l\u2019id\u00e9e d\u2019emp\u00eacher les s\u0153urs carm\u00e9lites de gagner leur vie en faisant quelque chose d\u2019utile dans la soci\u00e9t\u00e9. \u00c9videmment, je me dis qu\u2019on pourrait proposer que le corps du Christ soit enferm\u00e9 dans du chewing-gum par exemple, le cours du caoutchouc \u00e9tant plus \u00e9lastique. Autre avantage : une fois m\u00e2ch\u00e9, on pourrait coller le chouime sous le prie-Dieu et le paroissien suivant n\u2019aurait plus qu\u2019\u00e0 le reprendre, comme on faisait \u00e0 l\u2019\u00e9cole : le bon dieu serait toujours l\u00e0, bien englu\u00e9. En ce temps o\u00f9 il faut \u00e9conomiser l\u2019\u00e9nergie et les mati\u00e8res premi\u00e8res, certains pourraient peut-\u00eatre pr\u00eater une oreille attentive \u00e0 nos propositions constructives, ils n\u2019en vivraient que mieux.<\/p>\n<hr \/>\n<p>Suite \u00e0 cette chronique, j&rsquo;ai re\u00e7u le message suivant :<\/p>\n<p style=\"padding-left: 40px;\">EVIDEMENT [sic] SI ON COMMENCE A PARLER DE CE GENRE CHOSE COMME CELA&#8230;.BREF LAMENTABLE<\/p>\n<p style=\"text-align: right;\">&#8230; Je ne vous le fais pas dire&#8230;<\/p>\n<\/div>\n","protected":false},"excerpt":{"rendered":"<div class=\"mh-excerpt\"><p>\u00c7a commence par un avis de recherche : si vous avez v\u00e9cu des exp\u00e9riences extraordinaires, inexplicables, sachez que quelqu\u2019un va maintenant prendre en charge votre <a class=\"mh-excerpt-more\" href=\"https:\/\/blog.fnlp.fr\/?p=496\" title=\"Appel \u00e0 t\u00e9moin\">[&#8230;]<\/a><\/p>\n<\/div>","protected":false},"author":1,"featured_media":497,"comment_status":"closed","ping_status":"closed","sticky":false,"template":"","format":"standard","meta":{"footnotes":""},"categories":[48,21,9,24],"tags":[],"class_list":["post-496","post","type-post","status-publish","format-standard","has-post-thumbnail","hentry","category-en-direct-du-xxie-siecle","category-gerald-cusin","category-humour","category-obscurantisme"],"_links":{"self":[{"href":"https:\/\/blog.fnlp.fr\/index.php?rest_route=\/wp\/v2\/posts\/496","targetHints":{"allow":["GET"]}}],"collection":[{"href":"https:\/\/blog.fnlp.fr\/index.php?rest_route=\/wp\/v2\/posts"}],"about":[{"href":"https:\/\/blog.fnlp.fr\/index.php?rest_route=\/wp\/v2\/types\/post"}],"author":[{"embeddable":true,"href":"https:\/\/blog.fnlp.fr\/index.php?rest_route=\/wp\/v2\/users\/1"}],"replies":[{"embeddable":true,"href":"https:\/\/blog.fnlp.fr\/index.php?rest_route=%2Fwp%2Fv2%2Fcomments&post=496"}],"version-history":[{"count":1,"href":"https:\/\/blog.fnlp.fr\/index.php?rest_route=\/wp\/v2\/posts\/496\/revisions"}],"predecessor-version":[{"id":498,"href":"https:\/\/blog.fnlp.fr\/index.php?rest_route=\/wp\/v2\/posts\/496\/revisions\/498"}],"wp:featuredmedia":[{"embeddable":true,"href":"https:\/\/blog.fnlp.fr\/index.php?rest_route=\/wp\/v2\/media\/497"}],"wp:attachment":[{"href":"https:\/\/blog.fnlp.fr\/index.php?rest_route=%2Fwp%2Fv2%2Fmedia&parent=496"}],"wp:term":[{"taxonomy":"category","embeddable":true,"href":"https:\/\/blog.fnlp.fr\/index.php?rest_route=%2Fwp%2Fv2%2Fcategories&post=496"},{"taxonomy":"post_tag","embeddable":true,"href":"https:\/\/blog.fnlp.fr\/index.php?rest_route=%2Fwp%2Fv2%2Ftags&post=496"}],"curies":[{"name":"wp","href":"https:\/\/api.w.org\/{rel}","templated":true}]}}