{"id":518,"date":"2009-03-15T16:39:39","date_gmt":"2009-03-15T15:39:39","guid":{"rendered":"https:\/\/blog.fnlp.fr\/?p=518"},"modified":"2020-02-03T23:54:26","modified_gmt":"2020-02-03T22:54:26","slug":"sauvez-sauvez-la-france-au-nom-du-sacre-coeur","status":"publish","type":"post","link":"https:\/\/blog.fnlp.fr\/?p=518","title":{"rendered":"Sauvez, sauvez la France, au nom du Sacr\u00e9-C\u0153ur !"},"content":{"rendered":"<h4><img loading=\"lazy\" decoding=\"async\" class=\"size-medium wp-image-73 alignleft\" src=\"https:\/\/blog.fnlp.fr\/wp-content\/uploads\/2020\/01\/images-150x150.jpg\" alt=\"\" width=\"150\" height=\"150\" \/>par G\u00e9rald Cusin<\/h4>\n<blockquote>\n<div class=\"chapo\">En p\u00e9riode de crise, on ne sait pas toujours \u00e0 quel saint se vouer, mais on cherche quelques solutions miracles qui pourraient nous sortir du p\u00e9trin. L\u2019hebdomadaire<i class=\"spip\"> le Point<\/i> du 21 mai dernier nous apprend que les traders, ceux qui dans les banques sont charg\u00e9s de g\u00e9rer les risques d\u2019investissement et de sp\u00e9culer, n\u2019h\u00e9sitent pas \u00e0 pr\u00e9parer leur march\u00e9 autour d\u2019une boule de cristal\u00a0: <i class=\"spip\">\u00ab\u00a0Depuis la chute de Lehman Brothers, en septembre 2008, le nombre de consultations \u00e0 augment\u00e9 de 30 \u00e0 40 %, la majorit\u00e9 de nos nouveaux clients \u00e9tait constitu\u00e9e de financiers de la City\u00a0\u00bb<\/i> expliquait Jayne Wallace, fondatrice de la boutique \u00ab\u00a0Psychic Sisters\u00a0\u00bb, les \u00ab\u00a0Soeurs Voyantes\u00a0\u00bb, situ\u00e9e \u00e0 l\u2019int\u00e9rieur du c\u00e9l\u00e8bre magasin de luxe Selfridges. La boutique est compos\u00e9e de neuf voyantes, sexy en diable, et par ailleurs pour la plupart chroniqueuses \u00e0 la t\u00e9l\u00e9 ou dans les journaux. Elles comptent parmi leurs clients nombre d\u2019hommes politiques.<\/div>\n<\/blockquote>\n<p class=\"spip\">Ce n\u2019est pas nouveau. On sait que, depuis la plus haute Antiquit\u00e9, et m\u00eame certainement au-del\u00e0, ceux qui pensent avoir de particuli\u00e8res comp\u00e9tences pour diriger nos existences, pr\u00e9f\u00e8rent \u2013 on les comprend \u2013 regarder dans les entrailles des poulets, observer le passage des oiseaux, se faire tirer les cartes, interroger le marc de caf\u00e9, plut\u00f4t que de faire confiance \u00e0 la kyrielle d\u2019experts patent\u00e9s qui sont toujours \u00e0 leur disposition. Il n\u2019y a que Giscard d\u2019Estaing qui pensait r\u00e9soudre les probl\u00e8mes \u00e9conomiques en mettant \u00e0 la t\u00eate du gouvernement le \u00ab premier \u00e9conomiste de France \u00bb. Les autres pr\u00e9f\u00e8rent aller discr\u00e8tement faire un tour sur les boulevards, en portant des lunettes noires et un pardessus couleur de murailles, pour aller interroger Madame Irma. Si cela ne r\u00e9ussit pas mieux, cela ne r\u00e9ussit pas plus mal.<\/p>\n<div class=\"texte\">\n<p class=\"spip\">Quand ils ne les font pas carr\u00e9ment venir \u00e0 l\u2019Elys\u00e9e, comme feu-Mitterrand, qui ne manquait pas de consulter r\u00e9guli\u00e8rement l\u2019universitaire Elisabeth Tessier. Ne lui tirait-elle que les cartes\u00a0? C\u2019est une autre histoire. On sait qu\u2019en mati\u00e8re de magie et de prestidigitation, Tonton jouait plut\u00f4t le r\u00f4le du (chaud) lapin sortant du chapeau.<\/p>\n<p class=\"spip\">C\u2019est vous dire si nous avons bien raison de confier r\u00e9guli\u00e8rement nos destin\u00e9es \u00e0 ces hommes. Ils savent s\u2019entourer des conseils les plus s\u00fbrs et les plus fiables pour nous apporter le meilleur possible. On ne saurait leur reprocher.<\/p>\n<p class=\"spip\">Il n\u2019y a pas d\u2019ailleurs, en la mati\u00e8re, que les hommes politiques et les investisseurs financiers qui s\u2019en remettent \u00e0 la transcendance.<\/p>\n<h3 class=\"spip\">La petite Jehanne de France<\/h3>\n<p class=\"spip\">Ainsi, le pr\u00e9fet de l\u2019Ari\u00e8ge, Monsieur Valette. Dans une lettre circulaire aux maires de son d\u00e9partement concernant les c\u00e9r\u00e9monies comm\u00e9moratives de l\u2019armistice du 8 mai 1945, il recommande que <i class=\"spip\">\u00ab\u00a0toutes les dispositions [soient] prises afin que les b\u00e2timents et \u00e9difices publics soient pavois\u00e9s aux seules couleurs nationales ce jour l\u00e0, ainsi que le samedi 9 mai 2009, journ\u00e9e de l\u2019Europe et le dimanche 10 mai 2009, f\u00eate de Jeanne d\u2019Arc\u00a0\u00bb<\/i> Le repr\u00e9sentant du gouvernement int\u00e8gre donc \u00ab\u00a0la f\u00eate de Jeanne d\u2019Arc\u00a0\u00bb dans les jours f\u00e9ri\u00e9s officiels de la R\u00e9publique.<\/p>\n<p class=\"spip\">On ne saurait \u00e9galement l\u2019en bl\u00e2mer. Ne sommes-nous pas au bord du pr\u00e9cipice\u00a0? Et en cette occasion p\u00e9rilleuse, n\u2019est-il pas n\u00e9cessaire de nous retourner, une nouvelle fois, vers cette figure embl\u00e9matique du renouveau fran\u00e7ais\u00a0?<\/p>\n<p class=\"spip\">Il faut dire qu\u2019on s\u2019arrache la pucelle depuis pr\u00e8s d\u2019un si\u00e8cle entre r\u00e9publicains et catholiques. C\u2019est Michelet qui fit d\u2019elle une <i class=\"spip\">\u00ab\u00a0sainte la\u00efque\u00a0\u00bb<\/i>\u00a0: \u00ab<em>\u00a0Souvenons-nous, Fran\u00e7ais, que la patrie chez nous, est n\u00e9e du c\u0153ur d\u2019une femme, de sa tendresse et de ses larmes, du sang qu\u2019elle a donn\u00e9 pour nous<\/em>\u00a0\u00bb\u00a0[1]. Il faut dire que toute l\u2019\u00e9poque cherche les moyens de se laver de la d\u00e9faite de Sedan, et de raviver le sentiment national. \u00c9videmment, l\u2019Eglise qui n\u2019avait pas encore bien int\u00e9gr\u00e9e le concept de R\u00e9publique pour arriver \u00e0 ses fins, ne l\u2019entendait pas de cette oreille. Bien s\u00fbr, il lui fallait ramer contre le courant pour faire oublier qu\u2019elle avait pass\u00e9 les allumettes pour allumer le b\u00fbcher. Le P\u00e8re de Langogne, futur \u00e9v\u00eaque de Corinthe, donne le ton\u00a0: <i class=\"spip\">\u00ab\u00a0Quel illogisme, ou plut\u00f4t quelle tartuferie dans toutes ces col\u00e8res juives ou enjuiv\u00e9es contre le triste \u00e9v\u00eaque de Beauvais\u00a0! Pierre Cauchon, ce honni de l\u2019Eglise, mais c\u2019est un homme \u00e0 eux.\u00a0\u00bb<\/i> L\u2019affaire Dreyfus n\u2019est pas loin, et l\u2019\u00e9v\u00eaque \u00e9tant juif ou enjuiv\u00e9 \u2013 c\u2019est pareil \u2013 tout s\u2019expliquait\u00a0: l\u2019\u00c9glise n\u2019\u00e9tait donc pas responsable. Drumont pouvait \u00e9crire en 1904\u00a0: <i class=\"spip\">\u00ab\u00a0C\u2019est une celte, Jeanne d\u2019Arc, qui sauva la patrie. Vous connaissez mes id\u00e9es [&#8230;] et vous savez de quel nom nous appelons l\u2019ennemi qui a remplac\u00e9 chez nous l\u2019Anglais envahisseur du XVe si\u00e8cle .. Cet ennemi s\u2019appelle pour nous le Juif et le franc-ma\u00e7on.\u00a0\u00bb<\/i> La sainte est constitu\u00e9e le 16 mai 1920.<\/p>\n<p class=\"spip\">R\u00e9action \u00ab\u00a0r\u00e9publicaine\u00a0\u00bb\u00a0: au moment o\u00f9 Jeanne d\u2019Arc est canonis\u00e9e, le gouvernement Millerand \u2013 pour \u00e9viter que l\u2019Eglise ne s\u2019approprie ce symbole national \u2013 fait voter la f\u00eate de Jeanne d\u2019Arc (deuxi\u00e8me dimanche de mai, date de la d\u00e9livrance d\u2019Orl\u00e9ans).<\/p>\n<p class=\"spip\">Le pr\u00e9fet de l\u2019Ard\u00e8che manifesterait-il donc par son courrier son anticl\u00e9ricalisme primaire\u00a0?<\/p>\n<p class=\"spip\">Pour \u00e9viter de rallumer le feu, adressons-nous plut\u00f4t, afin de nous sauver des pr\u00e9sents p\u00e9rils, \u00e0 la m\u00e8re de Dieu, sainte patronne de l\u2019Union Europ\u00e9enne, dont le drapeau orne tous nos \u00e9difices publics et reprenons tous en c\u0153ur, ce cantique\u00a0:<\/p>\n<p class=\"spip\">Venez chr\u00e9tiens, de l\u2019auguste Marie\u00a0;<br \/>\nA deux genoux implorer les faveurs (&#8230;)<br \/>\nOui, vous viendrez, vous sauverez la France,<br \/>\nEt de J\u00e9sus, nous aurons le pardon<\/p>\n<p class=\"spip\">Amen<\/p>\n<\/div>\n<div class=\"notes\">\n<h2>Notes<\/h2>\n<p class=\"spip_note\">[1] <i class=\"spip\">Histoire de France<\/i> Livre V<\/p>\n<\/div>\n","protected":false},"excerpt":{"rendered":"<div class=\"mh-excerpt\"><p>par G\u00e9rald Cusin En p\u00e9riode de crise, on ne sait pas toujours \u00e0 quel saint se vouer, mais on cherche quelques solutions miracles qui pourraient <a class=\"mh-excerpt-more\" href=\"https:\/\/blog.fnlp.fr\/?p=518\" title=\"Sauvez, sauvez la France, au nom du Sacr\u00e9-C\u0153ur !\">[&#8230;]<\/a><\/p>\n<\/div>","protected":false},"author":1,"featured_media":519,"comment_status":"closed","ping_status":"closed","sticky":false,"template":"","format":"standard","meta":{"footnotes":""},"categories":[48,21],"tags":[],"class_list":["post-518","post","type-post","status-publish","format-standard","has-post-thumbnail","hentry","category-en-direct-du-xxie-siecle","category-gerald-cusin"],"_links":{"self":[{"href":"https:\/\/blog.fnlp.fr\/index.php?rest_route=\/wp\/v2\/posts\/518","targetHints":{"allow":["GET"]}}],"collection":[{"href":"https:\/\/blog.fnlp.fr\/index.php?rest_route=\/wp\/v2\/posts"}],"about":[{"href":"https:\/\/blog.fnlp.fr\/index.php?rest_route=\/wp\/v2\/types\/post"}],"author":[{"embeddable":true,"href":"https:\/\/blog.fnlp.fr\/index.php?rest_route=\/wp\/v2\/users\/1"}],"replies":[{"embeddable":true,"href":"https:\/\/blog.fnlp.fr\/index.php?rest_route=%2Fwp%2Fv2%2Fcomments&post=518"}],"version-history":[{"count":3,"href":"https:\/\/blog.fnlp.fr\/index.php?rest_route=\/wp\/v2\/posts\/518\/revisions"}],"predecessor-version":[{"id":536,"href":"https:\/\/blog.fnlp.fr\/index.php?rest_route=\/wp\/v2\/posts\/518\/revisions\/536"}],"wp:featuredmedia":[{"embeddable":true,"href":"https:\/\/blog.fnlp.fr\/index.php?rest_route=\/wp\/v2\/media\/519"}],"wp:attachment":[{"href":"https:\/\/blog.fnlp.fr\/index.php?rest_route=%2Fwp%2Fv2%2Fmedia&parent=518"}],"wp:term":[{"taxonomy":"category","embeddable":true,"href":"https:\/\/blog.fnlp.fr\/index.php?rest_route=%2Fwp%2Fv2%2Fcategories&post=518"},{"taxonomy":"post_tag","embeddable":true,"href":"https:\/\/blog.fnlp.fr\/index.php?rest_route=%2Fwp%2Fv2%2Ftags&post=518"}],"curies":[{"name":"wp","href":"https:\/\/api.w.org\/{rel}","templated":true}]}}