{"id":564,"date":"2020-12-22T02:11:08","date_gmt":"2020-12-22T01:11:08","guid":{"rendered":"https:\/\/blog.fnlp.fr\/?p=564"},"modified":"2020-12-22T02:26:37","modified_gmt":"2020-12-22T01:26:37","slug":"humanisme-ou-xenophobie-chacun-devra-choisir","status":"publish","type":"post","link":"https:\/\/blog.fnlp.fr\/?p=564","title":{"rendered":"Humanisme ou x\u00e9nophobie, chacun devra choisir"},"content":{"rendered":"<p style=\"text-align: right;\">\u00ab<i>\u00a0Ce cri de protestation d&rsquo;<b>Antigone<\/b> face \u00e0 <b>Cr\u00e9on<\/b> reste toujours aussi actuel et il ne saurait \u00eatre question de sacrifier en quoi que ce soit les droits de la personne au profit de l&rsquo;\u00c9tat. Nous serons toujours du c\u00f4t\u00e9 d\u2019Antigone contre Cr\u00e9on. Cr\u00e9on fait tuer Antigone, qui ob\u00e9it \u00e0 son devoir et non \u00e0 la loi. \u00bb<\/i><br \/>\n&#8211; <b>Henri Caillavet<\/b> &#8211;<\/p>\n<p><strong><img loading=\"lazy\" decoding=\"async\" class=\"alignleft size-thumbnail wp-image-14\" src=\"https:\/\/blog.fnlp.fr\/wp-content\/uploads\/2020\/01\/48657985942_245d0333ba_k-150x150.jpg\" alt=\"\" width=\"150\" height=\"150\" \/>Une campagne d\u00e9mesur\u00e9e et hyst\u00e9rique, aux cons\u00e9quences dramatiques incalculables, est en train de se d\u00e9rouler dans notre pays. C\u2019est la ratonnade m\u00e9diatique, c\u2019est \u00e0 qui frappera le plus fort et le plus ignominieusement contre nos concitoyens d\u2018origine (r\u00e9elle ou suppos\u00e9e) arabo-musulmane.<\/strong><\/p>\n<p>Une campagne d\u00e9mesur\u00e9e et hyst\u00e9rique, aux cons\u00e9quences dramatiques incalculables, est en train de se d\u00e9rouler dans notre pays. C\u2019est la ratonnade m\u00e9diatique, c\u2019est \u00e0 qui frappera le plus fort et le plus ignominieusement contre nos concitoyens d\u2018origine (r\u00e9elle ou suppos\u00e9e) arabo-musulmane.<\/p>\n<p>Rien n\u2019arr\u00eate la fureur sauvage des nouveaux <b>Torquemada<\/b>. Ainsi, des coll\u00e9giens \u00e0 Montpellier qui disent n\u2019importe quoi (c\u2019est le privil\u00e8ge de l\u2019\u00e2ge pour se distinguer aupr\u00e8s de leurs copains) se font arr\u00eater, garder \u00e0 vue, inculper pour \u00ab<i>\u00a0apologie du terrorisme<\/i>\u00a0\u00bb pour avoir dit \u00ab\u00a0<i>J\u2019en ai rien \u00e0 foutre de <b>Samuel Paty<\/b><\/i><b>\u00a0<\/b>\u00bb. C\u2019est profond\u00e9ment stupide, condamnable et naus\u00e9abond, mais \u00ab\u00a0<i>Apologie du terrorisme<\/i>\u00a0\u00bb, pour des enfants\u00a0?<\/p>\n<p>Et que dire des entr\u00e9es en force de la police \u00e0 l\u2019heure du laitier de sinistre m\u00e9moire \u00e0 Albertville pour arr\u00eater des enfants. En voici le r\u00e9cit fait par une m\u00e8re\u00a0:\u00a0\u00ab\u00a0<i>Elle a pourtant appris un mot ce jeudi 5 novembre, quand la police a fait irruption en nombre dans l\u2019appartement de la cit\u00e9 HLM des Contamines, o\u00f9 la famille vit depuis 19 ans, pour interpeller sa petite fille Emira, 10 ans. \u00ab\u00a0Apologie, je ne connaissais pas. Le policier me dit<\/i>\u00a0: \u201cVotre fille est inculp\u00e9e d\u2019apologie du terrorisme.\u2019\u2019 <i>J\u2019ai cri\u00e9<\/i>\u00a0: \u201cMa fille a 10 ans et elle est terroriste\u00a0?! Mais vous \u00eates fou\u201d\u00a0\u00bb, <i>se souvient-elle<\/i>.<\/p>\n<p><i>Il est \u00e0 peine 7 heures du matin, ce jeudi, quand de forts coups r\u00e9sonnent \u00e0 la porte. Sept ou huit hommes font irruption dans le logement. Deux sont en uniforme de policier. Les autres sont en civil, brassard au bras, cagoul\u00e9s.<\/i> \u00ab\u00a0Ils avaient des fusils ou des mitraillettes en travers de la poitrine. Non, ils ne nous ont pas vis\u00e9s, mais tout ce monde dans l\u2019entr\u00e9e et la tension, \u00e7a faisait tr\u00e8s peur<i>\u00a0\u00bb, dit le fils a\u00een\u00e9 de 22 ans, qui s\u2019appr\u00eatait \u00e0 partir au travail<\/i>.\u00a0\u00bb<\/p>\n<p>En s\u2019attaquant aussi brutalement aux enfants, sans aucun recours \u00e0 une quelconque p\u00e9dagogie, ce ne peut-\u00eatre que l\u2019embrasement g\u00e9n\u00e9ralis\u00e9 que le pouvoir cherche \u00e0 provoquer dans ce pays, pour mieux faire passer ses plans antisociaux et ses men\u00e9es liberticides.<\/p>\n<p><span class=\"inter-titre-gris\">Le sens de la mesure n\u2019existerait-il plus dans notre pays\u00a0?<\/span><\/p>\n<p>Comme d\u2019habitude, le mendigot politique errant d\u2019Espagne \u00e0 la France, et de la France \u00e0 l\u2019Espagne pour obtenir une place (il accepterait tout, c\u2019est vous dire qu\u2019il courbe si bien l\u2019\u00e9chine devant la bienpensance), je veux nommer <b>Manuel Valls<\/b>, est le premier \u00e0 enfourcher son destrier pour crier \u00ab\u00a0Sus aux Sarrazins\u00a0\u00bb. Pour un peu, il ferait passer <b>Philippe de Villiers<\/b> pour un mod\u00e9r\u00e9.<\/p>\n<p><b>Manuel Valls<\/b> est un homme de conviction\u00a0: r\u00e9publicain intransigeant \u00e0 Paris, monarchiste \u00e9namour\u00e9 \u00e0 Barcelone. C\u2019est le retournement de veste permanent. Certains le taxent de \u00ab\u00a0<i>rocardisme<\/i>\u00a0\u00bb, c\u2019est aller un peu vite en besogne. En 1959,<b> Michel Rocard<\/b>\u00a0d\u00e9nonce,\u00a0dans un rapport qui fera grand bruit, le regroupement de plus d\u2019un million de fellahs dans des camps. Il sauvera ainsi la vie de plusieurs milliers d\u2019Alg\u00e9riens. Un \u00e9pisode fondateur dans son parcours. On peut penser tout ce que l\u2019on veut de <b>Michel Rocard<\/b>, mais la rigueur de son \u00e9thique protestante lui interdisait de commettre les bassesses de Manuel Valls qui serait plut\u00f4t pour les camps o\u00f9 l\u2019on enferme ceux qu\u2019il d\u00e9signe \u00e0 la vindicte populaire.<\/p>\n<p>Voici ce que rapporte le<i><b> HuffingtonPost<\/b><\/i> du 18 octobre 2020 \u00e0) propos de<b> Manuel Valls<\/b> :\u00a0\u00ab<i> Et d\u2019appeler Emmanuel Macron \u00e0 prendre des mesures concr\u00e8tes, l\u2019actuel Pr\u00e9sident de la R\u00e9publique et son rival du temps o\u00f9 ils \u00e9taient ministres ensemble s\u2019\u00e9tant longuement oppos\u00e9s sur ce sujet.<\/i> \u201cIl faut agir pour \u00e9radiquer l\u2019islamisme partout\u201d, <i>a donc lanc\u00e9 Manuel Valls ce dimanche<\/i>, \u201cdans les quartiers, dans les rues, dans les associations\u201d\u00a0 \u00bb.\u00a0 C\u2019est la ratonnade g\u00e9n\u00e9ralis\u00e9e comme au temps de la guerre d\u2019Alg\u00e9rie.<\/p>\n<h2><span class=\"inter-titre-gris\">Islamisme, dites-vous\u00a0?<\/span><\/h2>\n<p>On pourrait gloser \u00e0 souhait sur \u00ab<i>\u00a0islamisme radical, islamistes-terroristes\u00a0<\/i>\u00bb, mais \u00ab\u00a0<i>islamisme<\/i>\u00a0\u00bb, il s\u2019agit bien de la religion et de ses adeptes. L\u2019Islam<b>isme<\/b> est aux <b>musulman<\/b>s, ce que le Catholic<b>isme<\/b> est aux partisans du <b>Vatican<\/b>, le protestant<b>isme<\/b> aux adeptes de <b>Luther<\/b> et de <b>Calvin<\/b>, le Juda<b>\u00efsme<\/b> aux h\u00e9ritiers de <b>Mo\u00efse<\/b> et le Bouddh<b>isme<\/b> \u00e0 <b>Bouddha<\/b>. Il s\u2019agit bien alors d\u2019une discrimination raciste quand est distingu\u00e9 l\u2019Islam des autres religions.<\/p>\n<p>La folie souffle dans beaucoup de cerveaux. Ainsi, on apprend qu\u2019un \u00ab\u00a0<i>Collectif<\/i>\u00a0\u00bb dit \u00ab\u00a0<i>la\u00efque<\/i>\u00a0\u00bb qui n\u2019a de collectif et de la\u00efque que le nom, fait un communiqu\u00e9 le 19 octobre 2020 intitul\u00e9 \u00ab\u00a0<i><b>Ne plus tergiverser face \u00e0 l\u2019offensive islamiste<\/b><\/i>\u00a0\u00bb. On n\u2019a jamais vu un communiqu\u00e9 de cette \u00ab\u00a0<i>structure<\/i>\u00a0\u00bb &#8211; qui ne repr\u00e9sente pas grand-chose, hormis peut-\u00eatre les Ob\u00e9diences ma\u00e7onniques, dont la participation et l\u2019accord est d\u2019ailleurs \u00e0 g\u00e9om\u00e9trie variable &#8211; faire un communiqu\u00e9 d\u00e9non\u00e7ant <i><b>l\u2019offensive du catholicisme<\/b><\/i> contre l\u2019IVG, le mariage pour tous, la GPA et la PMA. Ce qui sous-entend que l\u2019Islam n\u2019est pas une religion comme les autres. Qu\u2019est-ce donc, sinon du racisme et de la discrimination\u00a0? Le cl\u00e9ricalisme, l\u2019int\u00e9grisme, le radicalisme, ne concerneraient que l\u2019Islam\u00a0? Voici une position qui est aux antipodes de la la\u00efcit\u00e9 qui traite toutes les religions \u00e0 \u00e9gales distances de la chose publique.<\/p>\n<p>Il n\u2019en fallait pas plus non plus pour que les sicaires sans morale du \u00ab\u00a0<i><b>Printemps r\u00e9publicain\u00a0<\/b><\/i>\u00bb (qu\u2019on devrait plut\u00f4t renommer \u00ab\u00a0<i>Hiver de la conscience<\/i>\u00a0\u00bb) s\u2019en prennent violement au maire de Grenoble qui refuse de mettre en place une \u00ab\u00a0<i>Charte liberticide de la la\u00efcit\u00e9<\/i>\u00a0\u00bb. Voici ce qu\u2019en rapportent les m\u00e9dias\u00a0:\u00a0\u00ab\u00a0<i>Un rejet condamn\u00e9 par le <\/i>Printemps r\u00e9publicain<i>. Qui pointe aussi le refus du maire de Grenoble d\u2019exiger le remboursement des 3 800 euros de subventions vers\u00e9es au <b>CCIF.<\/b>\u00a0\u00ab\u00a0<\/i>\u00c0 d\u00e9faut de manifester des convictions clairement r\u00e9publicaines et la\u00efques, ces d\u00e9cisions ont au moins le m\u00e9rite de la clart\u00e9\u00a0\u00bb,\u00a0souligne-t-il. Flic un jour, flic toujours.<\/p>\n<h2><span class=\"inter-titre-gris\">Sigmund, r\u00e9veille-toi, ils sont devenus fous\u00a0!<\/span><\/h2>\n<p>Il est toujours int\u00e9ressant d\u2019analyser en mati\u00e8re psychanalytique que ce que reprochent les d\u00e9traqu\u00e9s aux autres est souvent le produit de leurs fantasmes et de leurs d\u00e9sirs refoul\u00e9s. Il est frappant de constater que la question de l\u2019argent (premiers de cord\u00e9es, ruissellement, subventions sous conditions, etc.) est la marque du r\u00e9gime de la Macronie.<\/p>\n<p>On aimait bien <b>Brassens<\/b> \u00ab\u00a0<i>Pas d\u2019argent, pas d\u2019\u00e9pices<\/i>\u00a0\u00bb, on d\u00e9teste \u00ab\u00a0<i>Pas de soumission, pas de subvention<\/i>\u00a0\u00bb.<\/p>\n<p>On assiste bien \u00e0 une tentative totalitaire de renverser les valeurs d\u00e9mocratiques issues de la <i><b>R\u00e9volution fran\u00e7aise<\/b><\/i>.<\/p>\n<h2><span class=\"inter-titre-gris\">Adolphe Thiers, sors de ce corps\u00a0!<\/span><\/h2>\n<p><span class=\"titre-gras-bleu-petite-cap\">Quant \u00e0 nous libres penseurs, la\u00efques, d\u00e9mocrates, vrais r\u00e9publicains, syndicalistes, militants ouvriers, nous affirmerons toujours qu\u2019entre le pouvoir (quel qu\u2019il soit) et notre conscience et nos id\u00e9es, nous choisirons toujours notre conscience, quitte \u00e0 \u00eatre des r\u00e9volt\u00e9s, ceux qui disent Non comme le rappelait <b>Albert Camus<\/b>.<\/span><\/p>\n<p><span class=\"titre-gras-rouge-petite-cap\">Entre Cr\u00e9on et Antigone, nous avons fait notre choix.<\/span><\/p>\n<p><b>Christian Eyschen<\/b><\/p>\n<p><a href=\"https:\/\/blogs.mediapart.fr\/libre-pensee\/blog\/171120\/humanisme-ou-xenophobie-chacun-devra-choisir\" target=\"_blank\" rel=\"noopener noreferrer\">article publi\u00e9 sur le blog Mediapart de la Libre Pens\u00e9e\u00a0 (17-11\/2020)<\/a><\/p>\n","protected":false},"excerpt":{"rendered":"<div class=\"mh-excerpt\"><p>\u00ab\u00a0Ce cri de protestation d&rsquo;Antigone face \u00e0 Cr\u00e9on reste toujours aussi actuel et il ne saurait \u00eatre question de sacrifier en quoi que ce soit <a class=\"mh-excerpt-more\" href=\"https:\/\/blog.fnlp.fr\/?p=564\" title=\"Humanisme ou x\u00e9nophobie, chacun devra choisir\">[&#8230;]<\/a><\/p>\n<\/div>","protected":false},"author":1,"featured_media":565,"comment_status":"closed","ping_status":"closed","sticky":false,"template":"","format":"standard","meta":{"footnotes":""},"categories":[14,3,51],"tags":[],"class_list":["post-564","post","type-post","status-publish","format-standard","has-post-thumbnail","hentry","category-christian-eyschen","category-laicite","category-mediapart"],"_links":{"self":[{"href":"https:\/\/blog.fnlp.fr\/index.php?rest_route=\/wp\/v2\/posts\/564","targetHints":{"allow":["GET"]}}],"collection":[{"href":"https:\/\/blog.fnlp.fr\/index.php?rest_route=\/wp\/v2\/posts"}],"about":[{"href":"https:\/\/blog.fnlp.fr\/index.php?rest_route=\/wp\/v2\/types\/post"}],"author":[{"embeddable":true,"href":"https:\/\/blog.fnlp.fr\/index.php?rest_route=\/wp\/v2\/users\/1"}],"replies":[{"embeddable":true,"href":"https:\/\/blog.fnlp.fr\/index.php?rest_route=%2Fwp%2Fv2%2Fcomments&post=564"}],"version-history":[{"count":3,"href":"https:\/\/blog.fnlp.fr\/index.php?rest_route=\/wp\/v2\/posts\/564\/revisions"}],"predecessor-version":[{"id":575,"href":"https:\/\/blog.fnlp.fr\/index.php?rest_route=\/wp\/v2\/posts\/564\/revisions\/575"}],"wp:featuredmedia":[{"embeddable":true,"href":"https:\/\/blog.fnlp.fr\/index.php?rest_route=\/wp\/v2\/media\/565"}],"wp:attachment":[{"href":"https:\/\/blog.fnlp.fr\/index.php?rest_route=%2Fwp%2Fv2%2Fmedia&parent=564"}],"wp:term":[{"taxonomy":"category","embeddable":true,"href":"https:\/\/blog.fnlp.fr\/index.php?rest_route=%2Fwp%2Fv2%2Fcategories&post=564"},{"taxonomy":"post_tag","embeddable":true,"href":"https:\/\/blog.fnlp.fr\/index.php?rest_route=%2Fwp%2Fv2%2Ftags&post=564"}],"curies":[{"name":"wp","href":"https:\/\/api.w.org\/{rel}","templated":true}]}}