{"id":568,"date":"2020-12-22T02:17:29","date_gmt":"2020-12-22T01:17:29","guid":{"rendered":"https:\/\/blog.fnlp.fr\/?p=568"},"modified":"2020-12-22T02:25:58","modified_gmt":"2020-12-22T01:25:58","slug":"une-absurdite-ne-peut-deboucher-que-sur-une-autre-absurdite","status":"publish","type":"post","link":"https:\/\/blog.fnlp.fr\/?p=568","title":{"rendered":"Une absurdit\u00e9 ne peut d\u00e9boucher que sur une autre absurdit\u00e9"},"content":{"rendered":"<p><strong><img loading=\"lazy\" decoding=\"async\" class=\"alignleft size-thumbnail wp-image-14\" src=\"https:\/\/blog.fnlp.fr\/wp-content\/uploads\/2020\/01\/48657985942_245d0333ba_k-150x150.jpg\" alt=\"\" width=\"150\" height=\"150\" \/>On connait d\u00e9sormais le projet totalitaire du gouvernement d\u2019imposer, par le biais d\u2019une conception oximoresque des \u00ab <em>valeurs de la la\u00efcit\u00e9 et de la R\u00e9publique<\/em> \u00bb, une organisation totalitaire de la soci\u00e9t\u00e9. En une formule comme en cent : une id\u00e9ologie d\u2019Etat&#8230;.<\/strong><\/p>\n<div class=\"content-article\">\n<p><b>Une id\u00e9ologie d\u2019Etat<\/b> est par nature totalitaire, car elle viole la libert\u00e9 de conscience des citoyens. Malheur \u00e0 celui qui ne la partagerait pas\u00a0! Malheur \u00e0 celui par qui le scandale arriverait\u00a0!<\/p>\n<p>Le projet de loi \u2013 dont le nom et le contenu sont un v\u00e9ritable ectoplasme, sans noyau, sans circonf\u00e9rence (ce qu\u2019on appelle aujourd\u2019hui\u00a0: un <b>Blob<\/b>)\u00a0et qui change d\u2019apparence tout le temps \u2013 pr\u00e9voit donc que les associations d\u00e9sirant obtenir une subvention sur fonds publics devront obligatoirement souscrire \u00e0 une \u00ab\u00a0<i>Charte<\/i>\u00a0\u00bb de valeurs.<\/p>\n<p>Rappelons \u00e0 quelques insuffisants en culture, que la R\u00e9publique, c\u2019est la loi et que la Charte, c\u2019est la Monarchie (<i>Magna carta<\/i>, <i>Charte de Charles X<\/i>, ou pire encore <i>Charte du Travail<\/i>, etc). Pour des valeurs de la R\u00e9publique, cela commence plut\u00f4t mal.<\/p>\n<p>Le jeudi 25 novembre 2020, un hommage m\u00e9rit\u00e9 a \u00e9t\u00e9 rendu \u00e0 <b>Daniel Cordier<\/b>, secr\u00e9taire de <b>Jean Moulin<\/b>. Ce qu\u2019on a c\u00e9l\u00e9br\u00e9 \u00e0 cette occasion est le jeune homme qui rallie la R\u00e9sistance et qui se met au service du futur Pr\u00e9sident du <b>CNR<\/b>. Ce n\u2019est pas ce qu\u2019il adviendra de lui plus tard. C\u2019est son acte d\u2019h\u00e9ro\u00efsme dans un moment tragique qui a \u00e9t\u00e9, \u00e0 juste titre, magnifi\u00e9.<\/p>\n<p>Que dit sa fiche sur <i><b>Wikipedia<\/b><\/i>\u00a0: \u00ab<i>\u00a0Influenc\u00e9 par les id\u00e9es antis\u00e9mites et maurrassiennes de son beau-p\u00e8re\u00a0qu\u2019il admire, il milite \u00e0 17 ans \u00e0 l&rsquo;Action fran\u00e7aise\u00a0(Il fait partie aussi des Camelots du Roi. NDLR) et fonde \u00e0 Bordeaux le cercle Charles-Maurras. En effet, comme il le reconna\u00eet dans\u00a0Alias Caracalla, en tant qu&rsquo;admirateur de\u00a0Charles Maurras, il est, au d\u00e9but de la guerre,\u00a0antis\u00e9mite, antisocialiste,\u00a0anticommuniste, antid\u00e9mocrate et\u00a0ultranationaliste, souhaitant m\u00eame, apr\u00e8s son ralliement \u00e0 la\u00a0France libre, que\u00a0L\u00e9on Blum\u00a0soit fusill\u00e9 apr\u00e8s un jugement sommaire \u00e0 la fin de la guerre. Il \u00e9crit dans son autobiographie qu&rsquo;il ne serait jamais entr\u00e9 dans la\u00a0R\u00e9sistance\u00a0sans les articles du th\u00e9oricien du \u00ab\u00a0<\/i>nationalisme int\u00e9gral<i>\u00a0\u00bb Mais, contrairement \u00e0 son ma\u00eetre \u00e0 penser, il refuse d&#8217;embl\u00e9e l&rsquo;armistice\u00a0par\u00a0patriotisme<\/i>\u00a0\u00bb.<\/p>\n<p>Est-ce cela les \u00ab<i>\u00a0valeurs de la R\u00e9publique et de la la\u00efcit\u00e9<\/i>\u00a0\u00bb\u00a0? S\u2019il se constituait une association \u00ab\u00a0<i><b>Daniel Cordier<\/b><\/i>\u00a0\u00bb comment pourrait-elle, sans d\u00e9juger ce que fut cet homme, souscrire une charte des valeurs r\u00e9publicaines et la\u00efques\u00a0? Cela serait une faute historique, une r\u00e9vision, bref un mensonge. L\u2019histoire d\u2019un homme est comme l\u2019Histoire, c\u2019est un bloc. On ne trie pas dedans, comme on trie ses d\u00e9chets.<\/p>\n<p>Ainsi donc un acte aussi fondateur que l\u2019entr\u00e9e en <i>R\u00e9sistance<\/i> de <b>Daniel Cordier<\/b>, sauf \u00e0 faire mentir l\u2019Histoire, ne saurait \u00eatre perp\u00e9tu\u00e9 par une association qui demanderait une subvention publique. Voil\u00e0 o\u00f9 m\u00e8ne l\u2019absurdit\u00e9 macronnienne. Le m\u00eame <b>Macron<\/b> ne se g\u00eanera pas pour gloser \u00e0 l\u2019infini sur les m\u00e9rites de <b>Daniel Cordier<\/b>. Hypocrite et Tartuffe, tout \u00e0 la fois.<\/p>\n<p class=\"center\" style=\"text-align: center;\">\u25bc<\/p>\n<p>Prenons un autre exemple. Chaque fin ao\u00fbt de chaque ann\u00e9e, on c\u00e9l\u00e8bre la <i>Lib\u00e9ration<\/i> de Paris par la <b>IIe DB<\/b>. Plus particuli\u00e8rement, par la <i><b>Nueve<\/b><\/i>. Voici ce qu\u2019en dit <em>Wikip\u00e9dia<\/em> aussi\u00a0:\u00a0\u00ab\u00a0<i><b>La\u00a09e\u00a0compagnie du<\/b>\u00a0<b>r\u00e9giment de marche du Tchad<\/b>, qui faisait lui-m\u00eame partie de la\u00a02e\u00a0division blind\u00e9e\u00a0ou Division Leclerc, a \u00e9t\u00e9 surnomm\u00e9e\u00a0la <b>Nueve<\/b>\u00a0(chiffre \u00ab\u00a0neuf\u00a0\u00bb en espagnol). Cette\u00a0compagnie\u00a0enr\u00f4lait 160 hommes dont 146\u00a0<b>r\u00e9publicains espagnols<\/b>.<\/i>\u00a0\u00bb<\/p>\n<p>Ces \u00ab\u00a0<i>r\u00e9publicains<\/i>\u00a0\u00bb espagnols \u00e9taient en tr\u00e8s grande majorit\u00e9 des anarchistes espagnols, membres de la <b>CNT<\/b> et de la <b>FAI<\/b>. Ils avaient tous fait la Guerre d\u2019Espagne et avaient en commun une conception de la R\u00e9publique et de la la\u00efcit\u00e9 qui \u00e9tait aux antipodes de celle d\u2019<b>Emmanuel Macron<\/b> et de son gouvernement.<\/p>\n<p>Ils faisaient, sans aucun doute, leur, la d\u00e9finition de <b>Pierre-Joseph Proudhon<\/b>\u00a0:\u00a0\u00ab\u00a0<i>La R\u00e9publique est une anarchie positive. Ce n\u2019est ni la libert\u00e9 soumise \u00e0 l\u2019ordre comme dans la monarchie constitutionnelle, ni la libert\u00e9 emprisonn\u00e9e <b>DANS<\/b> l\u2019ordre, comme l\u2019entend la Gouvernement provisoire. C&rsquo;est\u00a0la\u00a0libert\u00e9\u00a0d\u00e9livr\u00e9e\u00a0de\u00a0toutes\u00a0ses\u00a0entraves, la\u00a0superstition, le\u00a0pr\u00e9jug\u00e9, le\u00a0sophisme, L\u2019agiotage, l\u2019autorit\u00e9\u00a0; c\u2019est la libert\u00e9 r\u00e9ciproque et non pas la libert\u00e9 qui se limite\u00a0; la libert\u00e9 non pas fille de l\u2019ordre, mais <b>MERE<\/b> de l\u2019ordre.<\/i>\u00a0\u00bb<\/p>\n<p>On connait l\u2019aphorisme d\u2019<b>Elis\u00e9e Reclus<\/b>\u00a0:\u00a0\u00ab<i>\u00a0L\u2019anarchie est la plus haute expression de l\u2019ordre<\/i>\u00a0\u00bb. Il ne faut pas \u00eatre grand clerc pour s\u2019apercevoir que tout cela est aux antipodes de ce que pense ce gouvernement de \u00ab<i>\u00a0l\u2019Ordre<\/i>\u00a0\u00bb, qu\u2019il confond toujours avec l\u2019usage immod\u00e9r\u00e9 de la matraque. De m\u00eame, la conception des lib\u00e9rateurs de Paris en mati\u00e8re de lutte anticl\u00e9ricale (donc de la\u00efcit\u00e9) pendant la Guerre d\u2019Espagne ne doit pas avoir grand-chose \u00e0 voir avec celle du<i> proto-chanoine d\u2019honneur de <b>Notre-Dame du Latran<\/b> \u00e0 Rome<\/i>, le ci-devant Emmanuel Macron.<\/p>\n<p>Ainsi, gr\u00e2ce \u00e0 l\u2019absurde conception macronnienne en mati\u00e8re de subvention pour les associations, une association ayant pour objet de c\u00e9l\u00e9brer les m\u00e9rites de la Nueve ne pourrait avoir aucune subvention publique, sauf \u00e0 faire mentir l\u2019Histoire et la v\u00e9rit\u00e9.<\/p>\n<p><b>Tertullien<\/b> disait d\u00e9j\u00e0 il y a longtemps\u00a0:\u00a0\u00ab\u00a0<i>Credo quia absurdum\u00a0<\/i>\u00bb (je [le] crois parce que c&rsquo;est\u00a0absurde). Affirmer la justesse de la n\u00e9cessit\u00e9 de ces \u00ab\u00a0<b><i>Chartes de la la\u00efcit\u00e9<\/i><\/b>\u00a0\u00bb n\u2019est qu\u2019un autodaf\u00e9 de la libert\u00e9 (Acte de foi). Comme on disait nagu\u00e8re \u00ab\u00a0<i>Cela sent le fagot<\/i>\u00a0\u00bb.<\/p>\n<p><b>Christian Eyschen<\/b><\/p>\n<p><span class=\"titre-gras-bleu-petite-cap\"><b>PS<\/b>\u00a0: Pour \u00e9viter tout quiproquo, la F\u00e9d\u00e9ration nationale de la Libre Pens\u00e9e ne demande et ne per\u00e7oit aucune subvention publique. Elle ne pr\u00eache donc pas pour sa paroisse en disant tout cela.<\/span><\/p>\n<p><a href=\"https:\/\/blogs.mediapart.fr\/libre-pensee\/blog\/261120\/une-absurdite-ne-peut-deboucher-que-sur-une-autre-absurdite\" target=\"_blank\" rel=\"noopener noreferrer\">Article paru dans le blog Mediapart de la Libre Pens\u00e9e 28-11-2020<\/a><\/p>\n<\/div>\n","protected":false},"excerpt":{"rendered":"<div class=\"mh-excerpt\"><p>On connait d\u00e9sormais le projet totalitaire du gouvernement d\u2019imposer, par le biais d\u2019une conception oximoresque des \u00ab valeurs de la la\u00efcit\u00e9 et de la R\u00e9publique <a class=\"mh-excerpt-more\" href=\"https:\/\/blog.fnlp.fr\/?p=568\" title=\"Une absurdit\u00e9 ne peut d\u00e9boucher que sur une autre absurdit\u00e9\">[&#8230;]<\/a><\/p>\n<\/div>","protected":false},"author":1,"featured_media":569,"comment_status":"closed","ping_status":"closed","sticky":false,"template":"","format":"standard","meta":{"footnotes":""},"categories":[14,3,51],"tags":[],"class_list":["post-568","post","type-post","status-publish","format-standard","has-post-thumbnail","hentry","category-christian-eyschen","category-laicite","category-mediapart"],"_links":{"self":[{"href":"https:\/\/blog.fnlp.fr\/index.php?rest_route=\/wp\/v2\/posts\/568","targetHints":{"allow":["GET"]}}],"collection":[{"href":"https:\/\/blog.fnlp.fr\/index.php?rest_route=\/wp\/v2\/posts"}],"about":[{"href":"https:\/\/blog.fnlp.fr\/index.php?rest_route=\/wp\/v2\/types\/post"}],"author":[{"embeddable":true,"href":"https:\/\/blog.fnlp.fr\/index.php?rest_route=\/wp\/v2\/users\/1"}],"replies":[{"embeddable":true,"href":"https:\/\/blog.fnlp.fr\/index.php?rest_route=%2Fwp%2Fv2%2Fcomments&post=568"}],"version-history":[{"count":2,"href":"https:\/\/blog.fnlp.fr\/index.php?rest_route=\/wp\/v2\/posts\/568\/revisions"}],"predecessor-version":[{"id":574,"href":"https:\/\/blog.fnlp.fr\/index.php?rest_route=\/wp\/v2\/posts\/568\/revisions\/574"}],"wp:featuredmedia":[{"embeddable":true,"href":"https:\/\/blog.fnlp.fr\/index.php?rest_route=\/wp\/v2\/media\/569"}],"wp:attachment":[{"href":"https:\/\/blog.fnlp.fr\/index.php?rest_route=%2Fwp%2Fv2%2Fmedia&parent=568"}],"wp:term":[{"taxonomy":"category","embeddable":true,"href":"https:\/\/blog.fnlp.fr\/index.php?rest_route=%2Fwp%2Fv2%2Fcategories&post=568"},{"taxonomy":"post_tag","embeddable":true,"href":"https:\/\/blog.fnlp.fr\/index.php?rest_route=%2Fwp%2Fv2%2Ftags&post=568"}],"curies":[{"name":"wp","href":"https:\/\/api.w.org\/{rel}","templated":true}]}}