{"id":587,"date":"2021-01-10T19:33:57","date_gmt":"2021-01-10T18:33:57","guid":{"rendered":"https:\/\/blog.fnlp.fr\/?p=587"},"modified":"2021-01-10T19:33:57","modified_gmt":"2021-01-10T18:33:57","slug":"interview-de-antoine-rabadan-membre-du-npa34","status":"publish","type":"post","link":"https:\/\/blog.fnlp.fr\/?p=587","title":{"rendered":"Interview de Antoine Rabadan, membre du NPA34"},"content":{"rendered":"<h2>Interview r\u00e9alis\u00e9 par la F\u00e9d\u00e9ration de l\u2019H\u00e9rault de la Libre Pens\u00e9e<\/h2>\n<blockquote><p><strong>La loi dite \u00ab S\u00e9paratisme \u00bb (rebaptis\u00e9 \u00ab confortant les principes r\u00e9publicains \u00bb) va passer en proc\u00e9dure acc\u00e9l\u00e9r\u00e9e \u00e0 l\u2019Assembl\u00e9e Nationale et au S\u00e9nat. Elle suscite de nombreuses r\u00e9actions. Nous avons d\u00e9cid\u00e9 de r\u00e9aliser des interviews de responsables politiques et associatifs qui partagent avec nous certaines\u00a0 valeurs<\/strong>.<\/p><\/blockquote>\n<p>B<span style=\"color: #ff0000;\"><em><strong>onjour, peux-tu te pr\u00e9senter ainsi que ton parcours militant ?<\/strong><\/em><\/span><\/p>\n<p><img loading=\"lazy\" decoding=\"async\" class=\"alignleft size-full wp-image-588\" src=\"https:\/\/blog.fnlp.fr\/wp-content\/uploads\/2021\/01\/antoine-rabadan.jpg\" alt=\"\" width=\"195\" height=\"259\" \/>Retrait\u00e9 de l\u2019\u00c9ducation Nationale, j&rsquo;ai \u00e9t\u00e9, du temps de mon activit\u00e9 professionnelle, syndicaliste, occupant \u00e0 un certain moment des responsabilit\u00e9s d\u00e9partementales et acad\u00e9miques, \u00e0 la <strong>FEN<\/strong>, puis \u00e0 la <strong>FSU<\/strong>. J&rsquo;ai aussi \u00e9t\u00e9 en responsabilit\u00e9s diverses \u00e0 la <strong>FCPE<\/strong> sur le 34. Aujourd&rsquo;hui je suis de pr\u00e8s la situation dans l\u2019\u00c9tat espagnol et plus particuli\u00e8rement en Catalogne-Sud qui condense dramatiquement la crise d\u00e9mocratique et sociale de cette partie de l&rsquo;Europe. La\u00efque de toujours, j&rsquo;ai cependant \u00e9t\u00e9 amen\u00e9 \u00e0 me pencher plus au fond sur l&rsquo;appropriation r\u00e9actionnaire que la loi de 1905 a subie et subit depuis les affaires dites \u00ab\u00a0<em>du voile<\/em>\u00ab\u00a0.<\/p>\n<p><span style=\"color: #ff0000;\"><em><strong>La loi dite sur le s\u00e9paratisme va passer \u00e0 l\u2019Assembl\u00e9e nationale, quelle en est ta lecture ?<\/strong><\/em><\/span><\/p>\n<p>C&rsquo;est une loi de circonstance, dans le sens le plus p\u00e9joratif du mot, qui, paradoxalement, a une port\u00e9e structurelle de long terme visant \u00e0 peser sur les rapports de force politiques et sociaux. En effet elle vise \u00e0 cliver plus qu&rsquo;il n&rsquo;a \u00e9t\u00e9 r\u00e9ussi jusqu&rsquo;\u00e0 pr\u00e9sent le corps social sur des bases racistes afin de brouiller les rep\u00e8res des mouvements contestataires qui se sont r\u00e9cemment affirm\u00e9s : mobilisation contre la r\u00e9forme des retraites, mouvement des <strong><em>Gilets Jaunes<\/em><\/strong>, des jeunes (et moins jeunes) en soutien aux mobilisations contre l&rsquo;assassinat de <strong>George Floyd<\/strong> mais aussi pour sauver la plan\u00e8te&#8230; Cette loi, si elle passe, intronisera l&rsquo;islamophobie comme l&rsquo;un des principaux leviers liberticides du gouvernement accentuant l&rsquo;extr\u00eamedroitisation\/lep\u00e9nisation de l&rsquo;\u00e9chiquier politique et son verrouillage \u00e9lectoral : le tout visant \u00e0 ne laisser comme alternative \u00ab\u00a0cr\u00e9dible\u00a0\u00bb que le lep\u00e9nisme tendanciel sans Le Pen du macronisme ou absolu avec Le Pen !<\/p>\n<p>En ciblant l&rsquo;ensemble des musulman.e.s au nom d&rsquo;un suppos\u00e9 <em>communautarisme<\/em>, devenu s\u00e9paratisme, et en profitant de l&rsquo;\u00e9moi l\u00e9gitime suscit\u00e9 par les attentats djihadistes, le gouvernement travaille \u00e0 d\u00e9velopper le poison de la division raciste revisit\u00e9e civilisationnelle, choc des civilisations, en instrumentalisant et d\u00e9naturant la loi la\u00efque de 1905. Par o\u00f9 il cherche \u00e0 reconstituer l&rsquo;h\u00e9g\u00e9monie perdue par les classes dominantes, de fa\u00e7on acc\u00e9l\u00e9r\u00e9e depuis la pr\u00e9sidence de <strong>Fran\u00e7ois Hollande<\/strong>. Le vrai sens de cette loi s\u00e9paratiste r\u00e9side dans la volont\u00e9 de ses promoteurs d&rsquo;organiser les s\u00e9parations brisant et affaiblissant sur des bases de conflits de \u00ab\u00a0civilisations\u00a0\u00bb les fronts de luttes et fracturant les regroupements se constituant sur des bases sociales (et\/ou soci\u00e9tales), d&rsquo;unit\u00e9 de classe, \u00e0 vis\u00e9e de rupture avec l&rsquo;ordre\/d\u00e9sordre capitaliste en place.<\/p>\n<p><span style=\"color: #ff0000;\"><em><strong>Sur quels points particuliers le NPA va-t-il insister ?<\/strong><\/em><\/span><\/p>\n<p>Pour le <strong>NPA<\/strong>, il est essentiel que le centre de gravit\u00e9 de l&rsquo;opposition \u00e0 ce projet de loi soit la mobilisation sociale, en particulier dans la d\u00e9fense du droit des migrant.e.s \u00e0 \u00eatre r\u00e9gularis\u00e9.e.s sans conditions. En effet la question des migrant.e.s (qu&rsquo;ils\/elles soient ou non musulman.e.s, le racisme ne fait pas dans la nuance) et celle des musulman.e.s non migrant.e.s se rejoignent, sans se confondre, car elles sont quasi subliminalement mobilis\u00e9es, en interaction l&rsquo;une avec l&rsquo;autre, par le pouvoir et les divers politiciens r\u00e9actionnaires et\/ou modernistes ultralib\u00e9raux (parfois de gauche !) pour susciter le fantasme de l&rsquo;invasion musulmane totalitaire-terroriste, fantasme qui fait plus de d\u00e9g\u00e2ts dans les esprits qu&rsquo;on ne l&rsquo;imagine ! Ce n&rsquo;est pas en biaisant de fa\u00e7on \u00e9lectoraliste sur cette \u00ab\u00a0\u00e9quation\u00a0\u00bb que l&rsquo;on parviendra \u00e0 bloquer l&rsquo;offensive liberticide mais en reconstituant au plus haut niveau la mobilisation sociale en faveur des droits des plus opprim\u00e9.e.s qui est la condition essentielle pour que les droits de tous et toutes soient pr\u00e9serv\u00e9s et renforc\u00e9s. L&rsquo;objectif ne peut \u00eatre que le retrait de ce projet de loi ou, le cas \u00e9ch\u00e9ant, son abrogation s&rsquo;il \u00e9tait vot\u00e9.<\/p>\n<p><span style=\"color: #ff0000;\"><em><strong>Le d\u00e9bat parlementaire suffira-t-il face \u00e0 une majorit\u00e9 qui semblent ne pas \u00eatre perm\u00e9able \u00e0 grand-chose ?<\/strong><\/em><\/span><\/p>\n<p>Comme induit par la r\u00e9ponse pr\u00e9c\u00e9dente, toute action parlementaire en soi, d\u00e9croch\u00e9e des revendications port\u00e9es par une mobilisation de rue, rel\u00e8ve de l&rsquo;efficacit\u00e9 d&rsquo;un couteau sans lame. Si l&rsquo;on veut bien consid\u00e9rer que, sans surprise, le gouvernement et l&rsquo;Assembl\u00e9e Nationale, qui lui est acquise, ne fonctionnent qu&rsquo;au rapport de force, il est illusoire de penser que le d\u00e9bat parlementaire, qui plus est dans le contexte d&rsquo;une crise sanitaire qui rend difficile la reprise des mobilisations de rue, modifiera sur le fond les intentions liberticides du gouvernement. Cela permet de mesurer le d\u00e9fi politique du moment : organiser le retour des mobilisations en conscience que, vu les difficult\u00e9s li\u00e9es \u00e0 la crise pand\u00e9mique, l&rsquo;on doive se pr\u00e9parer, mais d\u00e8s maintenant, \u00e0 devoir batailler dans la rue pour le retrait d&rsquo;une loi appel\u00e9e quasi in\u00e9luctablement \u00e0 \u00eatre vot\u00e9e plus qu&rsquo;\u00e0 penser pouvoir en bloquer le vote !<\/p>\n<p><span style=\"color: #ff0000;\"><em><strong>La question de la laicit\u00e9 n\u2019est pas toujours bien comprise, faut-il \u00e9galement expliquer ou r\u00e9 expliquer la loi de 1905 ?<\/strong><\/em><\/span><\/p>\n<p>La question de la la\u00efcit\u00e9 est devenue centrale face \u00e0 l&rsquo;offensive des tenants du choc des civilisations qui cherchent \u00e0 la monopoliser pour la d\u00e9voyer : c&rsquo;est en faisant basculer toujours plus la loi de 1905 vers une loi \u00e0 g\u00e9om\u00e9trie variable, punitive et d&rsquo;exclusion, ciblant les musulman.e.s que le gouvernement parvient \u00e0 se trouver des alli\u00e9s tr\u00e8s \u00e0 droite mais aussi jusque dans la gauche dans ses attaques contre les libert\u00e9s et par l\u00e0 contre les droits \u00e0 le contester. Les municipalit\u00e9s, en particulier et sans surprise, socialistes, qui sont en fl\u00e8che pour imposer un \u00ab\u00a0contrat d&rsquo;engagement r\u00e9publicain\u00a0\u00bb, pr\u00e9sent\u00e9 en contresens assum\u00e9 comme la quintessence de la la\u00efcit\u00e9, sont l&rsquo;exemple m\u00eame de la d\u00e9vastatrice transversalit\u00e9 politique antila\u00efque en cours.<\/p>\n<p>La \u00ab\u00a0la\u00efcit\u00e9 1905\u00a0\u00bb, devenu un verrou \u00e0 faire sauter \u00e0 tout prix par la nouvelle bourgeoisie r\u00e9publicaine lib\u00e9rale-autoritaire, subit un coup d\u2019\u00c9tat rampant, commenc\u00e9 dans les ann\u00e9es 90 (sans parler des entailles diverses perp\u00e9tr\u00e9es sous le gaullisme ni de la situation d&rsquo;exception concordataire d&rsquo;Alsace-Moselle valid\u00e9e par la loi de 1905 elle-m\u00eame), qui cherche \u00e0 d\u00e9truire l&rsquo;acquis qu&rsquo;est l&rsquo;\u00e9quilibre qu&rsquo;elle consacre entre, d&rsquo;une part, la S\u00e9paration de l\u2019\u00c9tat et des \u00ab\u00a0\u00c9glises\u00a0\u00bb et, d&rsquo;autre part, le droit de celles-ci et des croyant.e.s \u00e0 vivre comme ils\/elles l&rsquo;entendent leur croyance, y compris dans l&rsquo;espace public, sans aucune intromission dudit \u00c9tat ! Ce qu&rsquo;\u00e0 gauche certain.e.s se refusent parfois \u00e0 voir c&rsquo;est que le retour de l\u2019\u00c9tat gallican (s&rsquo;ing\u00e9rant dans le religieux) \u00e0 l&rsquo;\u0153uvre aujourd&rsquo;hui avec <strong>Macron<\/strong> contre les musulman.e.s signifie d&rsquo;un m\u00eame mouvement l&rsquo;instauration du droit de l\u2019\u00c9tat capitaliste \u00e0 s&rsquo;immiscer de fa\u00e7on invasive, pour le contr\u00f4ler au plus pr\u00e8s de ses d\u00e9sirs totalitaires, dans l&rsquo;ensemble du corps social. Bien au-del\u00e0, \u00e0 terme, des mosqu\u00e9es et des \u00ab\u00a0quartiers\u00a0\u00bb. Combin\u00e9e \u00e0 la policiarisation sauvage de l&rsquo;espace public, comme elle s&rsquo;est manifest\u00e9e contre les <em><strong>Gilets Jaunes<\/strong><\/em>, cette dynamique antila\u00efque-\u00e9tatiste acc\u00e9l\u00e9rerait, si elle n&rsquo;\u00e9tait pas bloqu\u00e9e, la mise en route d&rsquo;un \u00c9tat d&rsquo;exception o\u00f9 ce ne seraient pas que les musulman.e.s qui en subiraient les cons\u00e9quences d\u00e9l\u00e9t\u00e8res.<\/p>\n<p>LP34\u00a0 contact :<\/p>\n<p align=\"CENTER\"><b>F\u00e9d\u00e9ration Unie de l\u2019H\u00e9rault<\/b><\/p>\n<p align=\"CENTER\">Espace Martin Luther King, 27 Boulevard Louis Blanc, 34000 Montpellier<\/p>\n<p align=\"CENTER\"><span lang=\"en-US\">M\u00e9l\u00a0: <\/span><a href=\"mailto:groupeunivlp34@yahoo.com\" target=\"_blank\" rel=\"noopener noreferrer\"><span lang=\"en-US\">groupeunivlp34@yahoo.com<\/span><\/a><span lang=\"zxx\"><u><span lang=\"en-US\">;<a href=\"http:\/\/www.facebook.com\/lp34universites.fr\" target=\"_blank\" rel=\"noopener noreferrer\"> Blog : www.facebook.com\/lp34universites.fr<\/a><\/span><\/u><\/span><\/p>\n","protected":false},"excerpt":{"rendered":"<div class=\"mh-excerpt\"><p>Interview r\u00e9alis\u00e9 par la F\u00e9d\u00e9ration de l\u2019H\u00e9rault de la Libre Pens\u00e9e La loi dite \u00ab S\u00e9paratisme \u00bb (rebaptis\u00e9 \u00ab confortant les principes r\u00e9publicains \u00bb) va <a class=\"mh-excerpt-more\" href=\"https:\/\/blog.fnlp.fr\/?p=587\" title=\"Interview de Antoine Rabadan, membre du NPA34\">[&#8230;]<\/a><\/p>\n<\/div>","protected":false},"author":1,"featured_media":584,"comment_status":"closed","ping_status":"closed","sticky":false,"template":"","format":"standard","meta":{"footnotes":""},"categories":[7,29,3,54],"tags":[],"class_list":["post-587","post","type-post","status-publish","format-standard","has-post-thumbnail","hentry","category-actualite","category-democratie-et-republique","category-laicite","category-lp-herault"],"_links":{"self":[{"href":"https:\/\/blog.fnlp.fr\/index.php?rest_route=\/wp\/v2\/posts\/587","targetHints":{"allow":["GET"]}}],"collection":[{"href":"https:\/\/blog.fnlp.fr\/index.php?rest_route=\/wp\/v2\/posts"}],"about":[{"href":"https:\/\/blog.fnlp.fr\/index.php?rest_route=\/wp\/v2\/types\/post"}],"author":[{"embeddable":true,"href":"https:\/\/blog.fnlp.fr\/index.php?rest_route=\/wp\/v2\/users\/1"}],"replies":[{"embeddable":true,"href":"https:\/\/blog.fnlp.fr\/index.php?rest_route=%2Fwp%2Fv2%2Fcomments&post=587"}],"version-history":[{"count":1,"href":"https:\/\/blog.fnlp.fr\/index.php?rest_route=\/wp\/v2\/posts\/587\/revisions"}],"predecessor-version":[{"id":589,"href":"https:\/\/blog.fnlp.fr\/index.php?rest_route=\/wp\/v2\/posts\/587\/revisions\/589"}],"wp:featuredmedia":[{"embeddable":true,"href":"https:\/\/blog.fnlp.fr\/index.php?rest_route=\/wp\/v2\/media\/584"}],"wp:attachment":[{"href":"https:\/\/blog.fnlp.fr\/index.php?rest_route=%2Fwp%2Fv2%2Fmedia&parent=587"}],"wp:term":[{"taxonomy":"category","embeddable":true,"href":"https:\/\/blog.fnlp.fr\/index.php?rest_route=%2Fwp%2Fv2%2Fcategories&post=587"},{"taxonomy":"post_tag","embeddable":true,"href":"https:\/\/blog.fnlp.fr\/index.php?rest_route=%2Fwp%2Fv2%2Ftags&post=587"}],"curies":[{"name":"wp","href":"https:\/\/api.w.org\/{rel}","templated":true}]}}