{"id":590,"date":"2021-01-10T19:40:40","date_gmt":"2021-01-10T18:40:40","guid":{"rendered":"https:\/\/blog.fnlp.fr\/?p=590"},"modified":"2021-01-10T19:40:40","modified_gmt":"2021-01-10T18:40:40","slug":"interview-de-rene-revol-maire-de-grabels","status":"publish","type":"post","link":"https:\/\/blog.fnlp.fr\/?p=590","title":{"rendered":"Interview de Ren\u00e9 Revol, maire de Grabels"},"content":{"rendered":"<h2>Interview r\u00e9alis\u00e9 par la F\u00e9d\u00e9ration de l\u2019H\u00e9rault de la Libre Pens\u00e9e<\/h2>\n<blockquote><p><strong>La loi dite \u00ab S\u00e9paratisme \u00bb (rebaptis\u00e9 \u00ab confortant les principes r\u00e9publicains \u00bb) va passer en proc\u00e9dure acc\u00e9l\u00e9r\u00e9e \u00e0 l\u2019Assembl\u00e9e Nationale et au S\u00e9nat. Elle suscite de nombreuses r\u00e9actions. Nous avons d\u00e9cid\u00e9 de r\u00e9aliser des interviews de responsables politiques et associatifs qui partagent avec nous certaines\u00a0 valeurs<\/strong>.<\/p><\/blockquote>\n<p><span style=\"color: #ff0000;\"><em><strong>La loi dite sur le s\u00e9paratisme va passer \u00e0 l\u2019assembl\u00e9e nationale, quelle en est ta lecture ?<\/strong><\/em><\/span><\/p>\n<p><img loading=\"lazy\" decoding=\"async\" class=\"alignleft  wp-image-591\" src=\"https:\/\/blog.fnlp.fr\/wp-content\/uploads\/2021\/01\/revol-273x300.jpg\" alt=\"\" width=\"201\" height=\"221\" \/>Il existe un risque que cette loi soit une loi qui, sous pr\u00e9texte de rappeler les \u00ab<em> valeurs de la R\u00e9publique<\/em> \u00bb, serve en fait \u00e0 discriminer une partie de la population en fonction de ses convictions religieuses. Cela participe d\u2019une campagne pour utiliser l\u2019islamisme radical afin de l\u2019assimiler \u00e0 tous les musulmans, ce qui conforte le nationalisme x\u00e9nophobe repr\u00e9sent\u00e9 par l\u2019extr\u00eame-droite. Ce faisant, cela remet en cause la la\u00efcit\u00e9 de la R\u00e9publique, qui a pour but de faire respecter une stricte s\u00e9paration entre l\u2019Etat et les religions. Cela pourrait aboutir paradoxalement \u00e0 d\u00e9l\u00e9gitimer la lutte n\u00e9cessaire contre l\u2019islamisme radical, qui est avec l\u2019extr\u00eame-droite aujourd\u2019hui une autre forme des fascismes contemporains.<\/p>\n<p><span style=\"color: #ff0000;\"><em><strong>Jean-Luc M\u00e9lenchon aux c\u00f4t\u00e9s d\u2019Alexis Corbi\u00e8res, a annonc\u00e9 un combat d\u2019amendement du groupe parlementaire, sur quoi va porter le fer ?<\/strong><\/em><\/span><\/p>\n<p>Le combat parlementaire permet de rendre visible une mobilisation qui doit se faire dans toute la soci\u00e9t\u00e9 contre cette loi. Il vise \u00e0 mettre en \u00e9vidence la discrimination pr\u00e9sente dans cette loi et sa remise en cause de la la\u00efcit\u00e9.<\/p>\n<p><em><strong>Le d\u00e9bat parlementaire suffira-t-il face \u00e0 une majorit\u00e9 qui semble ne pas \u00eatre perm\u00e9able \u00e0 grand-chose ?<\/strong><\/em><\/p>\n<p>L\u2019objectif du combat parlementaire n\u2019est pas de changer le plomb en or, de transformer les macronistes en r\u00e9publicains la\u00efques. Il a pour objectif de faire appara\u00eetre les contradictions, de cr\u00e9er des br\u00e8ches et de conforter par l\u00e0-m\u00eame des mobilisations la\u00efques et populaires.<\/p>\n<p><span style=\"color: #ff0000;\"><em><strong>La question de la la\u00efcit\u00e9 n\u2019est pas toujours bien comprise, faut-il \u00e9galement expliquer ou r\u00e9- expliquer la loi de 1905 ?<\/strong><\/em><\/span><\/p>\n<p>Le d\u00e9voiement de la notion de la\u00efcit\u00e9 par l\u2019extr\u00eame-droite pour en faire une arme contre une partie de la population implique \u00e0 l\u2019\u00e9vidence l\u2019imp\u00e9rieuse n\u00e9cessit\u00e9 de promouvoir et de d\u00e9fendre la la\u00efcit\u00e9 dans l\u2019espace public dans son acception exacte. La la\u00efcit\u00e9 de la R\u00e9publique implique trois piliers fondamentaux. Premi\u00e8rement, la d\u00e9fense inconditionnelle et absolue de la libert\u00e9 de conscience pour chaque citoyen. Cela signifie la libert\u00e9 d\u2019avoir des convictions religieuses ou pas, d\u2019avoir telle ou telle conception philosophique. Cela implique la libert\u00e9 du culte, comme participant d\u2019une soci\u00e9t\u00e9 de libert\u00e9s. Deuxi\u00e8mement, il en d\u00e9coule la n\u00e9cessit\u00e9 absolue de la s\u00e9paration entre l\u2019Eglise et l\u2019Etat. Les Eglises et la religion participent de la sph\u00e8re priv\u00e9e et ne doivent en aucun cas participer \u00e0 la d\u00e9cision publique.<\/p>\n<p>L\u2019\u00c9tat, en R\u00e9publique, est au service de l\u2019int\u00e9r\u00eat g\u00e9n\u00e9ral, du bien commun de tous, quelles que soient les convictions religieuses ou philosophiques des citoyens. Troisi\u00e8mement, il en d\u00e9coule la neutralit\u00e9 du service public. Les fonctionnaires doivent \u00eatre recrut\u00e9s en fonction de leur m\u00e9rite et de leur talent, non en fonction de leurs convictions religieuses. Celles-ci ne doivent par ailleurs pas \u00eatre manifest\u00e9es lorsqu\u2019ils incarnent la R\u00e9publique dans le cadre de leurs fonctions. C\u2019est ainsi ce qui permet aux enfants d\u2019\u00eatre prot\u00e9g\u00e9s contre l\u2019influence de telle ou telle religion \u00e0 l\u2019\u00e9cole, lorsqu\u2019ils acqui\u00e8rent les savoirs fondamentaux leur permettant de devenir des citoyens libres. En cons\u00e9quence, la la\u00efcit\u00e9 est \u00e9troitement reli\u00e9e aux deux principes de libert\u00e9 et d\u2019\u00e9galit\u00e9 qui sont au fondement de notre R\u00e9publique.<\/p>\n<p><span style=\"color: #ff0000;\"><em><strong>Les maires sont aux premi\u00e8res loges pour d\u00e9fendre et faire appliquer la la\u00efcit\u00e9, n\u2019y a-t-il pas des tentations pour instrumentaliser la religion ces derni\u00e8res ann\u00e9es ?<\/strong><\/em><\/span><\/p>\n<p>Le maire est avant tout l\u2019expression communale de la R\u00e9publique. Il doit donc en garantir les valeurs fondatrices, \u00e0 commencer par celle de la\u00efcit\u00e9. Cela n\u00e9cessite une pratique de stricte s\u00e9paration avec les religions et leurs Eglises, en respectant les croyances de chacun et en permettant \u00e0 la libert\u00e9 de conscience, dont fait partie la libert\u00e9 du culte, de pouvoir s\u2019exercer librement. Il doit particuli\u00e8rement veiller au respect de la la\u00efcit\u00e9 dans les \u00e9coles primaires qui constituent pour leur construction comme pour leur animation p\u00e9riscolaire une comp\u00e9tence communale exclusive.<\/p>\n<p>&nbsp;<\/p>\n<p>LP34\u00a0 contact :<\/p>\n<p align=\"CENTER\"><b>F\u00e9d\u00e9ration Unie de l\u2019H\u00e9rault<\/b><\/p>\n<p align=\"CENTER\">Espace Martin Luther King, 27 Boulevard Louis Blanc, 34000 Montpellier<\/p>\n<p align=\"CENTER\"><span lang=\"en-US\">M\u00e9l\u00a0: <\/span><a href=\"mailto:groupeunivlp34@yahoo.com\" target=\"_blank\" rel=\"noopener noreferrer\"><span lang=\"en-US\">groupeunivlp34@yahoo.com<\/span><\/a><span lang=\"zxx\"><u><span lang=\"en-US\">; <\/span><\/u><\/span><\/p>\n<p align=\"CENTER\"><span lang=\"zxx\"><u><span lang=\"en-US\"><a href=\"http:\/\/www.facebook.com\/lp34universites.fr\" target=\"_blank\" rel=\"noopener noreferrer\">Blog : www.facebook.com\/lp34universites.fr<\/a><\/span><\/u><\/span><\/p>\n","protected":false},"excerpt":{"rendered":"<div class=\"mh-excerpt\"><p>Interview r\u00e9alis\u00e9 par la F\u00e9d\u00e9ration de l\u2019H\u00e9rault de la Libre Pens\u00e9e La loi dite \u00ab S\u00e9paratisme \u00bb (rebaptis\u00e9 \u00ab confortant les principes r\u00e9publicains \u00bb) va <a class=\"mh-excerpt-more\" href=\"https:\/\/blog.fnlp.fr\/?p=590\" title=\"Interview de Ren\u00e9 Revol, maire de Grabels\">[&#8230;]<\/a><\/p>\n<\/div>","protected":false},"author":1,"featured_media":584,"comment_status":"closed","ping_status":"closed","sticky":false,"template":"","format":"standard","meta":{"footnotes":""},"categories":[7,29,3,54],"tags":[],"class_list":["post-590","post","type-post","status-publish","format-standard","has-post-thumbnail","hentry","category-actualite","category-democratie-et-republique","category-laicite","category-lp-herault"],"_links":{"self":[{"href":"https:\/\/blog.fnlp.fr\/index.php?rest_route=\/wp\/v2\/posts\/590","targetHints":{"allow":["GET"]}}],"collection":[{"href":"https:\/\/blog.fnlp.fr\/index.php?rest_route=\/wp\/v2\/posts"}],"about":[{"href":"https:\/\/blog.fnlp.fr\/index.php?rest_route=\/wp\/v2\/types\/post"}],"author":[{"embeddable":true,"href":"https:\/\/blog.fnlp.fr\/index.php?rest_route=\/wp\/v2\/users\/1"}],"replies":[{"embeddable":true,"href":"https:\/\/blog.fnlp.fr\/index.php?rest_route=%2Fwp%2Fv2%2Fcomments&post=590"}],"version-history":[{"count":1,"href":"https:\/\/blog.fnlp.fr\/index.php?rest_route=\/wp\/v2\/posts\/590\/revisions"}],"predecessor-version":[{"id":592,"href":"https:\/\/blog.fnlp.fr\/index.php?rest_route=\/wp\/v2\/posts\/590\/revisions\/592"}],"wp:featuredmedia":[{"embeddable":true,"href":"https:\/\/blog.fnlp.fr\/index.php?rest_route=\/wp\/v2\/media\/584"}],"wp:attachment":[{"href":"https:\/\/blog.fnlp.fr\/index.php?rest_route=%2Fwp%2Fv2%2Fmedia&parent=590"}],"wp:term":[{"taxonomy":"category","embeddable":true,"href":"https:\/\/blog.fnlp.fr\/index.php?rest_route=%2Fwp%2Fv2%2Fcategories&post=590"},{"taxonomy":"post_tag","embeddable":true,"href":"https:\/\/blog.fnlp.fr\/index.php?rest_route=%2Fwp%2Fv2%2Ftags&post=590"}],"curies":[{"name":"wp","href":"https:\/\/api.w.org\/{rel}","templated":true}]}}