{"id":593,"date":"2021-01-10T19:47:24","date_gmt":"2021-01-10T18:47:24","guid":{"rendered":"https:\/\/blog.fnlp.fr\/?p=593"},"modified":"2021-01-10T19:47:24","modified_gmt":"2021-01-10T18:47:24","slug":"interview-dun-representant-de-lassociation-rencontres-marx","status":"publish","type":"post","link":"https:\/\/blog.fnlp.fr\/?p=593","title":{"rendered":"Interview d&rsquo;un repr\u00e9sentant de l&rsquo;association Rencontres Marx"},"content":{"rendered":"<h2>Interview r\u00e9alis\u00e9 par la F\u00e9d\u00e9ration de l\u2019H\u00e9rault de la Libre Pens\u00e9e<\/h2>\n<blockquote><p><strong>La loi dite \u00ab S\u00e9paratisme \u00bb (rebaptis\u00e9 \u00ab confortant les principes r\u00e9publicains \u00bb) va passer en proc\u00e9dure acc\u00e9l\u00e9r\u00e9e \u00e0 l\u2019Assembl\u00e9e Nationale et au S\u00e9nat. Elle suscite de nombreuses r\u00e9actions. Nous avons d\u00e9cid\u00e9 de r\u00e9aliser des interviews de responsables politiques et associatifs qui partagent avec nous certaines\u00a0 valeurs<\/strong>.<\/p><\/blockquote>\n<p>Le grand d\u00e9bat pour une la\u00efcit\u00e9 du XXI\u00e9me si\u00e8cle, \u00e0 peine amorc\u00e9, s&rsquo;inscrit dans un d\u00e9bat encore plus important, la place des quartiers populaires dans le rassemblement, si difficile \u00e0 r\u00e9aliser. Nous interpr\u00e9tons les lois sur les libert\u00e9s et la la\u00efcit\u00e9 comme une tentative r\u00e9it\u00e9r\u00e9e pour assurer la police des esprits dans une p\u00e9riode o\u00f9 les Fran\u00e7ais ne se laissent plus si facilement convaincre et o\u00f9 la tentation du passage en force para\u00eet \u00e0 Macron et \u00e0 son \u00e9quipe comme la seule solution. Cela exige d&rsquo;\u00e9carter les couches qui souffrent le plus du lib\u00e9ralisme du d\u00e9bat politique en utilisant les contradictions au sein de ces couches. Il faut diviser, car l&rsquo;union est un p\u00e9ril mortel, cliver sur de faux probl\u00e8mes, surfer sur les tendances n\u00e9gatives qui traversent la soci\u00e9t\u00e9 fran\u00e7aise, comme le racisme. En somme une facette plus soft que les matraquages, la r\u00e9pression syndicale, et les yeux crev\u00e9s des manifestants.<\/p>\n<p>L&rsquo;instrumentalisation macronienne de la la\u00efcit\u00e9 est un des aspects de la formidable bataille id\u00e9ologique. Il est inutile de revenir sur ce qui nous unit profond\u00e9ment sur ce sujet \u00e0 <strong>la Libre Pens\u00e9e<\/strong>. Le deux poids deux mesures est dirig\u00e9 contre la seule religion musulmane, c&rsquo;est l\u2019\u00c9tat qui doit \u00eatre la\u00efque et non les citoyens, obliger les Associations \u00e0 adh\u00e9rer \u00e0 une charte gouvernementale est le contraire de la loi de 1905.<\/p>\n<p>La la\u00efcit\u00e9 est une valeur de gauche. R\u00e9tr\u00e9cie \u00e0 l&rsquo;ath\u00e9isme, elle peut devenir une valeur r\u00e9actionnaire. Le porc obligatoire dans les menus de cantine, l&rsquo;interdiction de tel ou tel v\u00eatement, l&rsquo;obligation faite \u00e0 une communaut\u00e9 de renoncer \u00e0 ce \u00e0 quoi elle croit, le contr\u00f4le de la religion par l\u2019\u00c9tat, comme le vise <strong>Macron<\/strong> pour l\u2019Islam, ne font pas partie de la loi de 1905 qui autorisait soutanes et cornettes et n&rsquo;imposait pas le culte de l&rsquo;\u00eatre supr\u00eame. <strong>Le Pen<\/strong> n&rsquo;est pas la\u00efque mais se revendique de la la\u00efcit\u00e9. C&rsquo;est une escroquerie.<\/p>\n<p>La la\u00efcit\u00e9 au XXI\u00e9me si\u00e8cle doit m\u00ealer la justice sociale, la fin des discriminations de genre ou ethniques ou de croyance, la libert\u00e9 de pens\u00e9e, \u00e0 l&rsquo;attitude de l\u2019\u00c9tat vis-\u00e0-vis des religions. Et non servir \u00e0 approfondir le \u00ab<em> s\u00e9paratisme<\/em> \u00bb, \u00e0 remettre en question l\u2019identit\u00e9 nationale, \u00e0 d\u00e9finir un ennemi int\u00e9rieur. Une la\u00efcit\u00e9 qui divise n&rsquo;est pas la n\u00f4tre. Elle doit prendre en compte l\u2019Islam, deuxi\u00e8me religion de France aujourd\u2019hui.<\/p>\n<p>Par ses statuts et sa raison d&rsquo;\u00eatre <em><strong>Rencontres Marx<\/strong><\/em> ne s&rsquo;inscrit pas dans les d\u00e9bats parlementaires. Bien entendu la loi de 1905 vaut mieux que les lois macroniennes liberticides qui n&rsquo;ont pas lieu d&rsquo;\u00eatre. Mais c&rsquo;est d&rsquo;une tout autre loi que devra accoucher le mouvement populaire, lorsqu&rsquo;il parviendra \u00e0 s&rsquo;unir, non les seules couches moyennes, mais la partie du peuple qui subit dans toute sa violence le lib\u00e9ralisme, c\u2019est-\u00e0-dire l&rsquo;immense majorit\u00e9 des fran\u00e7ais et fran\u00e7aises, dans la diversit\u00e9 et non l&rsquo;uniformit\u00e9. Et l&rsquo;outil, en attendant d&rsquo;\u00eatre majoritaires reste avant tout la bataille d&rsquo;id\u00e9es et les initiatives qui ont d\u00e9j\u00e0 contraint Macron \u00e0 quelques reculs.<\/p>\n<p>C\u2019est sur ces bases que nous avons particip\u00e9 \u00e0 l\u2019appel lanc\u00e9 \u00e0 Montpellier contre la \u00ab <em><strong>charte de la la\u00efcit\u00e9<\/strong> <\/em>\u00bb que le Maire de Montpellier impose de signer aux associations sous peine de ne pas avoir de subvention. A noter que cette \u00ab<em><strong> charte de la la\u00efcit\u00e9<\/strong><\/em> \u00bb exig\u00e9e des associations n\u2019est pas impos\u00e9e aux entreprises, institutions &#8230;<\/p>\n<p>&nbsp;<\/p>\n<p>LP34\u00a0 contact :<\/p>\n<p align=\"CENTER\"><b>F\u00e9d\u00e9ration Unie de l\u2019H\u00e9rault<\/b><\/p>\n<p align=\"CENTER\">Espace Martin Luther King, 27 Boulevard Louis Blanc, 34000 Montpellier<\/p>\n<p align=\"CENTER\"><span lang=\"en-US\">M\u00e9l\u00a0: <\/span><a href=\"mailto:groupeunivlp34@yahoo.com\" target=\"_blank\" rel=\"noopener noreferrer\"><span lang=\"en-US\">groupeunivlp34@yahoo.com<\/span><\/a><span lang=\"zxx\"><u><span lang=\"en-US\">; <\/span><\/u><\/span><\/p>\n<p align=\"CENTER\"><span lang=\"zxx\"><u><span lang=\"en-US\"><a href=\"http:\/\/www.facebook.com\/lp34universites.fr\" target=\"_blank\" rel=\"noopener noreferrer\">Blog : www.facebook.com\/lp34universites.fr<\/a><\/span><\/u><\/span><\/p>\n","protected":false},"excerpt":{"rendered":"<div class=\"mh-excerpt\"><p>Interview r\u00e9alis\u00e9 par la F\u00e9d\u00e9ration de l\u2019H\u00e9rault de la Libre Pens\u00e9e La loi dite \u00ab S\u00e9paratisme \u00bb (rebaptis\u00e9 \u00ab confortant les principes r\u00e9publicains \u00bb) va <a class=\"mh-excerpt-more\" href=\"https:\/\/blog.fnlp.fr\/?p=593\" title=\"Interview d&rsquo;un repr\u00e9sentant de l&rsquo;association Rencontres Marx\">[&#8230;]<\/a><\/p>\n<\/div>","protected":false},"author":1,"featured_media":584,"comment_status":"closed","ping_status":"closed","sticky":false,"template":"","format":"standard","meta":{"footnotes":""},"categories":[7,29,3,54],"tags":[],"class_list":["post-593","post","type-post","status-publish","format-standard","has-post-thumbnail","hentry","category-actualite","category-democratie-et-republique","category-laicite","category-lp-herault"],"_links":{"self":[{"href":"https:\/\/blog.fnlp.fr\/index.php?rest_route=\/wp\/v2\/posts\/593","targetHints":{"allow":["GET"]}}],"collection":[{"href":"https:\/\/blog.fnlp.fr\/index.php?rest_route=\/wp\/v2\/posts"}],"about":[{"href":"https:\/\/blog.fnlp.fr\/index.php?rest_route=\/wp\/v2\/types\/post"}],"author":[{"embeddable":true,"href":"https:\/\/blog.fnlp.fr\/index.php?rest_route=\/wp\/v2\/users\/1"}],"replies":[{"embeddable":true,"href":"https:\/\/blog.fnlp.fr\/index.php?rest_route=%2Fwp%2Fv2%2Fcomments&post=593"}],"version-history":[{"count":1,"href":"https:\/\/blog.fnlp.fr\/index.php?rest_route=\/wp\/v2\/posts\/593\/revisions"}],"predecessor-version":[{"id":594,"href":"https:\/\/blog.fnlp.fr\/index.php?rest_route=\/wp\/v2\/posts\/593\/revisions\/594"}],"wp:featuredmedia":[{"embeddable":true,"href":"https:\/\/blog.fnlp.fr\/index.php?rest_route=\/wp\/v2\/media\/584"}],"wp:attachment":[{"href":"https:\/\/blog.fnlp.fr\/index.php?rest_route=%2Fwp%2Fv2%2Fmedia&parent=593"}],"wp:term":[{"taxonomy":"category","embeddable":true,"href":"https:\/\/blog.fnlp.fr\/index.php?rest_route=%2Fwp%2Fv2%2Fcategories&post=593"},{"taxonomy":"post_tag","embeddable":true,"href":"https:\/\/blog.fnlp.fr\/index.php?rest_route=%2Fwp%2Fv2%2Ftags&post=593"}],"curies":[{"name":"wp","href":"https:\/\/api.w.org\/{rel}","templated":true}]}}