{"id":605,"date":"2020-12-02T18:16:33","date_gmt":"2020-12-02T17:16:33","guid":{"rendered":"https:\/\/blog.fnlp.fr\/?p=605"},"modified":"2021-05-03T18:24:45","modified_gmt":"2021-05-03T16:24:45","slug":"deshonneur-dintellectuels","status":"publish","type":"post","link":"https:\/\/blog.fnlp.fr\/?p=605","title":{"rendered":"D\u00e9shonneur d\u2019intellectuels ?*"},"content":{"rendered":"<p style=\"text-align: right;\"><i>Les intellectuels sont port\u00e9s au totalitarisme bien plus que les gens ordinaires<\/i> \u2013<br \/>\n(<b> George Orwell<\/b>)<\/p>\n<p>Ils sont partout, dans les journaux, les revues, les radios, sur les plateaux de t\u00e9l\u00e9vision. On ne voit qu\u2019eux. D\u00e8s qu\u2019il y a une mauvaise cause \u00e0 d\u00e9fendre, ils sont l\u00e0. Ils sont comme les U-Boats d\u2019une pens\u00e9e unique qui a honte d\u2018elle-m\u00eame : ils chassent en meute. Et ils tirent des torpilles toujours sous la ligne de flottaison de la raison humaine.<\/p>\n<p>Entre un journaliste aux ordres sur des m\u00e9dias aux mains des milliardaires et des \u00ab\u00a0<i>docteurs<\/i>\u00a0\u00bb pr\u00e9sent\u00e9s comme des \u00ab\u00a0<i>sp\u00e9cialistes<\/i>\u00a0\u00bb qui ne sont jamais d\u2019accord entre eux, on ajoute des \u00ab\u00a0<i>commentateurs<\/i>\u00a0\u00bb de droite, de gauche, voire d\u2019extr\u00eame-gauche ou d\u2018extr\u00eame-droite\u00a0; on secoue bien dans le shakeur, et on obtient un plateau de t\u00e9l\u00e9vision <i>mainstream<\/i>.<\/p>\n<p>N\u2019allez pas croire que ces \u00ab\u00a0<i>intellectuels<\/i>\u00a0\u00bb de service et au service des grands de ce monde passent les plats d\u2019un monde faisand\u00e9 par pure philanthropie. Ils per\u00e7oivent bien plus que le pourboire aux laquais. Ce sont des domestiques de premi\u00e8re classe.<\/p>\n<p>Apr\u00e8s une solide tirade contre les \u00ab\u00a0<i>islamistes\u00a0<\/i>\u00bb ou pr\u00e9suppos\u00e9s tels, on en voit ainsi une qui ne cesse de pourfendre les musulmans, avec ses atours \u00ab\u00a0<i>f\u00e9ministes<\/i>\u00a0\u00bb comme une robe de haute couture, aller quand m\u00eame percevoir des millions pour ses contrats d\u2019autres musulmans, princes de leur \u00e9tat dans la p\u00e9ninsule arabique. Que dis-je\u00a0: un roc, un cap, un pic de p\u00e9pites bien sonnantes et tr\u00e9buchantes. Il ne faut quand m\u00eame pas confondre les princes et les riches avec les gueux, les fellahs, les ouvriers, les paysans. On n\u2019est pas du m\u00eame monde.<\/p>\n<p>Tout \u00e0 ses phobies qu\u2019il dresse comme un \u00e9tendard, un autre n\u2019est jamais avare d\u2019une pr\u00e9tention \u00e0 d\u00e9biter du haut de son pi\u00e9destal. Et il n\u2019y a pas que le pied de stal. Il n\u2019oublie pas de passer \u00e0 la caisse \u00e0 la fin de sa prestation pour toucher les jetons de pr\u00e9sence. Que voulez-vous, il faut bien vivre.<\/p>\n<p>Quel spectacle que <i><b>T\u00e9l\u00e9-fachos<\/b><\/i>\u00a0! Un pr\u00e9sentateur, dont on comprend bien pourquoi <i><b>Bernard Tapie<\/b><\/i> lui a mis un coup de boule un jour, se vautre dans le t\u00e9l\u00e9visuel comme une fille de joie n\u2019oserait pas le faire dans le lit de son client. Malgr\u00e9 tous ses vices de petite vertu, il en pince pour <i><b>le Cr\u00e9ateur<\/b><\/i>. En 2014, quand <b>la Libre Pens\u00e9e<\/b> \u00ab\u00a0fait le buzz\u00a0\u00bb \u00e0 propos de son combat contre la pr\u00e9sence des cr\u00e8ches dans les b\u00e2timents publics, il p\u00e9rore\u00a0:\u00a0\u00ab\u00a0<i>On ne sait pas o\u00f9 mettre les cr\u00e8ches, mais on sait o\u00f9 sont les \u00e2nes.<\/i>\u00a0\u00bb. On n\u2019oubliera pas.<\/p>\n<p>Il en faut pour tous les go\u00fbts et surtout pour tous les d\u00e9go\u00fbts, voire tous les \u00e9gouts. Il en est un, un v\u00e9ritable muezzin qui appelle \u00e0 la haine, aux croisades, qui soutient m\u00eame les massacreurs de ses coreligionnaires en Alg\u00e9rie nagu\u00e8re et qui exhibe ses condamnations pour racisme comme des m\u00e9dailles de g\u00e9n\u00e9ral sovi\u00e9tique \u00e0 la belle \u00e9poque. A <i><b>T\u00e9l\u00e9-fachos<\/b><\/i>, on est des demi-\u00e9cologistes\u00a0: on ne trie pas les d\u00e9chets qu\u2019on jette \u00e0 la face du monde tous les soirs \u00e0 partir de 18H30, mais on sait recycler les ordures.<\/p>\n<p>Tous ces gens-l\u00e0 en pourfendant le <i><b>Sarrasin<\/b><\/i> d\u00e9clament qu\u2019il faut d\u00e9fendre \u00ab\u00a0<i>notre<\/i>\u00a0\u00bb civilisation, celle de <b>l\u2019Occident chr\u00e9tien<\/b> qui unit la Patrie avec Dieu. Leur dieu. Ces Oblats ne voient pas plus loin que leur missel et leur Bible.<\/p>\n<p>N\u2019oublions pas dans notre<i><b> Inventaire<\/b><\/i> \u00e0 la <b>Pr\u00e9vert<\/b>, le <i>Raton-laveur.<\/i> Il n\u2019a que des r\u00e9f\u00e9rences philosophiques de haute vol\u00e9e \u00e0 la bouche (de <b>Condorcet<\/b> \u2013 dont on ne sait pas trop bien ce qu\u2019il fait dans cette gal\u00e8re\u00a0; \u00e0 <b>P\u00e9guy<\/b> \u2013 dont on comprend bien pourquoi ce sabreur d\u2019intelligence est l\u00e0), mais il n\u2019a jamais r\u00eav\u00e9 que d\u2019\u00eatre ministre de l\u2019\u00c9ducation. Ma conscience pour un poste\u00a0! Qu\u2019il ne soit pas le seul dans cet ar\u00e9opage n\u2019enl\u00e8ve rien \u00e0 ses m\u00e9rites. Combien de bourricots n\u2019a-t-il pas \u00e9reint\u00e9 sous sa cravache assoiff\u00e9e d\u2019ambitions\u00a0? Toujours partant, jamais arriv\u00e9.<\/p>\n<p>Cette cat\u00e9gorie d\u2019anciens ministres, de futurs ministrables, de conseillers occultes en tout genre de cabinets, est extensible \u00e0 souhait. Certains ne sont que des initiales, d\u2019autres essaient de se faire un pr\u00e9nom, car leur nom patronymique \u00e9voque bien autre chose. Il y a beaucoup d\u2019appel\u00e9s, et peu seront \u00e9lus. Il y a donc urgence \u00e0 se placer sous la banni\u00e8re du Prince.<\/p>\n<p><span class=\"inter-titre-gris\">Obin, marri**<\/span><\/p>\n<p>Tous ces gens-l\u00e0, quel que soit leur bord politique, se retrouvent tous unis pour tomber en p\u00e2moison devant le livre de <b>Jean-Pierre Obin<\/b> \u00ab\u00a0<i>Comment l\u2019islamisme a p\u00e9n\u00e9tr\u00e9 l\u2019Ecole\u00a0<\/i>\u00bb. <a title=\"analyse ouvrage JP Obin\" href=\"\/libre-pensee\/blog\/190920\/le-livre-de-jean-pierre-obin-une-veritable-aubaine-pour-la-reaction\" target=\"_blank\" rel=\"noopener noreferrer\">Je renvoie \u00e0 mon analyse de cet \u00ab\u00a0ouvrage<\/a><\/p>\n<p>Celui-ci est fort marri pourtant de ne pas encore trouver la cons\u00e9cration officielle de chasseurs de scalps musulmans qu\u2019il convoite tant. Pourtant, il se donne de la peine. Ne termine-t-il pas son livre en \u00e9crivant\u00a0: \u00ab\u00a0<i>Comme ils<\/i>\u00a0(les populistes. NDLR)\u00a0<i>ont partout dans le monde le vent en poupe, en France, les d\u00e9mocrates n\u2019ont pour l\u2019instant d\u2019autre choix raisonnable, pour s\u2019opposer \u00e0 cette perspective calamiteuse, que de soutenir <b>Emmanuel Macron<\/b><\/i>.\u00a0\u00bb Macron, nous voil\u00e0\u00a0!<\/p>\n<p>Nous tenons l\u00e0 la cl\u00e9 de tout ce barnum et de ce buzz permanent\u00a0: frayer la voie \u00e0 un nouveau mandat d\u2019<b>Emmanuel Macron<\/b>, digne fils des J\u00e9suites,\u00a0 de <b>Mounier<\/b> (celui qui a t\u00e9moign\u00e9 en faveur de l\u2019assassin de <b>Jean Jaur\u00e8s<\/b>) et de <b>Ric\u0153ur<\/b> (<i>un Ric\u0153ur, sinon rien\u00a0!<\/i>)<\/p>\n<p>Bien entendu, il ne saurait \u00eatre question de classer tous les intellectuels dans cette description. Beaucoup sont encore l\u2019honneur de la conscience humaine. Mais ces \u00ab<i>\u00a0intellectuels<\/i>\u00a0\u00bb dont nous d\u00e9crivons le comportement pourraient bien remplacer ceux que <b>Benjamin P\u00e9ret<\/b> d\u00e9non\u00e7ait en 1945 dans <i><b>Le D\u00e9shonneur des po\u00e8tes<\/b><\/i>. Il suffit de remplacer le mot \u00ab\u00a0<i>po\u00e8te<\/i>\u00a0\u00bb par \u00ab\u00a0<i>intellectuel\u00a0<\/i>\u00bb Laissons-lui la parole\u00a0:<\/p>\n<p>\u00ab\u00a0<i>Mais le po\u00e8te n\u2019a pas \u00e0 entretenir chez autrui une illusoire esp\u00e9rance humaine ou c\u00e9leste, ni \u00e0 d\u00e9sarmer les esprits en leur insufflant une confiance sans limite en un p\u00e8re ou un chef contre qui toute critique devient sacril\u00e8ge. Tout au contraire, c\u2019est \u00e0 lui de prononcer les paroles toujours sacril\u00e8ges et les blasph\u00e8mes permanents. Le po\u00e8te doit d\u2019abord prendre conscience de sa nature et de sa place dans le monde. Inventeur pour qui la d\u00e9couverte n\u2019est que le moyen d\u2019atteindre une nouvelle d\u00e9couverte, il doit combattre sans rel\u00e2che les dieux paralysants acharn\u00e9s \u00e0 maintenir l\u2019homme dans sa servitude \u00e0 l\u2019\u00e9gard des puissances sociales et de la divinit\u00e9 qui se compl\u00e8tent mutuellement. Il sera donc r\u00e9volutionnaire, mais non de ceux qui s\u2019opposent au tyran d\u2019aujourd\u2019hui, n\u00e9faste \u00e0 leurs yeux parce qu\u2019il dessert leurs int\u00e9r\u00eats, pour vanter l\u2019excellence de l\u2019oppresseur de demain, dont ils se sont d\u00e9j\u00e0 constitu\u00e9s les serviteurs.<\/i><\/p>\n<p><i>Non, le po\u00e8te lutte contre toute oppression\u00a0: celle de l\u2019homme par l\u2019homme d\u2019abord et l\u2019oppression de sa pens\u00e9e par les dogmes religieux, philosophiques ou sociaux. Il combat pour que l\u2019homme atteigne une connaissance \u00e0 jamais perfectible de lui-m\u00eame et de l\u2019univers. Il ne s\u2019ensuit pas qu\u2019il d\u00e9sire mettre la po\u00e9sie au service d\u2019une action politique, m\u00eame r\u00e9volutionnaire. Mais sa qualit\u00e9 de po\u00e8te en fait un r\u00e9volutionnaire qui doit combattre sur tous les terrains\u00a0: celui de la po\u00e9sie par les moyens propres \u00e0 celle-ci et sur le terrain de l\u2019action sociale sans jamais confondre les deux champs d\u2019action sous peine de r\u00e9tablir la confusion qu\u2019il s\u2019agit de dissiper et, par suite, de cesser d\u2019\u00eatre po\u00e8te, c\u2019est-\u00e0-dire r\u00e9volutionnaire.<\/i><\/p>\n<p><i>Les guerres comme celle que nous subissons ne sont possibles qu\u2019\u00e0 la faveur d\u2019une conjonction de\u00a0<b>toutes<\/b>\u00a0les forces de r\u00e9gression et signifient, entre autre choses, un arr\u00eat de l\u2019essor culturel mis en \u00e9chec par ces forces de r\u00e9gression que la culture mena\u00e7ait. Ceci est trop \u00e9vident pour qu\u2019il soit n\u00e9cessaire d\u2019insister. De cette d\u00e9faite momentan\u00e9e de la culture d\u00e9coule fatalement un triomphe de l\u2019esprit de r\u00e9action, et, d\u2019abord, de l\u2019obscurantisme religieux, couronnement n\u00e9cessaire de toutes les r\u00e9actions\u2026.<\/i><\/p>\n<p><i>Les uns, devant ces\u00a0<b>ersatz<\/b>, \u00e0 la faveur de la guerre et des conditions de son d\u00e9veloppement, restent d\u00e9sempar\u00e9s, sans autre ressource qu\u2019un retour \u00e0 la foi religieuse pure et simple. Les autres, les estimant insuffisants ou d\u00e9suets, ont cherch\u00e9 soit \u00e0 leur substituer de nouveaux produits mythiques, soit \u00e0 r\u00e9g\u00e9n\u00e9rer les anciens mythes. D\u2019o\u00f9 l\u2019apoth\u00e9ose g\u00e9n\u00e9rale dans le monde, d\u2019une part du christianisme, de la patrie et du chef d\u2019autre part. Mais la patrie et le chef comme la religion, dont ils sont \u00e0 la fois fr\u00e8res et rivaux, n\u2019ont plus de nos jours de moyens de r\u00e9gner sur les esprits que par la contrainte. Leur triomphe pr\u00e9sent, fruit d\u2019un r\u00e9flexe d\u2019autruche, loin de signifier leur \u00e9clatante renaissance, pr\u00e9sage leur fin imminente\u2026<\/i><\/p>\n<p><i>Pas un de ces \u00ab\u00a0po\u00e8mes\u00a0\u00bb ne d\u00e9passe le niveau lyrique de la publicit\u00e9 pharmaceutique et ce n\u2019est pas un hasard si leurs auteurs ont cru devoir, en leur immense majorit\u00e9, revenir \u00e0 la rime et \u00e0 l\u2019alexandrin classiques. La forme et le contenu gardent n\u00e9cessairement entre eux un rapport des plus \u00e9troits et, dans ces \u00ab\u00a0vers\u00a0\u00bb, r\u00e9agissent l\u2019un sur l\u2019autre dans une course \u00e9perdue \u00e0 la pire r\u00e9action. Il est en effet significatif que la plupart de ces textes associent \u00e9troitement le christianisme et le nationalisme comme s\u2019ils voulaient d\u00e9montrer que dogme religieux et dogme nationaliste ont une commune origine et une fonction sociale identique. Le titre m\u00eame de la brochure,\u00a0L\u2019Honneur des po\u00e8tes, consid\u00e9r\u00e9 en regard de son contenu, prend un sens \u00e9tranger \u00e0 toute po\u00e9sie. En d\u00e9finitive, l\u2019honneur de ces \u00ab\u00a0po\u00e8tes\u00a0\u00bb consiste \u00e0 cesser d\u2019\u00eatre des po\u00e8tes pour devenir des agents de publicit\u00e9.<\/i>\u00a0\u00bb<\/p>\n<p><b>Bon app\u00e9tit ! messieurs !<\/b><br \/>\n\u2026\u2026\u2026\u2026\u2026\u2026\u2026\u2026\u2026\u2026\u2026.<br \/>\n<i>\u00d4 ministres int\u00e8gres !<\/i><br \/>\n<i>Conseillers vertueux ! Voil\u00e0 votre fa\u00e7on<\/i><br \/>\n<i>De servir, serviteurs qui pillez la maison !<\/i><br \/>\n<i>Donc vous n\u2019avez pas honte et vous choisissez l\u2019heure,<\/i><br \/>\n<i>L\u2019heure sombre o\u00f9 l\u2019Espagne agonisante pleure !<\/i><br \/>\n<i>Donc vous n\u2019avez pas ici d\u2019autres int\u00e9r\u00eats<\/i><br \/>\n<i>Que remplir votre poche et vous enfuir apr\u00e8s !<\/i><\/p>\n<p>&nbsp;<\/p>\n<p><b>Christian Eyschen<\/b><\/p>\n<p>* En hommage \u00e0 <b>Benjamin P\u00e9ret<\/b><\/p>\n<p>** J\u2019emprunte ce mot d\u2018esprit \u00e0 mon ami <b>Jean-S\u00e9bastien Pierre<\/b>, Pr\u00e9sident de la Libre Pens\u00e9e<\/p>\n","protected":false},"excerpt":{"rendered":"<div class=\"mh-excerpt\"><p>Les intellectuels sont port\u00e9s au totalitarisme bien plus que les gens ordinaires \u2013 ( George Orwell) Ils sont partout, dans les journaux, les revues, les <a class=\"mh-excerpt-more\" href=\"https:\/\/blog.fnlp.fr\/?p=605\" title=\"D\u00e9shonneur d\u2019intellectuels ?*\">[&#8230;]<\/a><\/p>\n<\/div>","protected":false},"author":1,"featured_media":606,"comment_status":"closed","ping_status":"closed","sticky":false,"template":"","format":"standard","meta":{"footnotes":""},"categories":[7,14,8],"tags":[],"class_list":["post-605","post","type-post","status-publish","format-standard","has-post-thumbnail","hentry","category-actualite","category-christian-eyschen","category-politique"],"_links":{"self":[{"href":"https:\/\/blog.fnlp.fr\/index.php?rest_route=\/wp\/v2\/posts\/605","targetHints":{"allow":["GET"]}}],"collection":[{"href":"https:\/\/blog.fnlp.fr\/index.php?rest_route=\/wp\/v2\/posts"}],"about":[{"href":"https:\/\/blog.fnlp.fr\/index.php?rest_route=\/wp\/v2\/types\/post"}],"author":[{"embeddable":true,"href":"https:\/\/blog.fnlp.fr\/index.php?rest_route=\/wp\/v2\/users\/1"}],"replies":[{"embeddable":true,"href":"https:\/\/blog.fnlp.fr\/index.php?rest_route=%2Fwp%2Fv2%2Fcomments&post=605"}],"version-history":[{"count":1,"href":"https:\/\/blog.fnlp.fr\/index.php?rest_route=\/wp\/v2\/posts\/605\/revisions"}],"predecessor-version":[{"id":607,"href":"https:\/\/blog.fnlp.fr\/index.php?rest_route=\/wp\/v2\/posts\/605\/revisions\/607"}],"wp:featuredmedia":[{"embeddable":true,"href":"https:\/\/blog.fnlp.fr\/index.php?rest_route=\/wp\/v2\/media\/606"}],"wp:attachment":[{"href":"https:\/\/blog.fnlp.fr\/index.php?rest_route=%2Fwp%2Fv2%2Fmedia&parent=605"}],"wp:term":[{"taxonomy":"category","embeddable":true,"href":"https:\/\/blog.fnlp.fr\/index.php?rest_route=%2Fwp%2Fv2%2Fcategories&post=605"},{"taxonomy":"post_tag","embeddable":true,"href":"https:\/\/blog.fnlp.fr\/index.php?rest_route=%2Fwp%2Fv2%2Ftags&post=605"}],"curies":[{"name":"wp","href":"https:\/\/api.w.org\/{rel}","templated":true}]}}