{"id":608,"date":"2020-12-20T18:25:40","date_gmt":"2020-12-20T17:25:40","guid":{"rendered":"https:\/\/blog.fnlp.fr\/?p=608"},"modified":"2021-05-03T18:50:02","modified_gmt":"2021-05-03T16:50:02","slug":"laicite-les-muets-du-serail","status":"publish","type":"post","link":"https:\/\/blog.fnlp.fr\/?p=608","title":{"rendered":"La\u00efcit\u00e9 : les muets du S\u00e9rail"},"content":{"rendered":"<blockquote><p><strong>De tous c\u00f4t\u00e9s, on n\u2019entend plus que cela, du matin au soir, du soir au matin : La\u00efcit\u00e9, la\u00efcit\u00e9 ! X\u00e9nophobes de tout le pays, unissez-vous ! De la vraie extr\u00eame-droite \u00e0 la fausse gauche, sous la houlette des bottes \u00e0 clous de Marine Le Pen \u00e0 Manuel Valls, ils d\u00e9clarent la chasse aux musulmans ouverte.<\/strong><\/p><\/blockquote>\n<div class=\"content-article\">\n<p>Chacun rassemble ses amis et ses soutiens pour la nouvelle croisade. C\u2019est \u00e0 celui ou celle qui sera le plus impitoyable contre les pr\u00e9suppos\u00e9s musulmans. Il n\u2019y aura pas assez de r\u00e9pression contre les Sarrazins.<\/p>\n<p>Les nostalgiques de la<b> rue Lauriston<\/b> et de la <b>villa Susini<\/b> rouvrent leurs vieilles malles et astiquent leurs vieilleries.<\/p>\n<p>La chasse aux <i><b>R\u00e9sistants<\/b><\/i> de l\u2019\u00e9puration nationale est ouverte aussi, les cibles sont d\u00e9sign\u00e9es\u00a0: tous ceux qui refusent de voir dans la politique macronienne le nec le plus ultra de la r\u00e9pression sous couvert de \u00ab\u00a0<i>modernisme\u00a0<\/i>\u00bb, sont d\u00e9sign\u00e9s \u00e0 la vindicte publique et \u00e9tiquet\u00e9s \u00ab\u00a0collabos\u00a0\u00bb, alors que les vrais \u00ab\u00a0collabos\u00a0\u00bb ce sont eux.<\/p>\n<p><span class=\"inter-titre-gris\">Derri\u00e8re les mots, cherchez les faits<\/span><\/p>\n<p>Puisqu\u2019on ne cesse de parler de la\u00efcit\u00e9, que disent donc les pseudo-\u00ab\u00a0<i>la\u00efcistes<\/i>\u00a0\u00bb de tous poils sur la situation de l\u2019enseignement public en Vend\u00e9e\u00a0?<\/p>\n<p>Que dit le \u00ab\u00a0<i><b>Comit\u00e9 des Sages<\/b><\/i>\u00a0\u00bb du ministre <b>Blanquer<\/b> (plus \u00ab\u00a0<i>la\u00efc<\/i>\u00a0\u00bb que lui, tu meurs)\u00a0?<\/p>\n<p>Rien, ce sont les <i><b>Muets du S\u00e9rail,<\/b><\/i> les eunuques politiques du macronisme.<\/p>\n<p>Pour savoir ce qu\u2019il en est r\u00e9ellement, il suffirait de lire le Rapport annuel de l\u2019<b>Observatoire de la La\u00efcit\u00e9<\/b>. Vous savez, celui qui est accus\u00e9 de \u00ab\u00a0<i>mollesse<\/i>\u00a0\u00bb par ceux et celles qui confondent la force de l\u2019argument avec l\u2019argument de la force. Bref, en un mot comme en cent\u00a0: les totalitaires.<\/p>\n<p>Vous pourrez c<a class=\"external\" title=\"rapport obs de la laicit\u00e9\" href=\"https:\/\/www.gouvernement.fr\/sites\/default\/files\/contenu\/piece-jointe\/2020\/12\/rapport_annuel_de_lobservatoire_de_la_laicite_2019-2020.pdf\" target=\"_blank\" rel=\"noopener noreferrer\">onsulter son Rapport \u00e0 l\u2019adresse suivante<\/a>\u00a0:<\/p>\n<p>Vous y trouverez de la page 517 \u00e0 523, l\u2019audition de la Libre Pens\u00e9e (<b>Jean-S\u00e9bastien Pierre<\/b> et <b>Dominique Goussot<\/b>). Vous savez, la Libre Pens\u00e9e, celle qui a fait la loi de 1905. Pas moins. Ce qui nous autorise une certaine expertise, contrairement aux \u00ab\u00a0<i>tard-venus\u00a0<\/i>\u00bb qui n\u2019en savent pas plus que ceux qui n\u2019en savent rien.<\/p>\n<p class=\"center\" style=\"text-align: center;\">\u25ba\u25bc\u25b2\u25c4<\/p>\n<p>&nbsp;<\/p>\n<p><span class=\"underline\"><b>On y lit sur la situation de la Vend\u00e9e et du Morbihan<\/b><\/span>\u00a0:<\/p>\n<p>&nbsp;<\/p>\n<p><span class=\"titre-gras-rouge-petite-cap\"><b>Constats de l\u2019Observatoire de la la\u00efcit\u00e9 : Il ressort de l\u2019ensemble de ces \u00e9l\u00e9ments :<\/b><\/span><\/p>\n<ul>\n<li>L\u2019existence de \u00ab <i>zones blanches<\/i> \u00bb, \u00e0 savoir, des territoires dans lesquels n\u2019existe aucune \u00e9cole primaire publique \u00e0 moins de 10 km, aucun coll\u00e8ge public \u00e0 moins de 35 km et aucun lyc\u00e9e \u00e0 moins de 45 km du lieu de r\u00e9sidence ;<\/li>\n<li>L\u2019existence pass\u00e9e de financements \u00e0 des \u00e9tablissements scolaires priv\u00e9s qui n\u2019\u00e9taient pas conformes \u00e0 la loi, sans qu\u2019il soit possible de les quantifier et sans qu\u2019il soit possible \u00e0 l\u2019<b>Observatoire de la la\u00efcit\u00e9<\/b>, qui n\u2019en a pas la comp\u00e9tence, d\u2019en identifier actuellement ;<\/li>\n<li>Un besoin d\u2019explications publiques quant au versement de certaines subventions \u00e0 diff\u00e9rents \u00e9tablissements scolaires priv\u00e9s dans le cadre l\u00e9gal de r\u00e9novations et de mise aux normes des b\u00e2timents communaux lou\u00e9s \u00e0 l\u2019enseignement priv\u00e9 ;<\/li>\n<li>Un acc\u00e8s plus on\u00e9reux aux \u00e9coles publiques dans les endroits o\u00f9 une \u00e9cole de syndicat de commune (SIVU5 ) est mise en place alors qu\u2019il y a une \u00e9cole priv\u00e9e dans chaque commune.<\/li>\n<li>La r\u00e9alit\u00e9 manifeste, en quelques lieux, de dessertes par les transports scolaires favorisant les \u00e9tablissements scolaires priv\u00e9s.<\/li>\n<li>Les services de l\u2019\u00c9tat et les collectivit\u00e9s territoriales sont mobilis\u00e9s pour assurer le bon fonctionnement du service public de l\u2019\u00e9ducation.<\/li>\n<\/ul>\n<p><span class=\"titre-gras-bleu-petite-cap\">Propositions de l\u2019Observatoire de la la\u00efcit\u00e9 :<\/span><\/p>\n<ul>\n<li class=\"left\"><b>L\u2019Observatoire de la la\u00efcit\u00e9<\/b> propose d\u2019encourager l\u2019offre publique en mati\u00e8re scolaire dans certains territoires de la R\u00e9publique, en particulier en <b>Vend\u00e9e<\/b> et dans le <b>Morbihan<\/b>, afin de garantir la libert\u00e9 de choix pour les parents entre structures publiques et priv\u00e9es.<\/li>\n<li class=\"left\"><b>L\u2019Observatoire de la la\u00efcit\u00e9<\/b> rappelle que, en application de l\u2019article L. 211-3 du <b>Code de l\u2019\u00e9ducation<\/b> et dans le cas o\u00f9 la collectivit\u00e9 comp\u00e9tente refuse de pourvoir \u00e0 une organisation convenable du service public, \u00ab <i>l\u2019\u00c9tat peut cr\u00e9er exceptionnellement des \u00e9tablissements d\u2019enseignement public du premier et du second degr\u00e9 dont la propri\u00e9t\u00e9 est transf\u00e9r\u00e9e de plein droit \u00e0 la collectivit\u00e9 territoriale comp\u00e9tente<\/i> (\u2026) \u00bb<\/li>\n<li><b>L\u2019Observatoire de la la\u00efcit\u00e9<\/b> rappelle le r\u00f4le des collectivit\u00e9s locales dans l\u2019application concr\u00e8te du principe de la\u00efcit\u00e9 et, ainsi, leur responsabilit\u00e9 pour garantir partout sur le territoire une offre publique la\u00efque en mati\u00e8re scolaire, r\u00e9pondant aux principes de neutralit\u00e9, de gratuit\u00e9, de continuit\u00e9, de mutabilit\u00e9 et d\u2019\u00e9galit\u00e9.<\/li>\n<li><b>L\u2019Observatoire de la la\u00efcit\u00e9<\/b> souligne l\u2019importance d\u2019un contr\u00f4le vigilant des financements publics des \u00e9tablissements scolaires priv\u00e9s, notamment \u00e0 travers la mobilisation des inspecteurs d\u2019acad\u00e9mie dans l\u2019examen des situations scolaires de chaque commune dans l\u2019attribution de la dotation d\u2019\u00e9quipement des territoires ruraux (DETR), ainsi qu\u2019\u00e0 travers un contr\u00f4le de l\u00e9galit\u00e9 des pr\u00e9fets.<\/li>\n<li>Si l\u2019organisation des transports scolaires rel\u00e8ve de la comp\u00e9tence des conseils r\u00e9gionaux avec d\u00e9l\u00e9gation aux communaut\u00e9s d\u2019agglom\u00e9ration, <b>l\u2019Observatoire de la la\u00efcit\u00e9<\/b> propose, dans les d\u00e9partements de Vend\u00e9e et du Morbihan, une mobilisation des inspecteurs d\u2019acad\u00e9mie afin d\u2019appuyer toute demande de changements d\u2019horaires quant aux dessertes des transports scolaires dans le cas o\u00f9 celles-ci d\u00e9favoriseraient des \u00e9tablissements scolaires publics. <b>L\u2019Observatoire de la la\u00efcit\u00e9<\/b> rappelle que les \u00e9ventuels constats d\u2019iniquit\u00e9s peuvent \u00eatre \u00e9tablis \u00e0 l\u2019occasion des commissions d\u00e9partementales de l\u2019Education nationale (CDEN).<\/li>\n<\/ul>\n<p class=\"center\" style=\"text-align: center;\">\u25ba\u25bc\u25b2\u25c4<\/p>\n<p>Il n\u2019y a aucune chance de voir les services du ministre <b>Blanquer<\/b> et ses d\u00e9pendances (<i><b>Comit\u00e9 des Sages<\/b><\/i>) faire un tel constat qui appelle d\u2019urgence l\u2019intervention de l\u2019Etat.<\/p>\n<p>&nbsp;<\/p>\n<p><span class=\"inter-titre-gris\">Monsieur Blanquer\u00a0:<\/span><br \/>\n<span class=\"inter-titre-gris\">Quand allez-vous retirer le crucifix que vous avez dans l\u2019oreille et la Mitre qui vous emp\u00eache d\u2019entendre et de voir les vrais probl\u00e8mes de la la\u00efcit\u00e9\u00a0?<\/span><\/p>\n<p>Monsieur le Ministre, si les mots et les maux ont un sens\u00a0: quand allez-vous intervenir pour faire cesser le scandale antila\u00efque en Vend\u00e9e et dans le Morbihan\u00a0?<\/p>\n<p>Quand r\u00e9pondrez-vous positivement \u00e0 la demande d\u2019audience des associations la\u00efques de Vend\u00e9e\u00a0?<\/p>\n<p>Il y a fort \u00e0 parier que poser la question n\u2019est pas y r\u00e9pondre avec un tel gouvernement frapp\u00e9 de surdit\u00e9.<\/p>\n<p><b>Christian Eyschen<\/b><\/p>\n<p><a class=\"external\" title=\"demande d'audience\" href=\"https:\/\/www.fnlp.fr\/wp-content\/uploads\/2020\/12\/2020-11-02-V2-Demande-audience-Ministre-EN.pdf\" target=\"_blank\" rel=\"noopener noreferrer\"><b>Consulter la demande d&rsquo;audience au ministre d\u00e9pos\u00e9e par le Comit\u00e9 D\u00e9partemental d&rsquo;Action La\u00efque de Vend\u00e9e et la F\u00e9d\u00e9ration de Vend\u00e9e de la Libre Pens\u00e9e<\/b><\/a><\/p>\n<\/div>\n","protected":false},"excerpt":{"rendered":"<div class=\"mh-excerpt\"><p>De tous c\u00f4t\u00e9s, on n\u2019entend plus que cela, du matin au soir, du soir au matin : La\u00efcit\u00e9, la\u00efcit\u00e9 ! X\u00e9nophobes de tout le pays, <a class=\"mh-excerpt-more\" href=\"https:\/\/blog.fnlp.fr\/?p=608\" title=\"La\u00efcit\u00e9 : les muets du S\u00e9rail\">[&#8230;]<\/a><\/p>\n<\/div>","protected":false},"author":1,"featured_media":609,"comment_status":"closed","ping_status":"closed","sticky":false,"template":"","format":"standard","meta":{"footnotes":""},"categories":[7,14,3,8],"tags":[],"class_list":["post-608","post","type-post","status-publish","format-standard","has-post-thumbnail","hentry","category-actualite","category-christian-eyschen","category-laicite","category-politique"],"_links":{"self":[{"href":"https:\/\/blog.fnlp.fr\/index.php?rest_route=\/wp\/v2\/posts\/608","targetHints":{"allow":["GET"]}}],"collection":[{"href":"https:\/\/blog.fnlp.fr\/index.php?rest_route=\/wp\/v2\/posts"}],"about":[{"href":"https:\/\/blog.fnlp.fr\/index.php?rest_route=\/wp\/v2\/types\/post"}],"author":[{"embeddable":true,"href":"https:\/\/blog.fnlp.fr\/index.php?rest_route=\/wp\/v2\/users\/1"}],"replies":[{"embeddable":true,"href":"https:\/\/blog.fnlp.fr\/index.php?rest_route=%2Fwp%2Fv2%2Fcomments&post=608"}],"version-history":[{"count":2,"href":"https:\/\/blog.fnlp.fr\/index.php?rest_route=\/wp\/v2\/posts\/608\/revisions"}],"predecessor-version":[{"id":611,"href":"https:\/\/blog.fnlp.fr\/index.php?rest_route=\/wp\/v2\/posts\/608\/revisions\/611"}],"wp:featuredmedia":[{"embeddable":true,"href":"https:\/\/blog.fnlp.fr\/index.php?rest_route=\/wp\/v2\/media\/609"}],"wp:attachment":[{"href":"https:\/\/blog.fnlp.fr\/index.php?rest_route=%2Fwp%2Fv2%2Fmedia&parent=608"}],"wp:term":[{"taxonomy":"category","embeddable":true,"href":"https:\/\/blog.fnlp.fr\/index.php?rest_route=%2Fwp%2Fv2%2Fcategories&post=608"},{"taxonomy":"post_tag","embeddable":true,"href":"https:\/\/blog.fnlp.fr\/index.php?rest_route=%2Fwp%2Fv2%2Ftags&post=608"}],"curies":[{"name":"wp","href":"https:\/\/api.w.org\/{rel}","templated":true}]}}