{"id":613,"date":"2021-05-05T18:59:48","date_gmt":"2021-05-05T16:59:48","guid":{"rendered":"https:\/\/blog.fnlp.fr\/?p=613"},"modified":"2021-05-13T19:04:36","modified_gmt":"2021-05-13T17:04:36","slug":"en-quoi-ma-liberte-empiete-limite-et-empeche-la-votre","status":"publish","type":"post","link":"https:\/\/blog.fnlp.fr\/?p=613","title":{"rendered":"En quoi ma libert\u00e9 empi\u00e8te, limite et emp\u00eache la v\u00f4tre ?"},"content":{"rendered":"<p>C\u2019est ainsi que <b>l\u2019Ev\u00eaque de Lu\u00e7on<\/b> (Vend\u00e9e) peut \u00e9crire, le 15 avril 2021, dans une \u00ab <i><b>Lettre aux Vend\u00e9ens<\/b><\/i> \u00bb ceci : \u00ab <i>Une nouvelle offensive de ceux qui pr\u00f4nent une l\u00e9galisation de l\u2019euthanasie a eu lieu au Parlement fran\u00e7ais. On y retrouve le m\u00eame processus que dans les autres<\/i> \u00ab questions soci\u00e9tales \u00bb. <i>Des militants mettent en avant des revendications particuli\u00e8res au nom des libert\u00e9s individuelles pour que le pouvoir l\u00e9gislatif produise une loi qui, non seulement l\u00e9galise l\u2019euthanasie, mais exige aussi que la soci\u00e9t\u00e9 mette en \u0153uvre des moyens financiers et m\u00e9dicaux pour des \u00ab suicides assist\u00e9s<\/i> \u00bb\u2026<\/p>\n<div class=\"accur8-desktop accur8-tablet accurWidth-desktop accurWidth-tablet\">\n<div class=\" col-left fractal-desktop fractal-10-desktop collapse-7-desktop fractal-tablet fractal-6-tablet collapse-4-tablet \">\n<div class=\"content-article\">\n<p><i>Tout cela soutenu par une active campagne m\u00e9diatique qui laisse entendre qu\u2019en s\u2019opposant \u00e0 la l\u00e9galisation de l\u2019euthanasie, on manquerait de compassion envers ceux qui r\u00e9clament ce \u00ab dernier acte de dignit\u00e9 \u00bb\u2026.<\/i><\/p>\n<p><i>Beaucoup plus grave. Si une loi est promulgu\u00e9e dans le sens d\u2019une euthanasie, s\u2019instaure sournoisement dans les mentalit\u00e9s \u2013 comme on le constate dans les pays qui l\u2019ont fait \u2013 l\u2019id\u00e9e qu\u2019il est pr\u00e9f\u00e9rable que ceux qui souffrent (les personnes atteintes d\u2019une maladie incurable, les personnes \u00e2g\u00e9es en fin de vie, mais aussi les personnes handicap\u00e9es, etc.) soient supprim\u00e9es. Certes, nous avons \u00e0 mettre tout ce qui est moralement possible pour soulager la souffrance des autres, mais faut-il aller jusqu\u2019\u00e0 l\u2019euthanasie qui, pour supprimer la souffrance, supprime la vie ? <\/i>\u00bb<\/p>\n<p><span class=\"inter-titre-gris\">Qui a mandat\u00e9 l\u2019Ev\u00eaque pour parler au nom des malades, des afflig\u00e9s, des handicap\u00e9s, des personnes \u00e2g\u00e9es ? Personne.<\/span><\/p>\n<p>Les humanistes revendiquent que ceux qui le souhaitent puissent, si telle est leur volont\u00e9, mourir dans la dignit\u00e9, se marier avec celles et ceux qu\u2019ils veulent, pratiquer le contr\u00f4le des naissances qu\u2019ils souhaitent, recourir \u00e0 l\u2019IVG, se r\u00e9unir avec les personnes de leur choix pour mener l\u2019action qui leur para\u00eet juste.<\/p>\n<p>En quoi, ces droits facultatifs permettant l\u2019exercice de libert\u00e9s individuelles essentielles peuvent-ils g\u00eaner ceux et celles qui ne veulent pas y recourir ?<\/p>\n<p><span class=\"inter-titre-gris\">Un peu plus de libert\u00e9 pour les uns ne diminue pas la part de libert\u00e9 pour les autres !<\/span><\/p>\n<p>Ceux qui veulent d\u00e9fendre leurs libert\u00e9s en interdisant celles des autres ne sont que des totalitaires. Ils veulent imposer leur id\u00e9ologie et leurs conceptions \u00e0 la soci\u00e9t\u00e9 tout enti\u00e8re. Assimiler la demande de pouvoir mourir dans la dignit\u00e9, pour ceux qui le souhaitent, \u00e0 l\u2019assassinat de toutes les personnes malades est une ignominie. Cela d\u00e9shonore ceux qui pratiquent un tel mensonge.<\/p>\n<p>C\u2019est vouloir faire croire qu\u2019est revendiqu\u00e9 le retour de l\u2019<i><b>op\u00e9ration T4<\/b><\/i> de l\u2019Allemagne nazie de 1938. R\u00e9gime qui fut d\u2019ailleurs b\u00e9ni du d\u00e9but \u00e0 la fin par l\u2019\u00c9glise catholique. C\u2019est m\u00eame le parti catholique <b>Zentrum<\/b> qui permit \u00e0 <b>Adolf Hitler<\/b> d\u2019\u00eatre nomm\u00e9 Chancelier pour mener sa politique.<\/p>\n<p>Cette pr\u00e9tention \u00e0 vouloir parler au nom de tout le monde, personne ne vous en a donn\u00e9 le mandat, monsieur l\u2019\u00c9v\u00eaque ! Que l\u2019\u00c9glise catholique donne son point de vue, c&rsquo;est normal. Mais en d\u00e9mocratie, c&rsquo;est au peuple souverain de d\u00e9cider librement.<\/p>\n<p>L\u2019Humanit\u00e9 n\u2019a pas besoin de directeur de conscience. C\u2019est \u00e0 elle seule de d\u00e9cider de ses choix et de son avenir.<\/p>\n<p>Interdire de nouvelles libert\u00e9s, imposer une id\u00e9ologie dominante : telles sont les marques du totalitarisme. L\u2019Humanit\u00e9 ne se laissera pas intimider.<\/p>\n<p><b>Christian Eyschen<\/b><\/p>\n<\/div>\n<\/div>\n<\/div>\n","protected":false},"excerpt":{"rendered":"<div class=\"mh-excerpt\"><p>C\u2019est ainsi que l\u2019Ev\u00eaque de Lu\u00e7on (Vend\u00e9e) peut \u00e9crire, le 15 avril 2021, dans une \u00ab Lettre aux Vend\u00e9ens \u00bb ceci : \u00ab Une nouvelle <a class=\"mh-excerpt-more\" href=\"https:\/\/blog.fnlp.fr\/?p=613\" title=\"En quoi ma libert\u00e9 empi\u00e8te, limite et emp\u00eache la v\u00f4tre ?\">[&#8230;]<\/a><\/p>\n<\/div>","protected":false},"author":1,"featured_media":614,"comment_status":"closed","ping_status":"closed","sticky":false,"template":"","format":"standard","meta":{"footnotes":""},"categories":[6,14,51],"tags":[],"class_list":["post-613","post","type-post","status-publish","format-standard","has-post-thumbnail","hentry","category-anticlericalisme","category-christian-eyschen","category-mediapart"],"_links":{"self":[{"href":"https:\/\/blog.fnlp.fr\/index.php?rest_route=\/wp\/v2\/posts\/613","targetHints":{"allow":["GET"]}}],"collection":[{"href":"https:\/\/blog.fnlp.fr\/index.php?rest_route=\/wp\/v2\/posts"}],"about":[{"href":"https:\/\/blog.fnlp.fr\/index.php?rest_route=\/wp\/v2\/types\/post"}],"author":[{"embeddable":true,"href":"https:\/\/blog.fnlp.fr\/index.php?rest_route=\/wp\/v2\/users\/1"}],"replies":[{"embeddable":true,"href":"https:\/\/blog.fnlp.fr\/index.php?rest_route=%2Fwp%2Fv2%2Fcomments&post=613"}],"version-history":[{"count":2,"href":"https:\/\/blog.fnlp.fr\/index.php?rest_route=\/wp\/v2\/posts\/613\/revisions"}],"predecessor-version":[{"id":616,"href":"https:\/\/blog.fnlp.fr\/index.php?rest_route=\/wp\/v2\/posts\/613\/revisions\/616"}],"wp:featuredmedia":[{"embeddable":true,"href":"https:\/\/blog.fnlp.fr\/index.php?rest_route=\/wp\/v2\/media\/614"}],"wp:attachment":[{"href":"https:\/\/blog.fnlp.fr\/index.php?rest_route=%2Fwp%2Fv2%2Fmedia&parent=613"}],"wp:term":[{"taxonomy":"category","embeddable":true,"href":"https:\/\/blog.fnlp.fr\/index.php?rest_route=%2Fwp%2Fv2%2Fcategories&post=613"},{"taxonomy":"post_tag","embeddable":true,"href":"https:\/\/blog.fnlp.fr\/index.php?rest_route=%2Fwp%2Fv2%2Ftags&post=613"}],"curies":[{"name":"wp","href":"https:\/\/api.w.org\/{rel}","templated":true}]}}