{"id":617,"date":"2021-05-13T19:15:44","date_gmt":"2021-05-13T17:15:44","guid":{"rendered":"https:\/\/blog.fnlp.fr\/?p=617"},"modified":"2021-05-13T19:21:37","modified_gmt":"2021-05-13T17:21:37","slug":"letat-francais-et-les-abus-clericaux","status":"publish","type":"post","link":"https:\/\/blog.fnlp.fr\/?p=617","title":{"rendered":"L\u2019\u00c9tat fran\u00e7ais et les abus cl\u00e9ricaux"},"content":{"rendered":"<p>Avril 2021<\/p>\n<blockquote><p><strong>Keith Porteous Wood est porte-parole de l&rsquo;AILP (Association Internationale de la Libre Pens\u00e9e) et pr\u00e9sident de la National Secular Society (Royaume-Uni). Il s&rsquo;interroge sur les contradictions de la d\u00e9cision finale des tribunaux fran\u00e7ais concernant l&rsquo;omission par le cardinal Barbarin de signaler des abus cl\u00e9ricaux pr\u00e9sum\u00e9s sur des mineurs, et sur ses cons\u00e9quences troublantes.<\/strong><\/p><\/blockquote>\n<p>La plus haute juridiction fran\u00e7aise, <b>la Cour de cassation<\/b>, a jug\u00e9 le 14 avril que l&rsquo;obligation l\u00e9gale de d\u00e9noncer les crimes sexuels commis \u00e0 l\u2019encontre un mineur prend fin d\u00e8s lors que la victime atteint sa majorit\u00e9. C&rsquo;est l&rsquo;ancien plus haut responsable catholique de France, le cardinal <b>Barbarin<\/b>, dont l&rsquo;obligation \u00e9tait en cause. Celui-ci n&rsquo;a pas signal\u00e9 les agressions commises pendant plusieurs d\u00e9cennies par le chef scout catholique (et jusqu&rsquo;\u00e0 r\u00e9cemment, pr\u00eatre), <b>Bernard Preynat<\/b>. Ce dernier est peut-\u00eatre le p\u00e9dophile le plus prolifique de France, avec un nombre de victimes estim\u00e9 entre 3 000 et 4 000.(<a href=\"https:\/\/www.lci.fr\/justice\/proces-preynat-vous-etes-en-train-de-juger-un-dossier-a-1000-agressions-sexuelles-pres-2142955.html\" target=\"_blank\" rel=\"noopener noreferrer\">voir ici<\/a>) Le cardinal \u00e9tait au courant des agressions sexuelles de Preynat.<\/p>\n<p>La cons\u00e9quence de ce jugement est que le cardinal Barbarin est lib\u00e9r\u00e9 de toute responsabilit\u00e9 l\u00e9gale de payer des dommages et int\u00e9r\u00eats aux victimes en raison de sa non-d\u00e9nonciation des abus. Le tribunal aurait \u00e9galement pu se prononcer sur la responsabilit\u00e9 p\u00e9nale du cardinal, mais il n&rsquo;a pas \u00e9t\u00e9 invit\u00e9 \u00e0 le faire par le procureur de la R\u00e9publique, de sorte que cette voie est d\u00e9sormais ferm\u00e9e.<\/p>\n<p>L&rsquo;arr\u00eat est susceptible d&rsquo;en surprendre plus d&rsquo;un, \u00e9tant donn\u00e9 qu&rsquo;il semble contraire aux dispositions relatives \u00e0 la d\u00e9claration obligatoire contenu dans les <b>articles 226-13 et 226-14 du code p\u00e9nal <\/b>et qu&rsquo;il est apparemment diam\u00e9tralement oppos\u00e9 \u00e0 la position adopt\u00e9e pr\u00e9c\u00e9demment par l&rsquo;avocat g\u00e9n\u00e9ral de la Cour de cassation. Cette d\u00e9cision a \u00e9t\u00e9 rapport\u00e9e comme suit :<\/p>\n<p>\u201c<i>Le parquet g\u00e9n\u00e9ral de la Cour de cassation s&rsquo;inscrit en faux contre la<\/i> [position de la cour d&rsquo;appel]. <i>Aux yeux <\/i>[du parquet g\u00e9n\u00e9ral], <i>cela reviendrait \u00e0 autoriser toute personne recevant les confidences de victimes, ou d&rsquo;un agresseur, \u00e0 se taire<\/i> \u00a0\u00bb sans encourir de sanction p\u00e9nale \u00ab\u00a0, <i>d\u00e8s lors qu&rsquo;elle en a connaissance<\/i> \u00a0\u00bb \u00e0 un moment o\u00f9 ces victimes sont [<i>majeures<\/i>] \u00ab\u00a0.(<a href=\"https:\/\/france3-regions.francetvinfo.fr\/auvergne-rhone-alpes\/rhone\/lyon\/relaxe-du-cardinal-barbarin-le-pourvoi-en-cassation-des-parties-civiles-2002306.html\" target=\"_blank\" rel=\"noopener noreferrer\">Agence France Presse<\/a>) En d&rsquo;autres termes, le parquet s&rsquo;est oppos\u00e9 \u00e0 ce que les personnes ayant connaissance de l&rsquo;agression sexuelle d&rsquo;un enfant \u00e9chappent \u00e0 toute responsabilit\u00e9 pour ne pas l&rsquo;avoir signal\u00e9e avant la majorit\u00e9 de la victime. Ceci est coh\u00e9rent avec le cas pr\u00e9c\u00e9dent d&rsquo;un \u00e9v\u00eaque accus\u00e9 de la m\u00eame mani\u00e8re. Mgr <b>Andr\u00e9 Fort<\/b> a \u00e9t\u00e9 condamn\u00e9 en 2018 \u00e0 8 mois de prison avec sursis. \u00ab\u00a0<i>L&rsquo;obligation de signalement s&rsquo;\u00e9tend m\u00eame si la victime est majeure et a donc la capacit\u00e9 de porter plainte elle-m\u00eame<\/i>\u00ab\u00a0. N&rsquo;ayant pas fait l&rsquo;objet d&rsquo;un appel, elle est devenue d\u00e9finitive (<a href=\"https:\/\/www.lemonde.fr\/police-justice\/article\/2019\/01\/09\/proces-barbarin-je-voulais-que-les-personnes-d-eglise-voient-ma-souffrance_5406504_1653578.html\" target=\"_blank\" rel=\"noopener noreferrer\">voir ici<\/a>).<\/p>\n<p>\u00c0 mon avis, cela cr\u00e9e un pr\u00e9c\u00e9dent \u00e9pouvantable qui trahit les mineurs soumis \u00e0 de tels abus, en permettant que ceux-ci se poursuivent en raison de la r\u00e9duction de l&rsquo;obligation de les signaler, comme dans le cas de Preynat. Ce pr\u00e9c\u00e9dent aggrave \u00e9galement l&rsquo;abus des victimes en r\u00e9duisant consid\u00e9rablement les chances que les personnes qui facilitent cet abus soient poursuivies pour ne pas l&rsquo;avoir signal\u00e9.<\/p>\n<p>Lors du proc\u00e8s en appel, les magistrats avaient estim\u00e9 que <b>Philippe Barbarin<\/b> n&rsquo;avait pas \u00e0 d\u00e9noncer des agressions prescrites pour certaines &#8211; les autres pouvant l&rsquo;\u00eatre par les victimes elles-m\u00eames, d\u00e9sormais adultes. Le parquet g\u00e9n\u00e9ral de la Cour de cassation s&rsquo;inscrit en faux contre cette analyse. A ses yeux, cela reviendrait \u00e0 autoriser toute personne recevant les confidences de victimes, ou d&rsquo;un agresseur, \u00e0 garder le silence \u00ab\u00a0<i>sans encourir aucune sanction p\u00e9nale<\/i>\u00ab\u00a0, d\u00e8s lors qu&rsquo;il en a connaissance \u00ab\u00a0<i>\u00e0 un moment o\u00f9 ces victimes sont devenues majeures<\/i>\u00ab\u00a0.<\/p>\n<p>Je ne serais pas surpris que l&rsquo;on sp\u00e9cule sur ce qui a convaincu la Cour d&rsquo;inverser la position ant\u00e9rieure, et tr\u00e8s sens\u00e9e, du Procureur g\u00e9n\u00e9ral.<br \/>\nLa plus grande \u00e9tude sur ce type d&rsquo;abus, men\u00e9e en Australie, a r\u00e9v\u00e9l\u00e9 qu&rsquo;en ce qui concerne les abus sexuels sur mineurs dans l&rsquo;\u00c9glise catholique, \u00ab\u00a0<i>le d\u00e9lai moyen entre la date du premier incident pr\u00e9sum\u00e9 et la date de r\u00e9ception de la plainte \u00e9tait de 33 ans<\/i>\u00a0\u00bb et que seulement 11 % des victimes portent plainte avant d&rsquo;\u00eatre adultes (<a href=\"https:\/\/www.royalcommission.gov.au\/sites\/default\/files\/2019-07\/research_report_-_analysis_of_claims_of_made_with_respect_to_catholic_church_institutions_-_institutions_of_interest_0.pdf\" target=\"_blank\" rel=\"noopener noreferrer\">voir ici<\/a>). Cela confirme qu&rsquo;une cons\u00e9quence directe de cet arr\u00eat est que, dans la grande majorit\u00e9 des cas, les victimes deviendront adultes avant de porter plainte, ce qui exon\u00e8re les responsables de l\u2019\u00c9glise, qui en ont connaissance, de toute responsabilit\u00e9 l\u00e9gale de signaler les faits.<\/p>\n<p>Et si, comme c&rsquo;est le plus probable, les responsables eccl\u00e9siastiques inform\u00e9s ne font pas de rapport, les auteurs resteront libres de poursuivre leurs abus destructeurs de vie pendant des d\u00e9cennies, tout comme <b>Preynat<\/b> l&rsquo;a fait. En 2017, <i><b>Mediapart<\/b><\/i> a accus\u00e9 25 \u00e9v\u00eaques fran\u00e7ais de couvrir des abus \u00ab\u00a0<a href=\"https:\/\/www.mediapart.fr\/journal\/france\/200317\/vingt-cinq-eveques-ont-couvert-des-abus-sexuels\" target=\"_blank\" rel=\"noopener noreferrer\"><i>Vingt-cinq \u00e9v\u00eaques ont couvert des abus sexuels | Mediapart<\/i><\/a>\u00ab\u00a0. Et ce, bien que ceci soit ill\u00e9gal depuis 2000 ; la derni\u00e8re d\u00e9cision en date supprime presque l&rsquo;incitation ant\u00e9rieure \u00e0 les signaler.<\/p>\n<p><span class=\"inter-titre-gris\">Les incitations pour les \u00e9v\u00eaques (et les autres) \u00e0 rapporter les faits doivent \u00eatre renforc\u00e9es au lieu d&rsquo;\u00eatre presque d\u00e9molies, comme c&rsquo;est le cas dans ce jugement.<\/span><\/p>\n<p>En outre, une cons\u00e9quence \u00e9trange du pr\u00e9c\u00e9dent cr\u00e9\u00e9 par cet arr\u00eat me semble \u00eatre que les victimes adultes deviennent elles-m\u00eames passibles de sanctions l\u00e9gales pour ne pas avoir r\u00e9v\u00e9l\u00e9 leurs propres abus. Si les r\u00e9dacteurs de la loi avaient voulu qu&rsquo;elle soit interpr\u00e9t\u00e9e comme la Cour de cassation vient de le faire, ils auraient certainement pr\u00e9vu une exemption pour eux. Il n\u2019y a pas de telle exemption.<\/p>\n<p>Le sacrifice des victimes a \u00e9t\u00e9 \u00e9norme et nombre d&rsquo;entre elles ont eu une vie tr\u00e8s difficile \u00e0 la suite de ces abus. Elles se sont battues pendant cinq ans contre un syst\u00e8me judiciaire fondamentalement hostile qui a n\u00e9cessit\u00e9 une poursuite priv\u00e9e, elles ont form\u00e9 une association et ont m\u00eame fait l&rsquo;objet d&rsquo;un film prim\u00e9 qui a touch\u00e9 la nation. Cependant tout cela n&rsquo;a pas suffi \u00e0 obtenir des dommages et int\u00e9r\u00eats ou des condamnations.<\/p>\n<p>L&rsquo;ancienne victime <b>Alexandre Dussot-Hezez<\/b> a d\u00e9clar\u00e9 \u00e0 l&rsquo;<b><i>Agence France-Presse<\/i><\/b> que \u00ab\u00a0<i>tout le monde n&rsquo;a pas la possibilit\u00e9 de s&rsquo;exprimer ou de demander justice. Il y a parfois des traumatismes qui vous emp\u00eachent de faire cette d\u00e9marche, m\u00eame si vous \u00eates majeur. Il y a aussi des pressions familiales et religieuses &#8211; tout le monde n&rsquo;a pas la force d&rsquo;accuser un pr\u00eatre.<\/i>\u00a0\u00bb<\/p>\n<p>La force des critiques des victimes doit servir d&rsquo;avertissement. Le porte-parole <b>Devaux<\/b> a, quant \u00e0 lui, exprim\u00e9 un \u00ab\u00a0<i>sentiment de honte<\/i>\u00a0\u00bb envers la justice et a conclu \u00ab\u00a0<i>nos institutions ne sont pas \u00e0 la hauteur<\/i>\u00ab\u00a0.(<a href=\"https:\/\/france3-regions.francetvinfo.fr\/bretagne\/ille-et-vilaine\/justice-silences-de-l-eglise-face-a-la-pedophilie-l-affaire-barbarin-est-close-2046424.html\" target=\"_blank\" rel=\"noopener noreferrer\">voir ici<\/a>)<\/p>\n<p>Le plus inqui\u00e9tant est que ce jugement ne semble pas avoir suscit\u00e9 le toll\u00e9 public qu&rsquo;il aurait d\u00fb susciter. Le public ne conna\u00eet-il pas ou ne se soucie-t-il pas de la souffrance de ces victimes dont la plupart des vies ont \u00e9t\u00e9 ruin\u00e9es par la luxure cl\u00e9ricale ?<\/p>\n<p>Le p\u00e8re <b>Pierre Vignon<\/b> est un pr\u00eatre courageux d&rsquo;un village de montagne qui a lanc\u00e9 une p\u00e9tition pour que le cardinal d\u00e9missionne. Elle a recueilli plus de 100 000 signatures en r\u00e9action \u00e0 l&rsquo;inaction du Cardinal Barbarin et \u00e0 son affirmation \u00e0 la presse : \u00ab\u00a0<i>La majorit\u00e9 des faits, Dieu merci, sont prescrits.<\/i>\u00a0\u00bb Sans cette p\u00e9tition, on peut penser que le cardinal serait toujours en poste et esp\u00e8rerait toujours devenir le prochain pape (1). Les cent mille personnes peuvent bien penser que la p\u00e9tition a obtenu ce que la justice aurait d\u00fb faire.<\/p>\n<p>Le dernier mot doit \u00eatre laiss\u00e9 au h\u00e9ros du jour,<b> P. Vignon :<\/b><i> \u201cIl faudra bien que notre l\u00e9gislation s&rsquo;adapte pour que les agresseurs ne puissent plus s&rsquo;esquiver aussi facilement et que le signalement des abus s\u2019impose pour une meilleure protection des enfants et des jeunes.\u201d Il a raison. Et cette l\u00e9gislation doit pr\u00e9voir une obligation de d\u00e9claration de la part des personnes plac\u00e9es en institution et cette obligation doit \u00eatre maintenue m\u00eame si les victimes deviennent adultes, et ce avec la barre de temps la plus longue possible. Un mod\u00e8le de cette l\u00e9gislation se trouve ici<\/i> (<a href=\"https:\/\/www.iicsa.org.uk\/key-documents\/21060\/view\/professor-ben-mathews-a-model-law-mandatory-reporting-child-sexual-abuse-england-wales.pdf\" target=\"_blank\" rel=\"noopener noreferrer\">voir ici)<\/a>.<\/p>\n<p>Je soul\u00e8verai \u00e9galement cette question aux <b>Nations-Unies<\/b> \u00e0 chaque fois que l&rsquo;occasion se pr\u00e9sentera, mais j&rsquo;en appelle \u00e9galement au bon peuple fran\u00e7ais pour qu&rsquo;il fasse pression sur les politiciens des deux chambres du Parlement afin de r\u00e9former de toute urgence la loi sur le signalement obligatoire dans le sens sugg\u00e9r\u00e9 ici.<\/p>\n<p><a href=\"https:\/\/blog.fnlp.fr\/?p=620\" target=\"_blank\" rel=\"noopener noreferrer\">Un article d&rsquo;accompagnement examine le probl\u00e8me tr\u00e8s r\u00e9pandu des eccl\u00e9siastiques qui ignorent les lois sur le signalement obligatoire des abus sexuels et agissent en toute impunit\u00e9.<\/a><\/p>\n<p><b>Keith Porteous WOOD<\/b><\/p>\n<p><span class=\"petite-police\">(1) traduction de <i><b>the Tablet<\/b><\/i> du 24 avril.Final (thetablet.co.uk): <\/span><span class=\"petite-police\">\u201c<i>La plus haute cour d&rsquo;appel de France a mis fin \u00e0 la longue s\u00e9rie d&rsquo;affaires judiciaires dans le cadre d&rsquo;un important scandale d&rsquo;abus sexuels impliquant le cardinal Philippe Barbarin. Elle a rejet\u00e9 un recours civil contre son acquittement pour non-d\u00e9nonciation d&rsquo;un pr\u00eatre pr\u00e9dateur, \u00e9crit Tom Heneghan \u00e0 Paris. La Cour de cassation de Paris a jug\u00e9 mardi dernier que le cardinal Barbarin, qui a d\u00e9missionn\u00e9 de son poste d&rsquo;archev\u00eaque de Lyon en mars 2020 en raison du scandale, n&rsquo;\u00e9tait techniquement pas coupable puisque les victimes \u00e9taient suffisamment \u00e2g\u00e9es pour d\u00e9noncer elles-m\u00eames les abus au moment o\u00f9 il en a eu connaissance. La d\u00e9cision, qui est d\u00e9finitive et fond\u00e9e sur des d\u00e9tails techniques juridiques, \u00e9tait largement attendue car le cardinal avait gagn\u00e9 son appel contre la condamnation initiale du tribunal p\u00e9nal de Lyon l&rsquo;ann\u00e9e derni\u00e8re avec le soutien du procureur g\u00e9n\u00e9ral local. Barbarin a toujours ni\u00e9 avoir enfreint la loi, mais a regrett\u00e9 de ne pas s&rsquo;\u00eatre manifest\u00e9 plus t\u00f4t et de ne pas avoir pris les victimes plus au s\u00e9rieux. Si la Cour de cassation avait soutenu le pourvoi de huit victimes, l&rsquo;affaire Barbarin serait retourn\u00e9e \u00e0 Lyon pour y \u00eatre rejug\u00e9e. En cas de d\u00e9faite pour lui, il aurait pu \u00eatre condamn\u00e9 \u00e0 payer des dommages et int\u00e9r\u00eats. Cela aurait \u00e9t\u00e9 largement symbolique puisque l&rsquo;archev\u00each\u00e9 a indemnis\u00e9 14 victimes en d\u00e9cembre dernier. Autrefois pr\u00e9sent\u00e9 comme un possible futur pape, le cardinal travaille aujourd&rsquo;hui en Bretagne comme aum\u00f4nier d&rsquo;un couvent et professeur au s\u00e9minaire de Rennes.<\/i>\u201d<\/span><\/p>\n","protected":false},"excerpt":{"rendered":"<div class=\"mh-excerpt\"><p>Avril 2021 Keith Porteous Wood est porte-parole de l&rsquo;AILP (Association Internationale de la Libre Pens\u00e9e) et pr\u00e9sident de la National Secular Society (Royaume-Uni). Il s&rsquo;interroge <a class=\"mh-excerpt-more\" href=\"https:\/\/blog.fnlp.fr\/?p=617\" title=\"L\u2019\u00c9tat fran\u00e7ais et les abus cl\u00e9ricaux\">[&#8230;]<\/a><\/p>\n<\/div>","protected":false},"author":1,"featured_media":618,"comment_status":"closed","ping_status":"closed","sticky":false,"template":"","format":"standard","meta":{"footnotes":""},"categories":[6,57,56],"tags":[],"class_list":["post-617","post","type-post","status-publish","format-standard","has-post-thumbnail","hentry","category-anticlericalisme","category-crime-des-eglises","category-keith-porteous-wood"],"_links":{"self":[{"href":"https:\/\/blog.fnlp.fr\/index.php?rest_route=\/wp\/v2\/posts\/617","targetHints":{"allow":["GET"]}}],"collection":[{"href":"https:\/\/blog.fnlp.fr\/index.php?rest_route=\/wp\/v2\/posts"}],"about":[{"href":"https:\/\/blog.fnlp.fr\/index.php?rest_route=\/wp\/v2\/types\/post"}],"author":[{"embeddable":true,"href":"https:\/\/blog.fnlp.fr\/index.php?rest_route=\/wp\/v2\/users\/1"}],"replies":[{"embeddable":true,"href":"https:\/\/blog.fnlp.fr\/index.php?rest_route=%2Fwp%2Fv2%2Fcomments&post=617"}],"version-history":[{"count":2,"href":"https:\/\/blog.fnlp.fr\/index.php?rest_route=\/wp\/v2\/posts\/617\/revisions"}],"predecessor-version":[{"id":622,"href":"https:\/\/blog.fnlp.fr\/index.php?rest_route=\/wp\/v2\/posts\/617\/revisions\/622"}],"wp:featuredmedia":[{"embeddable":true,"href":"https:\/\/blog.fnlp.fr\/index.php?rest_route=\/wp\/v2\/media\/618"}],"wp:attachment":[{"href":"https:\/\/blog.fnlp.fr\/index.php?rest_route=%2Fwp%2Fv2%2Fmedia&parent=617"}],"wp:term":[{"taxonomy":"category","embeddable":true,"href":"https:\/\/blog.fnlp.fr\/index.php?rest_route=%2Fwp%2Fv2%2Fcategories&post=617"},{"taxonomy":"post_tag","embeddable":true,"href":"https:\/\/blog.fnlp.fr\/index.php?rest_route=%2Fwp%2Fv2%2Ftags&post=617"}],"curies":[{"name":"wp","href":"https:\/\/api.w.org\/{rel}","templated":true}]}}