{"id":620,"date":"2021-05-13T19:20:32","date_gmt":"2021-05-13T17:20:32","guid":{"rendered":"https:\/\/blog.fnlp.fr\/?p=620"},"modified":"2021-05-13T19:20:32","modified_gmt":"2021-05-13T17:20:32","slug":"les-victimes-dabus-clericaux-sont-trahies-letat-doit-agir-maintenant","status":"publish","type":"post","link":"https:\/\/blog.fnlp.fr\/?p=620","title":{"rendered":"Les victimes d\u2019abus cl\u00e9ricaux sont trahies. L\u2019Etat doit agir maintenant"},"content":{"rendered":"<p>Avril 2021<\/p>\n<blockquote><p><strong>Keith Porteous Wood est porte-parole de l&rsquo;AILP et pr\u00e9sident de la National Secular Society (Royaume-Uni). Il revient sur de nombreux exemples de religieux qui ne semblent pas \u00eatre soumis \u00e0 la loi fran\u00e7aise pour ne pas avoir signal\u00e9 des abus cl\u00e9ricaux pr\u00e9sum\u00e9s sur des mineurs, comme cela est exig\u00e9 depuis 2000. Il affirme que des changements fondamentaux sont n\u00e9cessaires pour que les victimes soient prot\u00e9g\u00e9es.<\/strong><\/p><\/blockquote>\n<p>En 2019, l&rsquo;ancien cardinal le plus haut plac\u00e9 de France (<b>Philippe Barbarin<\/b>) a \u00e9t\u00e9 condamn\u00e9 \u00e0 six mois de prison, mais avec sursis, pour avoir omis de signaler des abus commis sur des scouts pendant des d\u00e9cennies au sein d\u2019une troupe catholique dirig\u00e9e par <b>Bernard Preynat<\/b>, aujourd&rsquo;hui consid\u00e9r\u00e9 comme probablement le p\u00e9dophile le plus \u201c<i>prolifique<\/i>\u201d de France. Preynat n&rsquo;a \u00e9t\u00e9 que r\u00e9cemment d\u00e9froqu\u00e9 en tant que pr\u00eatre.<\/p>\n<p>Compte tenu du verdict de culpabilit\u00e9, il y avait manifestement mati\u00e8re \u00e0 r\u00e9pondre, mais les victimes de <b>Preynat<\/b> n&rsquo;avaient pas r\u00e9ussi \u00e0 persuader le procureur de la R\u00e9publique de poursuivre le cardinal <b>Barbarin<\/b> et avaient d\u00fb se constituer parties civiles pour demander \u00e0 la justice d\u2019\u00e9tablir leur pr\u00e9judice. L&rsquo;opposition du procureur g\u00e9n\u00e9ral s&rsquo;est poursuivie lorsque la condamnation de Barbarin a fait l&rsquo;objet d&rsquo;un appel et une troisi\u00e8me fois, en avril 2021, lorsque l&rsquo;affaire a atteint la plus haute juridiction fran\u00e7aise : la Cour de cassation. Saisie par les victimes, celle-ci avait \u00e0 examiner en dernier ressort le seul volet civil de l\u2019affaire Barbarin. M\u00eame sur ce terrain (dommages et interest), la souffrance des victimes n\u2019a pas \u00e9t\u00e9 entendue.<\/p>\n<p>Par cette d\u00e9cision extraordinaire, apparemment \u00e0 la suite d&rsquo;un changement de jurisprudence inexpliqu\u00e9 de la Cour de cassation, le cardinal a \u00e9chapp\u00e9 \u00e0 sa responsabilit\u00e9 civile. <a href=\"https:\/\/blog.fnlp.fr\/?p=617\" target=\"_blank\" rel=\"noopener noreferrer\">Plus de d\u00e9tails sur l&rsquo;affaire sont pr\u00e9sent\u00e9s dans le blog publi\u00e9 conjointement avec celui-ci.<\/a><\/p>\n<p>Le plus troublant, et \u00e0 peine croyable dans un \u00c9tat qui s&rsquo;enorgueillit de sa la\u00efcit\u00e9, est qu&rsquo;en 2020, Preynat, bien qu&rsquo;ayant reconnu les abus, a \u00e9t\u00e9 autoris\u00e9 sans explication \u00e0 sortir libre du tribunal. Pourtant, un avocat a d\u00e9clar\u00e9 qu&rsquo;il pensait que Preynat avait abus\u00e9 de 3 000 \u00e0 4 000 victimes (bien que seules huit aient t\u00e9moign\u00e9 au proc\u00e8s). Sa ruse consistait \u00e0 faire appel d\u00e8s qu&rsquo;il \u00e9tait condamn\u00e9 et, comme on pouvait s&rsquo;y attendre, \u00e0 retirer son appel apr\u00e8s avoir \u00e9t\u00e9 lib\u00e9r\u00e9 (<a href=\"https:\/\/www.lefigaro.fr\/flash-actu\/l-ex-pretre-preynat-condamne-pour-agressions-pedophiles-renonce-a-faire-appel-20201124\" target=\"_blank\" rel=\"noopener noreferrer\">voir ici<\/a>). Puis, \u00e0 la grande fureur de ses victimes, il a \u00e9chapp\u00e9 \u00e0 ne serait-ce qu\u2019un jour de prison en raison d&rsquo;une pr\u00e9tendue mauvaise sant\u00e9 <a href=\"https:\/\/www.bfmtv.com\/police-justice\/lyon-l-ex-pere-preynat-pourrait-echapper-a-la-prison-inacceptable-pour-les-victimes_AV-202101120133.html\" target=\"_blank\" rel=\"noopener noreferrer\">(voir ici)<\/a>.<\/p>\n<p>Selon les documents de l&rsquo;\u00c9glise, les membres de l&rsquo;\u00c9glise ont \u201cl&rsquo;obligation imp\u00e9rieuse de signaler [ces abus] \u00e0 la justice civile (comme tout citoyen) et \u00e0 la justice canonique\u201d. (<a href=\"https:\/\/eglise.catholique.fr\/actualites\/dossiers\/assemblee-pleniere-de-mars-2021\/514495-lutte-contre-la-pedophilie-les-resolutions-votees-par-les-eveques-de-france-en-mars-2021\/\" target=\"_blank\" rel=\"noopener noreferrer\">voir ici<\/a>)<\/p>\n<p>Pourtant, en 2017, <a href=\"https:\/\/www.mediapart.fr\/journal\/france\/200317\/vingt-cinq-eveques-ont-couvert-des-abus-sexuels?onglet=full\" target=\"_blank\" rel=\"noopener noreferrer\">le m\u00e9dia en ligne <i><b>Mediapart<\/b><\/i> a accus\u00e9 25 \u00e9v\u00eaques fran\u00e7ais nomm\u00e9s, issus de tout le pays, d&rsquo;avoir omis pendant des d\u00e9cennies de divulguer ces abus<\/a>. Les \u00e9v\u00eaques n&rsquo;ont pas ni\u00e9 ces accusations. Tr\u00e8s peu de clercs ont signal\u00e9 volontairement un abuseur cl\u00e9rical aux autorit\u00e9s (je n&rsquo;en connais qu&rsquo;un seul), du moins jusqu&rsquo;\u00e0 la d\u00e9b\u00e2cle de Barbarin.<\/p>\n<p>Il est inconcevable que de nombreux clercs n&rsquo;aient pas eu connaissance de ces abus tant ils ont \u00e9t\u00e9 nombreux. Le tr\u00e8s respect\u00e9 pr\u00e9sident de la commission d&rsquo;enqu\u00eate <b>CIASE<\/b> vient de tripler son estimation \u00e0 10 000 victimes d\u2019abus cl\u00e9ricaux en France. A mon avis, un multiple consid\u00e9rable de ce chiffre serait beaucoup plus plausible : \u00e0 10 000, un tiers du total est le fait du seul Preynat.<\/p>\n<p>L&rsquo;attitude indulgente des procureurs \u00e0 l&rsquo;\u00e9gard des eccl\u00e9siastiques qui ne respectent pas l&rsquo;obligation de signaler les abus sexuels pr\u00e9sum\u00e9s sur des mineurs est encore plus inqui\u00e9tante. Aucun procureur n&rsquo;a engag\u00e9 de poursuites \u00e0 la suite de l&rsquo;expos\u00e9 de <i><b>Mediapart<\/b><\/i>. Aucun clerc reconnu coupable n&rsquo;a jamais purg\u00e9 une peine de prison, ni m\u00eame \u00e9t\u00e9 condamn\u00e9 \u00e0 une amende, comme le pr\u00e9voit la loi. Les victimes sont trahies \u00e0 chaque instant et ces manquements favorisent directement la poursuite des abus.<\/p>\n<p>En 2018, <b>Andr\u00e9 Fort<\/b>, ancien \u00e9v\u00eaque \u00e9m\u00e9rite d&rsquo;Orl\u00e9ans, semblait se consid\u00e9rer au-dessus de la loi r\u00e9publicaine. Il a refus\u00e9 de se rendre au tribunal et a \u00e9t\u00e9 menac\u00e9 d&rsquo;un an d&#8217;emprisonnement pour d\u00e9faut de comparution et pour sa \u00ab\u00a0<i>strat\u00e9gie de fuite, d&rsquo;\u00e9touffement et de mensonges<\/i>\u00ab\u00a0. Il devient alors seulement le deuxi\u00e8me \u00e9v\u00eaque en France \u00e0 \u00eatre reconnu coupable de non-d\u00e9nonciation d\u2019abus sexuels commis par des pr\u00eatres.<\/p>\n<p><a href=\"https:\/\/www.la-croix.com\/Religion\/Le-reveil-justice-penale-ecclesiale-2021-04-14-1201150807\" target=\"_blank\" rel=\"noopener noreferrer\">Un article publi\u00e9 en avril 2021 dans <i><b>La Croix<\/b><\/i><\/a>, qui refl\u00e8te normalement la politique de l&rsquo;\u00c9glise, soul\u00e8ve de mani\u00e8re alarmante la possibilit\u00e9 que les \u00e9v\u00eaques envisagent de traiter les agressions sexuelles dans les tribunaux canoniques et d&rsquo;abandonner compl\u00e8tement les tribunaux civils.<br \/>\nLes \u00e9v\u00eaques fran\u00e7ais sont en train de cr\u00e9er un \u00ab\u00a0<i>tribunal p\u00e9nal canonique interdioc\u00e9sain<\/i>\u00a0\u00bb national apportant \u00ab\u00a0<i>une r\u00e9ponse eccl\u00e9siale aux d\u00e9lits d&rsquo;agression sexuelle<\/i>\u00a0\u00bb ainsi qu&rsquo;\u00e0 l&rsquo;annulation des mariages.<\/p>\n<p>Dans une section intitul\u00e9e \u00ab\u00a0<i>Retour historique<\/i>\u00ab\u00a0, des r\u00e9f\u00e9rences nostalgiques sont faites \u00e0 \u00ab\u00a0<i>l&rsquo;Ancien R\u00e9gime<\/i> [c&rsquo;est-\u00e0-dire l&rsquo;\u00e9poque ant\u00e9rieure \u00e0 la R\u00e9volution] <i>o\u00f9 les clercs \u00e9taient jug\u00e9s uniquement par la justice eccl\u00e9siastique<\/i>\u00a0\u00bb et au fait que \u00ab\u00a0<i>le juge est l&rsquo;\u00e9v\u00eaque<\/i>\u00a0\u00bb : [\u00e9tant] <i>le principe de base de la justice eccl\u00e9siastique.<\/i>\u00a0\u00bb (Il est clair que cela concerne les d\u00e9lits d&rsquo;agression sexuelle plut\u00f4t que l&rsquo;annulation des mariages).<\/p>\n<p>L&rsquo;appel \u00e0 l&rsquo;\u00c9glise est \u00e9vident. La peine maximale de la justice eccl\u00e9siastique est la d\u00e9froque, et il n&rsquo;y a pas de casier judiciaire &#8211; et les juges comprendront les 25 \u00e9v\u00eaques qui auraient omis de signaler les abus aux autorit\u00e9s civiles.<\/p>\n<p>L&rsquo;article de <i><b>La Croix<\/b><\/i> reconna\u00eet que certains dans les milieux eccl\u00e9siastiques voient cette \u00e9volution avec inqui\u00e9tude. \u00ab\u00a0<i>Une juge formatrice du tribunal de Lyon depuis plusieurs ann\u00e9es,<b> B\u00e9n\u00e9dicte Draillard<\/b>, ne cache pas son amertume<\/i> : \u201cCette justice a 150 ans de retard : il n&rsquo;y a pas de place pour les victimes et ce sont toujours des clercs qui jugent des clercs, c&rsquo;est un bastion du cl\u00e9ricalisme\u201d. Ses propos toucheront, je le soup\u00e7onne, la corde sensible des victimes d&rsquo;abus, si impuissantes dans les proc\u00e9dures de justice eccl\u00e9siastique.<\/p>\n<h3><span class=\"inter-titre-gris\">Organisation criminelle ?<\/span><\/h3>\n<p>Et cette ann\u00e9e, dans le cadre des abus cl\u00e9ricaux, la responsable de l&rsquo;association des moines et moniales, <b>V\u00e9ronique Margron <\/b><a href=\"https:\/\/www.nouvelobs.com\/societe\/20210221.OBS40468\/abus-sexuels-dans-l-eglise-l-indemnisation-des-victimes-toujours-dans-les-limbes.html\" target=\"_blank\" rel=\"noopener noreferrer\">(voir ici)<\/a>, dit avoir eu \u00ab\u00a0<i>l&rsquo;impression qu&rsquo;un certain nombre de dioc\u00e8ses \u00e9taient des organisations criminelles<\/i>\u00ab\u00a0. De m\u00eame, l&rsquo;ancien juge qui dirige la commission sur les abus a conclu que certains cas d&rsquo;abus \u00e9taient proches de ressembler \u00e0 \u00ab\u00a0<i>une entreprise criminelle<\/i>\u00ab\u00a0. (<a href=\"https:\/\/www.thetablet.co.uk\/news\/13928\/france-faces-hard-hitting-report-on-clerical-sexual-abuse\" target=\"_blank\" rel=\"noopener noreferrer\">voir ici<\/a>)<\/p>\n<p>Aucune des deux chambres du Parlement fran\u00e7ais n&rsquo;a pris au s\u00e9rieux cette crise croissante. Combien de temps faudra-t-il encore pour qu&rsquo;ils instituent, dans l&rsquo;int\u00e9r\u00eat des victimes, une enqu\u00eate dirig\u00e9e par un juge sur les abus commis par des clercs, proposent des am\u00e9liorations \u00e0 la loi sur le signalement obligatoire des abus et d\u00e9cident comment exiger des tribunaux, des procureurs et des autres fonctionnaires impliqu\u00e9s dans la justice qu&rsquo;ils soumettent les clercs \u00e0 la loi sans m\u00e9nagement ?<\/p>\n<p><b>Keith Porteous WOOD<\/b><\/p>\n","protected":false},"excerpt":{"rendered":"<div class=\"mh-excerpt\"><p>Avril 2021 Keith Porteous Wood est porte-parole de l&rsquo;AILP et pr\u00e9sident de la National Secular Society (Royaume-Uni). Il revient sur de nombreux exemples de religieux <a class=\"mh-excerpt-more\" href=\"https:\/\/blog.fnlp.fr\/?p=620\" title=\"Les victimes d\u2019abus cl\u00e9ricaux sont trahies. L\u2019Etat doit agir maintenant\">[&#8230;]<\/a><\/p>\n<\/div>","protected":false},"author":1,"featured_media":618,"comment_status":"closed","ping_status":"closed","sticky":false,"template":"","format":"standard","meta":{"footnotes":""},"categories":[6,57,56],"tags":[],"class_list":["post-620","post","type-post","status-publish","format-standard","has-post-thumbnail","hentry","category-anticlericalisme","category-crime-des-eglises","category-keith-porteous-wood"],"_links":{"self":[{"href":"https:\/\/blog.fnlp.fr\/index.php?rest_route=\/wp\/v2\/posts\/620","targetHints":{"allow":["GET"]}}],"collection":[{"href":"https:\/\/blog.fnlp.fr\/index.php?rest_route=\/wp\/v2\/posts"}],"about":[{"href":"https:\/\/blog.fnlp.fr\/index.php?rest_route=\/wp\/v2\/types\/post"}],"author":[{"embeddable":true,"href":"https:\/\/blog.fnlp.fr\/index.php?rest_route=\/wp\/v2\/users\/1"}],"replies":[{"embeddable":true,"href":"https:\/\/blog.fnlp.fr\/index.php?rest_route=%2Fwp%2Fv2%2Fcomments&post=620"}],"version-history":[{"count":1,"href":"https:\/\/blog.fnlp.fr\/index.php?rest_route=\/wp\/v2\/posts\/620\/revisions"}],"predecessor-version":[{"id":621,"href":"https:\/\/blog.fnlp.fr\/index.php?rest_route=\/wp\/v2\/posts\/620\/revisions\/621"}],"wp:featuredmedia":[{"embeddable":true,"href":"https:\/\/blog.fnlp.fr\/index.php?rest_route=\/wp\/v2\/media\/618"}],"wp:attachment":[{"href":"https:\/\/blog.fnlp.fr\/index.php?rest_route=%2Fwp%2Fv2%2Fmedia&parent=620"}],"wp:term":[{"taxonomy":"category","embeddable":true,"href":"https:\/\/blog.fnlp.fr\/index.php?rest_route=%2Fwp%2Fv2%2Fcategories&post=620"},{"taxonomy":"post_tag","embeddable":true,"href":"https:\/\/blog.fnlp.fr\/index.php?rest_route=%2Fwp%2Fv2%2Ftags&post=620"}],"curies":[{"name":"wp","href":"https:\/\/api.w.org\/{rel}","templated":true}]}}