{"id":633,"date":"2022-12-20T15:12:59","date_gmt":"2022-12-20T14:12:59","guid":{"rendered":"https:\/\/blog.fnlp.fr\/?p=633"},"modified":"2022-12-20T15:12:59","modified_gmt":"2022-12-20T14:12:59","slug":"un-con-qui-sadore","status":"publish","type":"post","link":"https:\/\/blog.fnlp.fr\/?p=633","title":{"rendered":"Un con qui s\u2019adore"},"content":{"rendered":"<p><span style=\"font-family: Arial, sans-serif;\"><span style=\"font-size: medium;\">On croit toujours qu\u2019il est parti, mais il revient sans cesse, comme le sparadrap du <b>Capitaine Haddock<\/b>. Il est parti \u00e0 la conqu\u00eate de la ville de Barcelone en Catalogne, comme <b>Hernan Cort\u00e9s<\/b>, le fameux Conquistador. Il est revenu comme <b>Sancho Pan\u00e7a<\/b>. Il pensait que c\u2019en \u00e9tait fini de ses d\u00e9boires.<\/span><\/span><\/p>\n<p><span style=\"color: #000000;\"><span style=\"font-family: Arial, sans-serif;\"><span style=\"font-size: medium;\">Le Tribunal de Cuentas, la Cour des comptes espagnole, a\u00a0<\/span><\/span><\/span><a href=\"https:\/\/www.lindependant.fr\/2022\/11\/27\/politique-manuel-valls-condamne-a-une-amende-de-277000-euros-pour-des-irregularites-de-financement-de-sa-campagne-des-municipales-de-barcelone-10829974.php\" target=\"_self\" rel=\"noopener noreferrer\"><span style=\"color: #000000;\"><span style=\"font-family: Arial, sans-serif;\"><span style=\"font-size: medium;\"><b>condamn\u00e9 l&rsquo;ancien Premier ministre fran\u00e7ais \u00e0 verser pr\u00e8s de 277.000 euros d&rsquo;amende<\/b><\/span><\/span><\/span><\/a><span style=\"color: #000000;\"><span style=\"font-family: Arial, sans-serif;\"><span style=\"font-size: medium;\">\u00a0pour des irr\u00e9gularit\u00e9s dans le financement de sa campagne \u00e9lectorale. Il a \u00e9t\u00e9 soutenu par les capitalistes et par l\u2019extr\u00eame-droite dans sa m\u00e9saventure \u00e9lectorale.<\/span><\/span><\/span><\/p>\n<p align=\"JUSTIFY\"><span style=\"font-family: Times New Roman, Palatino, serif;\"><span style=\"font-size: medium;\"><span style=\"color: #000000;\"><span style=\"font-family: Arial, sans-serif;\">L\u2019association qui a largement soutenu <\/span><\/span><span style=\"color: #000000;\"><span style=\"font-family: Arial, sans-serif;\"><b>Manuel Valls<\/b><\/span><\/span><span style=\"color: #000000;\"><span style=\"font-family: Arial, sans-serif;\">, <\/span><\/span><span style=\"color: #000000;\"><span style=\"font-family: Arial, sans-serif;\"><i><b>Societat Civil Catalana<\/b><\/i><\/span><\/span><span style=\"color: #000000;\"><span style=\"font-family: Arial, sans-serif;\">, durant sa campagne \u00e9lectorale \u00e0 Barcelone et interpell\u00e9 vu de France puisque plusieurs de ses membres ont des liens av\u00e9r\u00e9s avec l&rsquo;extr\u00eame-droite. C&rsquo;est le cas du businessman controvers\u00e9,\u00a0<\/span><\/span><strong class=\"western\"><span style=\"color: #000000;\"><span style=\"font-family: Arial, sans-serif;\"><b>Josep Ramon Bosch<\/b><\/span><\/span><\/strong><span style=\"color: #000000;\"><span style=\"font-family: Arial, sans-serif;\">\u00a0qui est rapidement devenu le bras droit de Manuel Valls lors de sa campagne municipale de Barcelone.<\/span><\/span><\/span><\/span><\/p>\n<p><span style=\"font-family: Arial, sans-serif;\"><span style=\"font-size: medium;\">Si jamais, le <\/span><span style=\"font-size: medium;\"><i><b>Duc\u00e9 d\u2019Evry<\/b><\/i><\/span><span style=\"font-size: medium;\"> veut revenir \u2013 \u00e0 nouveau \u2013 en politique, nous lui conseillons l\u2019Irlande, ce pays o\u00f9 est tr\u00e8s connu le fameux <\/span><span style=\"font-size: medium;\"><i><b>Con<\/b><\/i><\/span><span style=\"font-size: medium;\"> (qui) <\/span><span style=\"font-size: medium;\"><i><b>d\u00e9marra<\/b><\/i><\/span><span style=\"font-size: medium;\">.<\/span><\/span><\/p>\n<p style=\"text-align: left;\" align=\"CENTER\"><span style=\"font-family: Arial, sans-serif;\"><span style=\"font-size: large;\"><b>Marcel Kh\u00e9bir<\/b><\/span><\/span><\/p>\n","protected":false},"excerpt":{"rendered":"<div class=\"mh-excerpt\"><p>On croit toujours qu\u2019il est parti, mais il revient sans cesse, comme le sparadrap du Capitaine Haddock. Il est parti \u00e0 la conqu\u00eate de la <a class=\"mh-excerpt-more\" href=\"https:\/\/blog.fnlp.fr\/?p=633\" title=\"Un con qui s\u2019adore\">[&#8230;]<\/a><\/p>\n<\/div>","protected":false},"author":1,"featured_media":634,"comment_status":"closed","ping_status":"closed","sticky":false,"template":"","format":"standard","meta":{"footnotes":""},"categories":[15,52,8],"tags":[],"class_list":["post-633","post","type-post","status-publish","format-standard","has-post-thumbnail","hentry","category-les-ennemis-de-la-libre-pensee","category-marcel-khebir","category-politique"],"_links":{"self":[{"href":"https:\/\/blog.fnlp.fr\/index.php?rest_route=\/wp\/v2\/posts\/633","targetHints":{"allow":["GET"]}}],"collection":[{"href":"https:\/\/blog.fnlp.fr\/index.php?rest_route=\/wp\/v2\/posts"}],"about":[{"href":"https:\/\/blog.fnlp.fr\/index.php?rest_route=\/wp\/v2\/types\/post"}],"author":[{"embeddable":true,"href":"https:\/\/blog.fnlp.fr\/index.php?rest_route=\/wp\/v2\/users\/1"}],"replies":[{"embeddable":true,"href":"https:\/\/blog.fnlp.fr\/index.php?rest_route=%2Fwp%2Fv2%2Fcomments&post=633"}],"version-history":[{"count":1,"href":"https:\/\/blog.fnlp.fr\/index.php?rest_route=\/wp\/v2\/posts\/633\/revisions"}],"predecessor-version":[{"id":635,"href":"https:\/\/blog.fnlp.fr\/index.php?rest_route=\/wp\/v2\/posts\/633\/revisions\/635"}],"wp:featuredmedia":[{"embeddable":true,"href":"https:\/\/blog.fnlp.fr\/index.php?rest_route=\/wp\/v2\/media\/634"}],"wp:attachment":[{"href":"https:\/\/blog.fnlp.fr\/index.php?rest_route=%2Fwp%2Fv2%2Fmedia&parent=633"}],"wp:term":[{"taxonomy":"category","embeddable":true,"href":"https:\/\/blog.fnlp.fr\/index.php?rest_route=%2Fwp%2Fv2%2Fcategories&post=633"},{"taxonomy":"post_tag","embeddable":true,"href":"https:\/\/blog.fnlp.fr\/index.php?rest_route=%2Fwp%2Fv2%2Ftags&post=633"}],"curies":[{"name":"wp","href":"https:\/\/api.w.org\/{rel}","templated":true}]}}