{"id":9,"date":"2017-10-10T10:43:54","date_gmt":"2017-10-10T08:43:54","guid":{"rendered":"https:\/\/blog.fnlp.fr\/?p=9"},"modified":"2020-01-06T20:09:38","modified_gmt":"2020-01-06T19:09:38","slug":"la-libre-pensee-a-bien-merite-de-la-haine-des-clericaux-et-de-valeurs-actuelles-du-petainisme","status":"publish","type":"post","link":"https:\/\/blog.fnlp.fr\/?p=9","title":{"rendered":"La Libre Pens\u00e9e a bien m\u00e9rit\u00e9 de la haine des cl\u00e9ricaux et de Valeurs actuelles du P\u00e9tainisme"},"content":{"rendered":"<h5><img loading=\"lazy\" decoding=\"async\" class=\"size-full wp-image-52 alignleft\" src=\"https:\/\/blog.fnlp.fr\/wp-content\/uploads\/2017\/10\/29346274347_15990a2431_q.jpg\" alt=\"\" width=\"150\" height=\"150\" \/>par Christian Eyschen<\/h5>\n<p>Ce monde inquiet sent la folie m\u00e9diatique. Depuis quelques temps, c\u2019est un v\u00e9ritable d\u00e9luge d\u2019absurdit\u00e9s qui se d\u00e9verse \u00e0 flots continus contre <strong>la F\u00e9d\u00e9ration nationale de la Libre Pens\u00e9e<\/strong>.<\/p>\n<h3>Le crime de la Libre Pens\u00e9e : d\u00e9fendre la loi la\u00efque de 1905 !<\/h3>\n<p><strong>La Libre Pens\u00e9e<\/strong> d\u00e9fend le principe de <strong>S\u00e9paration des Eglises et de l\u2019Etat<\/strong> qui fait de la religion une affaire priv\u00e9e. Pour cela, elle s\u2019appuie sur les lois r\u00e9publicaines qui ont codifi\u00e9 la la\u00efcit\u00e9 dans notre pays. Ces lois ont permis une relative paix civile depuis plus de cent ans dans notre soci\u00e9t\u00e9.<\/p>\n<p>Et de l\u2019installation de cr\u00e8ches dans les mairies et Conseils d\u00e9partementaux, de <em><strong>Vierge Marie<\/strong><\/em> sur les emplacements publics, de croix chr\u00e9tiennes \u00e0 l\u2019entr\u00e9e de nouveaux cimeti\u00e8res et de gigantesque croix \u00e0 Plo\u00ebrmel, <strong>la Libre Pens\u00e9e<\/strong> saisit sans rel\u00e2che la juridiction administrative pour faire respecter le Droit. Et elle gagne et gagnera de plus en plus et \u00e0 tous les niveaux.<\/p>\n<p>Le point de d\u00e9part de la volont\u00e9 de cl\u00e9ricaliser \u00e0 nouveau l\u2019espace public ne date pas de 2 000 ans, comme de \u00ab bonnes \u00e2mes \u00bb nous le pr\u00eachent partout, mais de la pri\u00e8re du 15 ao\u00fbt 2012 o\u00f9 le cardinal <strong>Andr\u00e9 Vingt-Trois<\/strong> a appel\u00e9 les catholiques \u00e0 faire pression sur les <strong>\u00c9lus de la R\u00e9publique<\/strong> pour qu\u2019ils suivent les pr\u00e9ceptes de l\u2019\u00c9glise catholique :<\/p>\n<ol>\n<li>\u00ab<em> En ces temps de crise \u00e9conomique, beaucoup de nos concitoyens sont victimes de restrictions diverses et voient l\u2019avenir avec inqui\u00e9tude ; <strong>prions pour celles et ceux qui ont des pouvoirs de d\u00e9cision dans ce domaine<\/strong> et demandons \u00e0 Dieu qu\u2019il nous rende plus g\u00e9n\u00e9reux encore dans la solidarit\u00e9 avec nos semblables.<\/em><\/li>\n<li><em><strong>Pour celles et ceux qui ont \u00e9t\u00e9 r\u00e9cemment \u00e9lus pour l\u00e9gif\u00e9rer et gouverner ; que leur sens du bien commun de la soci\u00e9t\u00e9 l\u2019emporte sur les requ\u00eates particuli\u00e8res et qu\u2019ils aient la force de suivre les indications de leur conscience.<\/strong> <\/em>\u00bb<\/li>\n<\/ol>\n<p>C\u2019est \u00e0 ce moment-l\u00e0 que la d\u00e9cision de cl\u00e9ricaliser \u00e0 nouveau la soci\u00e9t\u00e9 et les institutions a \u00e9t\u00e9 prise et que la question de la pr\u00e9sence des signes religieux dans l\u2019espace public a commenc\u00e9 \u00e0 \u00eatre pos\u00e9e.<\/p>\n<h3>Le Guinness des records de la sottise cl\u00e9ricale<\/h3>\n<p><img loading=\"lazy\" decoding=\"async\" class=\" wp-image-13 alignleft\" src=\"https:\/\/blog.fnlp.fr\/wp-content\/uploads\/2020\/01\/Loi-1905-283x300-1.jpg\" alt=\"\" width=\"135\" height=\"143\" \/>Il serait bien difficile de d\u00e9cerner un <strong>G\u00e9rard<\/strong> \u00e0 la d\u00e9claration la plus idiote contre la Libre Pens\u00e9e. Comment d\u00e9partager <strong>Christine Boutin, Nadine Morano, Laurent Wauquiez, Marine Le Pen, Jean-Pierre Raffarin, Alain Escada<\/strong> dans leurs d\u00e9lires ?<br \/>\nOn nous accuse de vouloir \u00e9radiquer les croix, les calvaires, les \u00e9glises, les couvents, les presbyt\u00e8res, etc\u2026 Pas moins. La Libre Pens\u00e9e, c\u2019est <strong>Attila<\/strong> et <strong>Gengis Kahn<\/strong> r\u00e9unis, avec les <strong>Vikings<\/strong> comme auxiliaires. Pour en juger, il suffit de consulter la rubrique du site internet de la Libre Pens\u00e9e o\u00f9 nous avons mis quelques-uns des articles les plus \u00e9difiants et sid\u00e9rants : <a href=\"https:\/\/www.fnlp.fr\/wordpress\/2015\/05\/03\/nouvelle-victoire-de-la-libre-pensee-le-tribunal-administratif-de-rennes-ordonne-le-deplacement-du-monument-jean-paul-ii-et-sa-croix-qui-sont-sur-une-place-publique-de-ploermel\/\">victoire de la Libre Pens\u00e9e \u00e0 Ploermel<\/a><\/p>\n<p>La Libre Pens\u00e9e ne demande que l\u2019application de l\u2019<strong>Article 28 de la loi de 1905<\/strong> qui interdit <strong>\u00e0 l\u2019avenir<\/strong> (donc apr\u00e8s 1905) d\u2019apposer des signes religieux dans les \u00e9difices et emplacements publics. Il ne s\u2019agit donc pas de faire tabula rasa du patrimoine religieux dans le pays. Toute affirmation contraire est mensong\u00e8re. Le d\u00e9lire est tel que <strong>Jean-Marc Sauv<\/strong>\u00e9, vice-Pr\u00e9sident du <strong>Conseil d\u2019Etat<\/strong> a \u00e9t\u00e9 amen\u00e9 \u00e0 s\u2019exprimer dans la <a href=\"https:\/\/www.la-croix.com\/Journal\/Notre-pacte-social-contient-principe-fondamental-laicite-2017-11-09-1100890579\" target=\"_blank\" rel=\"noopener noreferrer\"><em><strong>Croix du 8 novembre 2017<\/strong><\/em><\/a> pour indiquer que la d\u00e9cision de la plus haute juridiction administrative de la R\u00e9publique n\u2019avait fait que dire le Droit en mati\u00e8re de la\u00efcit\u00e9. Pas moins, pas plus.<\/p>\n<p>Les chiens de la haine tirent sur leurs laisses en montrant les crocs. \u00ab\u00a0<em><strong>A la niche les aboyeurs de Dieu<\/strong><\/em> \u00ab\u00a0disait d\u00e9j\u00e0 <strong>Andr\u00e9 Breton<\/strong>, en son temps. Les cl\u00e9ricaux en font trop comme toujours, et c\u2019est ce qui les perd \u00e0 chaque fois.<\/p>\n<p>Les r\u00e9actionnaires d\u2019extr\u00eame-droite de droite comme de gauche, tr\u00e8s souvent x\u00e9nophobes, devront s\u2019y faire : <strong>La R\u00e9publique est la\u00efque et elle le restera<\/strong>. Elle n\u2019est ni catholique, ni protestante, ni juive, ni musulmane, ni bouddhiste, ni ath\u00e9e, ni libre penseuse. Elle est le bien de tous et n\u2019appartient donc \u00e0 aucune religion.<\/p>\n<h3>Qu\u2019y a-t-il donc derri\u00e8re toute cette op\u00e9ration d\u2019intoxication cl\u00e9ricale ?<\/h3>\n<p>Il est clair qu\u2019il y a une volont\u00e9 d\u2019instrumentaliser la question religieuse dans le d\u00e9bat public et de pousser l\u2019Eglise catholique \u00e0 aller plus loin dans le combat contre les musulmans. En effet, tous ceux qui exigent une stricte application de la la\u00efcit\u00e9 pour tous et partout dans la sph\u00e8re publique sans aucune distinction de religion, sont accus\u00e9s d\u2019\u00eatre des \u00ab complices \u00bb des terroristes islamistes, des \u00ab <em>idiots utiles<\/em> \u00bb, des \u00ab <em>islamo-gauchistes<\/em> \u00bb. <strong>On voudrait pr\u00e9parer la guerre civile et de futurs pogromes, qu\u2019on ne s\u2019y prendrait pas autrement.<\/strong><\/p>\n<blockquote><p>Le cl\u00e9ricalisme, c\u2019est quand la religion veut dicter sa loi au politique ; le cl\u00e9ricalisme, c\u2019est aussi quand des politiques veulent instrumentaliser la religion \u00e0 leur profit. Dans les deux cas, c\u2019est une atteinte \u00e0 la la\u00efcit\u00e9 de la R\u00e9publique.<\/p><\/blockquote>\n<p>Le fond de l\u2019abjection a \u00e9t\u00e9 atteint quand l\u2019hebdomadaire Valeurs actuelles a qualifi\u00e9 la <strong>Libre Pens\u00e9e<\/strong> \u00ab <em>d\u2019assassins de la m\u00e9moire<\/em> \u00bb. Le terme n\u2019a pas \u00e9t\u00e9 employ\u00e9 par hasard. Il rappelle celui d\u2019<strong>Hannah Arendt<\/strong> , reporter au proc\u00e8s d<strong>\u2019Adolf Eichmann<\/strong> en Isra\u00ebl en 1961-1962. Se faire traiter de \u00ab<em>Eichmann<\/em> \u00bb par des nostalgiques du P\u00e9tainisme doit relever de l\u2019acte manqu\u00e9.<\/p>\n<p>Nous attendons avec une curiosit\u00e9 r\u00e9elle pour voir qui va d\u00e9fendre la <strong>Libre Pens\u00e9e<\/strong> contre de tels propos qui ne sont que des menaces d\u00e9guis\u00e9es. En 2015, notre camarade <strong>Pierrik Le Guennec<\/strong> avait eu droit \u00e0 cette publication (ci-dessous) sur un site d\u2019extr\u00eame-droite bretonnante, apr\u00e8s que le Tribunal Administratif de Rennes ait jug\u00e9 que la statue de <strong>Jean-Paul II<\/strong> \u00e0 Plo\u00ebrmel devait suivre sa croix hors de tout emplacement public. L\u2019auteur de ce texte antis\u00e9mite a \u00e9t\u00e9 lourdement condamn\u00e9 par les tribunaux.<\/p>\n<p><img loading=\"lazy\" decoding=\"async\" class=\"wp-image-12 aligncenter\" src=\"https:\/\/blog.fnlp.fr\/wp-content\/uploads\/2020\/01\/breizatao.com_-300x181.jpg\" alt=\"\" width=\"418\" height=\"252\" \/><\/p>\n<p>Nous verrons bien si les \u00ab pieuses \u00e2mes \u00bb, de droite comme de gauche, qui s\u2019affolent pour d\u2019autres \u00e0 la premi\u00e8re menace, auront \u00e0 c\u0153ur de d\u00e9fendre la <strong>Libre Pens\u00e9e<\/strong> dans cette affaire.<\/p>\n<h3>Sinon, pourquoi alors ce silence coupable ?<\/h3>\n<p>La <strong>R\u00e9action<\/strong> a d\u00e9sign\u00e9 son v\u00e9ritable adversaire : la <strong>F\u00e9d\u00e9ration nationale de la Libre Pens\u00e9e<\/strong> qui la contrarie dans sa volont\u00e9 de subvertir la la\u00efcit\u00e9 pour en faire un instrument de la chasse \u00e0 l\u2019homme de tous ceux qui ne sont pas \u00ab <em>religieusement, politiquement, socialement, ethniquement<\/em> \u00bb corrects. Il faut diviser la classe ouvri\u00e8re et tous ceux qui s\u2019opposent aux actions n\u00e9fastes de la R\u00e9action. L\u2019application des plans du <strong>FMI<\/strong>, de la <strong>Banque mondiale<\/strong> et de l\u2019<strong>Union europ\u00e9enne<\/strong> est \u00e0 ce prix.<\/p>\n<p>Paris, le 10 novembre 2017<\/p>\n","protected":false},"excerpt":{"rendered":"<div class=\"mh-excerpt\"><p>par Christian Eyschen Ce monde inquiet sent la folie m\u00e9diatique. Depuis quelques temps, c\u2019est un v\u00e9ritable d\u00e9luge d\u2019absurdit\u00e9s qui se d\u00e9verse \u00e0 flots continus contre <a class=\"mh-excerpt-more\" href=\"https:\/\/blog.fnlp.fr\/?p=9\" title=\"La Libre Pens\u00e9e a bien m\u00e9rit\u00e9 de la haine des cl\u00e9ricaux et de Valeurs actuelles du P\u00e9tainisme\">[&#8230;]<\/a><\/p>\n<\/div>","protected":false},"author":1,"featured_media":11,"comment_status":"closed","ping_status":"closed","sticky":false,"template":"","format":"standard","meta":{"footnotes":""},"categories":[6,14,3],"tags":[],"class_list":["post-9","post","type-post","status-publish","format-standard","has-post-thumbnail","hentry","category-anticlericalisme","category-christian-eyschen","category-laicite"],"_links":{"self":[{"href":"https:\/\/blog.fnlp.fr\/index.php?rest_route=\/wp\/v2\/posts\/9","targetHints":{"allow":["GET"]}}],"collection":[{"href":"https:\/\/blog.fnlp.fr\/index.php?rest_route=\/wp\/v2\/posts"}],"about":[{"href":"https:\/\/blog.fnlp.fr\/index.php?rest_route=\/wp\/v2\/types\/post"}],"author":[{"embeddable":true,"href":"https:\/\/blog.fnlp.fr\/index.php?rest_route=\/wp\/v2\/users\/1"}],"replies":[{"embeddable":true,"href":"https:\/\/blog.fnlp.fr\/index.php?rest_route=%2Fwp%2Fv2%2Fcomments&post=9"}],"version-history":[{"count":6,"href":"https:\/\/blog.fnlp.fr\/index.php?rest_route=\/wp\/v2\/posts\/9\/revisions"}],"predecessor-version":[{"id":72,"href":"https:\/\/blog.fnlp.fr\/index.php?rest_route=\/wp\/v2\/posts\/9\/revisions\/72"}],"wp:featuredmedia":[{"embeddable":true,"href":"https:\/\/blog.fnlp.fr\/index.php?rest_route=\/wp\/v2\/media\/11"}],"wp:attachment":[{"href":"https:\/\/blog.fnlp.fr\/index.php?rest_route=%2Fwp%2Fv2%2Fmedia&parent=9"}],"wp:term":[{"taxonomy":"category","embeddable":true,"href":"https:\/\/blog.fnlp.fr\/index.php?rest_route=%2Fwp%2Fv2%2Fcategories&post=9"},{"taxonomy":"post_tag","embeddable":true,"href":"https:\/\/blog.fnlp.fr\/index.php?rest_route=%2Fwp%2Fv2%2Ftags&post=9"}],"curies":[{"name":"wp","href":"https:\/\/api.w.org\/{rel}","templated":true}]}}